{"id":1391,"date":"2023-07-24T17:43:23","date_gmt":"2023-07-24T17:43:23","guid":{"rendered":"https:\/\/ccpa.com.br\/?p=1391"},"modified":"2023-07-24T17:51:39","modified_gmt":"2023-07-24T17:51:39","slug":"felipe-bezerra-aluno-do-5o-ano-b-do-ccpa-e-selecionado-para-testes-no-flamengo","status":"publish","type":"post","link":"https:\/\/webdesign.freshlab.com.br\/ccpa\/felipe-bezerra-aluno-do-5o-ano-b-do-ccpa-e-selecionado-para-testes-no-flamengo\/","title":{"rendered":"Felipe Bezerra, aluno do 5\u00ba ano B do CCPA, \u00e9 selecionado para testes no Flamengo"},"content":{"rendered":"\n<p>O atleta e aluno do 5\u00ba ano B do CCPA, Felipe Bezerra, de 10 anos, foi selecionado para a realiza\u00e7\u00e3o de testes no Clube de Regatas do Flamengo. O convite surgiu ap\u00f3s a brilhante participa\u00e7\u00e3o de Felipe&nbsp; com a equipe Del Rey, no Campeonato Brasileiro de Fut 7, que aconteceu de 14 a 16, na cidade de Macei\u00f3 (AL). Com atua\u00e7\u00e3o da lateral esquerda no campo, o atleta se destaca nos treinos e jogos escolares, demonstrando uma habilidade admir\u00e1vel na pr\u00e1tica esportiva.&nbsp;<\/p>\n\n\n\n<p>\u201cEle \u00e9 um atleta bastante dedicado, esfor\u00e7ado e que tem todo o apoio da fam\u00edlia no aprimoramento do talento que possui em campo. Desde quando iniciamos os treinos, percebemos que ele \u00e9 um atleta fora de s\u00e9rie, com habilidades impressionantes. Por ser canhoto, ele j\u00e1 tem lugar de destaque e vai al\u00e9m se sobressaindo. Enquanto professor de Futsal do CCPA, estou muito orgulhoso e feliz pela conquista dele, torcendo e sabendo que ele vai celebrar muitas outras vit\u00f3rias\u201d, afirma o professor Maur\u00edcio Jr.&nbsp;<\/p>\n\n\n\n<p>O pai Averc\u00edlio Bezerra da Silva Neto e a m\u00e3e Carolina Ribeiro Alves Bezerra s\u00e3o s\u00f3 felicidade e orgulho do atleta. \u201cEstamos em \u00eaxtase com essa conquista dele, e ainda surpresos em lidar com a situa\u00e7\u00e3o, mas bem felizes. N\u00e3o imagin\u00e1vamos que a participa\u00e7\u00e3o dele no Campeonato Brasileiro Fut7 deste ano nos traria essa oportunidade. Ele \u00e9 bicampe\u00e3o nessa competi\u00e7\u00e3o, e neste ano participou na categoria sub11, sendo que ele \u00e9 sub10, e na condi\u00e7\u00e3o de reserva. Ele n\u00e3o \u00e9 titular da equipe DelRey e fez uma linda presen\u00e7a em campo. Ali\u00e1s, o DelRey fez uma das melhores campanhas e eu s\u00f3 tenho a agradecer a todos os envolvidos nesta conquista. Dedico, especialmente, ao professor Maur\u00edcio do CCP, pois ele atua na forma\u00e7\u00e3o do meu filho muito al\u00e9m da atividade de atleta.&nbsp; Agrade\u00e7o ainda aos professores do DelRey, Biden Power e professor Beno\u201d, afirma Averc\u00edlio Neto, que foi aluno do CCPA.&nbsp;<\/p>\n\n\n\n<p>Para a m\u00e3e Carolina, o filho est\u00e1 apenas iniciando uma trajet\u00f3ria de sucesso. \u201cEle sabe o que quer, est\u00e1 feliz e acreditamos que tudo isso \u00e9 s\u00f3 o come\u00e7o dessa jornada de atleta que ele deseja seguir. Ele est\u00e1 empolgado e se dedicando ainda mais aos treinos. Acreditamos no potencial dele e ficamos radiantes com tudo isso que est\u00e1 acontecendo\u201d, declara.<\/p>\n\n\n\n<p><mark style=\"background-color:rgba(0, 0, 0, 0)\" class=\"has-inline-color has-white-color\">.<\/mark><\/p>\n\n\n\n<p><mark style=\"background-color:rgba(0, 0, 0, 0)\" class=\"has-inline-color has-white-color\">.<\/mark><\/p>\n\n\n\n<p><\/p>\n\n\n\n<p><\/p>\n\n\n\n<p><\/p>\n\n\n\n<p><\/p>\n","protected":false},"excerpt":{"rendered":"<p>O atleta e aluno do 5\u00ba ano B do CCPA, Felipe Bezerra, de 10 anos, foi selecionado para a realiza\u00e7\u00e3o de testes no Clube de Regatas do Flamengo. O convite surgiu ap\u00f3s a brilhante participa\u00e7\u00e3o de Felipe&nbsp; com a equipe Del Rey, no Campeonato Brasileiro de Fut 7, que aconteceu de 14 a 16, na [&hellip;]<\/p>\n","protected":false},"author":2,"featured_media":1394,"comment_status":"closed","ping_status":"closed","sticky":false,"template":"","format":"standard","meta":{"inline_featured_image":false,"footnotes":""},"categories":[11,12],"tags":[29,15,14,22],"class_list":["post-1391","post","type-post","status-publish","format-standard","has-post-thumbnail","hentry","category-ensino-fundamental","category-esportes","tag-atleta","tag-ccpa","tag-colegioccpa","tag-esportes"],"acf":[],"yoast_head":"<!-- This site is optimized with the Yoast SEO plugin v27.3 - https:\/\/yoast.com\/product\/yoast-seo-wordpress\/ -->\n<title>Felipe Bezerra, aluno do 5\u00ba ano B do CCPA, \u00e9 selecionado para testes no Flamengo - Col\u00e9gio CCPA<\/title>\n<meta name=\"robots\" content=\"index, follow, max-snippet:-1, max-image-preview:large, max-video-preview:-1\" \/>\n<link rel=\"canonical\" href=\"https:\/\/webdesign.freshlab.com.br\/ccpa\/felipe-bezerra-aluno-do-5o-ano-b-do-ccpa-e-selecionado-para-testes-no-flamengo\/\" \/>\n<meta property=\"og:locale\" content=\"pt_BR\" \/>\n<meta property=\"og:type\" content=\"article\" \/>\n<meta property=\"og:title\" content=\"Felipe Bezerra, aluno do 5\u00ba ano B do CCPA, \u00e9 selecionado para testes no Flamengo - Col\u00e9gio CCPA\" \/>\n<meta property=\"og:description\" content=\"O atleta e aluno do 5\u00ba ano B do CCPA, Felipe Bezerra, de 10 anos, foi selecionado para a realiza\u00e7\u00e3o de testes no Clube de Regatas do Flamengo. O convite surgiu ap\u00f3s a brilhante participa\u00e7\u00e3o de Felipe&nbsp; com a equipe Del Rey, no Campeonato Brasileiro de Fut 7, que aconteceu de 14 a 16, na [&hellip;]\" \/>\n<meta property=\"og:url\" content=\"https:\/\/webdesign.freshlab.com.br\/ccpa\/felipe-bezerra-aluno-do-5o-ano-b-do-ccpa-e-selecionado-para-testes-no-flamengo\/\" \/>\n<meta property=\"og:site_name\" content=\"Col\u00e9gio CCPA\" \/>\n<meta property=\"article:publisher\" content=\"https:\/\/www.facebook.com\/colegioccpa\" \/>\n<meta property=\"article:published_time\" content=\"2023-07-24T17:43:23+00:00\" \/>\n<meta property=\"article:modified_time\" content=\"2023-07-24T17:51:39+00:00\" \/>\n<meta property=\"og:image\" content=\"https:\/\/webdesign.freshlab.com.br\/ccpa\/wp-content\/uploads\/2023\/07\/futebol_flamengo01.jpg\" \/>\n\t<meta property=\"og:image:width\" content=\"900\" \/>\n\t<meta property=\"og:image:height\" content=\"513\" \/>\n\t<meta property=\"og:image:type\" content=\"image\/jpeg\" \/>\n<meta name=\"author\" content=\"CCPA\" \/>\n<meta name=\"twitter:card\" content=\"summary_large_image\" \/>\n<meta name=\"twitter:creator\" content=\"@colegio_ccpa\" \/>\n<meta name=\"twitter:site\" content=\"@colegio_ccpa\" \/>\n<meta name=\"twitter:label1\" content=\"Written by\" \/>\n\t<meta name=\"twitter:data1\" content=\"CCPA\" \/>\n\t<meta name=\"twitter:label2\" content=\"Est. reading time\" \/>\n\t<meta name=\"twitter:data2\" content=\"3 minutos\" \/>\n<script type=\"application\/ld+json\" class=\"yoast-schema-graph\">{\"@context\":\"https:\\\/\\\/schema.org\",\"@graph\":[{\"@type\":\"Article\",\"@id\":\"https:\\\/\\\/webdesign.freshlab.com.br\\\/ccpa\\\/felipe-bezerra-aluno-do-5o-ano-b-do-ccpa-e-selecionado-para-testes-no-flamengo\\\/#article\",\"isPartOf\":{\"@id\":\"https:\\\/\\\/webdesign.freshlab.com.br\\\/ccpa\\\/felipe-bezerra-aluno-do-5o-ano-b-do-ccpa-e-selecionado-para-testes-no-flamengo\\\/\"},\"author\":{\"name\":\"CCPA\",\"@id\":\"https:\\\/\\\/webdesign.freshlab.com.br\\\/ccpa\\\/#\\\/schema\\\/person\\\/db9da95383a87dd69dbcbc5948003d13\"},\"headline\":\"Felipe Bezerra, aluno do 5\u00ba ano B do CCPA, \u00e9 selecionado para testes no Flamengo\",\"datePublished\":\"2023-07-24T17:43:23+00:00\",\"dateModified\":\"2023-07-24T17:51:39+00:00\",\"mainEntityOfPage\":{\"@id\":\"https:\\\/\\\/webdesign.freshlab.com.br\\\/ccpa\\\/felipe-bezerra-aluno-do-5o-ano-b-do-ccpa-e-selecionado-para-testes-no-flamengo\\\/\"},\"wordCount\":417,\"publisher\":{\"@id\":\"https:\\\/\\\/webdesign.freshlab.com.br\\\/ccpa\\\/#organization\"},\"image\":{\"@id\":\"https:\\\/\\\/webdesign.freshlab.com.br\\\/ccpa\\\/felipe-bezerra-aluno-do-5o-ano-b-do-ccpa-e-selecionado-para-testes-no-flamengo\\\/#primaryimage\"},\"thumbnailUrl\":\"https:\\\/\\\/webdesign.freshlab.com.br\\\/ccpa\\\/wp-content\\\/uploads\\\/2023\\\/07\\\/futebol_flamengo01.jpg\",\"keywords\":[\"atleta\",\"ccpa\",\"colegioccpa\",\"esportes\"],\"articleSection\":[\"Ensino Fundamental\",\"Esportes\"],\"inLanguage\":\"pt-BR\"},{\"@type\":\"WebPage\",\"@id\":\"https:\\\/\\\/webdesign.freshlab.com.br\\\/ccpa\\\/felipe-bezerra-aluno-do-5o-ano-b-do-ccpa-e-selecionado-para-testes-no-flamengo\\\/\",\"url\":\"https:\\\/\\\/webdesign.freshlab.com.br\\\/ccpa\\\/felipe-bezerra-aluno-do-5o-ano-b-do-ccpa-e-selecionado-para-testes-no-flamengo\\\/\",\"name\":\"Felipe Bezerra, aluno do 5\u00ba ano B do CCPA, \u00e9 selecionado para testes no Flamengo - Col\u00e9gio CCPA\",\"isPartOf\":{\"@id\":\"https:\\\/\\\/webdesign.freshlab.com.br\\\/ccpa\\\/#website\"},\"primaryImageOfPage\":{\"@id\":\"https:\\\/\\\/webdesign.freshlab.com.br\\\/ccpa\\\/felipe-bezerra-aluno-do-5o-ano-b-do-ccpa-e-selecionado-para-testes-no-flamengo\\\/#primaryimage\"},\"image\":{\"@id\":\"https:\\\/\\\/webdesign.freshlab.com.br\\\/ccpa\\\/felipe-bezerra-aluno-do-5o-ano-b-do-ccpa-e-selecionado-para-testes-no-flamengo\\\/#primaryimage\"},\"thumbnailUrl\":\"https:\\\/\\\/webdesign.freshlab.com.br\\\/ccpa\\\/wp-content\\\/uploads\\\/2023\\\/07\\\/futebol_flamengo01.jpg\",\"datePublished\":\"2023-07-24T17:43:23+00:00\",\"dateModified\":\"2023-07-24T17:51:39+00:00\",\"breadcrumb\":{\"@id\":\"https:\\\/\\\/webdesign.freshlab.com.br\\\/ccpa\\\/felipe-bezerra-aluno-do-5o-ano-b-do-ccpa-e-selecionado-para-testes-no-flamengo\\\/#breadcrumb\"},\"inLanguage\":\"pt-BR\",\"potentialAction\":[{\"@type\":\"ReadAction\",\"target\":[\"https:\\\/\\\/webdesign.freshlab.com.br\\\/ccpa\\\/felipe-bezerra-aluno-do-5o-ano-b-do-ccpa-e-selecionado-para-testes-no-flamengo\\\/\"]}]},{\"@type\":\"ImageObject\",\"inLanguage\":\"pt-BR\",\"@id\":\"https:\\\/\\\/webdesign.freshlab.com.br\\\/ccpa\\\/felipe-bezerra-aluno-do-5o-ano-b-do-ccpa-e-selecionado-para-testes-no-flamengo\\\/#primaryimage\",\"url\":\"https:\\\/\\\/webdesign.freshlab.com.br\\\/ccpa\\\/wp-content\\\/uploads\\\/2023\\\/07\\\/futebol_flamengo01.jpg\",\"contentUrl\":\"https:\\\/\\\/webdesign.freshlab.com.br\\\/ccpa\\\/wp-content\\\/uploads\\\/2023\\\/07\\\/futebol_flamengo01.jpg\",\"width\":900,\"height\":513},{\"@type\":\"BreadcrumbList\",\"@id\":\"https:\\\/\\\/webdesign.freshlab.com.br\\\/ccpa\\\/felipe-bezerra-aluno-do-5o-ano-b-do-ccpa-e-selecionado-para-testes-no-flamengo\\\/#breadcrumb\",\"itemListElement\":[{\"@type\":\"ListItem\",\"position\":1,\"name\":\"In\u00edcio\",\"item\":\"https:\\\/\\\/webdesign.freshlab.com.br\\\/ccpa\\\/\"},{\"@type\":\"ListItem\",\"position\":2,\"name\":\"Felipe Bezerra, aluno do 5\u00ba ano B do CCPA, \u00e9 selecionado para testes no Flamengo\"}]},{\"@type\":\"WebSite\",\"@id\":\"https:\\\/\\\/webdesign.freshlab.com.br\\\/ccpa\\\/#website\",\"url\":\"https:\\\/\\\/webdesign.freshlab.com.br\\\/ccpa\\\/\",\"name\":\"Col\u00e9gio CCPA\",\"description\":\"\",\"publisher\":{\"@id\":\"https:\\\/\\\/webdesign.freshlab.com.br\\\/ccpa\\\/#organization\"},\"potentialAction\":[{\"@type\":\"SearchAction\",\"target\":{\"@type\":\"EntryPoint\",\"urlTemplate\":\"https:\\\/\\\/webdesign.freshlab.com.br\\\/ccpa\\\/?s={search_term_string}\"},\"query-input\":{\"@type\":\"PropertyValueSpecification\",\"valueRequired\":true,\"valueName\":\"search_term_string\"}}],\"inLanguage\":\"pt-BR\"},{\"@type\":\"Organization\",\"@id\":\"https:\\\/\\\/webdesign.freshlab.com.br\\\/ccpa\\\/#organization\",\"name\":\"Col\u00e9gio CCPA\",\"url\":\"https:\\\/\\\/webdesign.freshlab.com.br\\\/ccpa\\\/\",\"logo\":{\"@type\":\"ImageObject\",\"inLanguage\":\"pt-BR\",\"@id\":\"https:\\\/\\\/webdesign.freshlab.com.br\\\/ccpa\\\/#\\\/schema\\\/logo\\\/image\\\/\",\"url\":\"https:\\\/\\\/webdesign.freshlab.com.br\\\/ccpa\\\/wp-content\\\/uploads\\\/2022\\\/11\\\/logo.svg\",\"contentUrl\":\"https:\\\/\\\/webdesign.freshlab.com.br\\\/ccpa\\\/wp-content\\\/uploads\\\/2022\\\/11\\\/logo.svg\",\"width\":147,\"height\":38,\"caption\":\"Col\u00e9gio CCPA\"},\"image\":{\"@id\":\"https:\\\/\\\/webdesign.freshlab.com.br\\\/ccpa\\\/#\\\/schema\\\/logo\\\/image\\\/\"},\"sameAs\":[\"https:\\\/\\\/www.facebook.com\\\/colegioccpa\",\"https:\\\/\\\/x.com\\\/colegio_ccpa\",\"https:\\\/\\\/www.tiktok.com\\\/@colegioccpa\",\"https:\\\/\\\/www.instagram.com\\\/colegio_ccpa\\\/\",\"https:\\\/\\\/www.linkedin.com\\\/company\\\/colgio-ccpa\",\"https:\\\/\\\/www.youtube.com\\\/user\\\/colegioccpa\"]},{\"@type\":\"Person\",\"@id\":\"https:\\\/\\\/webdesign.freshlab.com.br\\\/ccpa\\\/#\\\/schema\\\/person\\\/db9da95383a87dd69dbcbc5948003d13\",\"name\":\"CCPA\",\"url\":\"https:\\\/\\\/webdesign.freshlab.com.br\\\/ccpa\\\/author\\\/ccpa\\\/\"}]}<\/script>\n<!-- \/ Yoast SEO plugin. -->","yoast_head_json":{"title":"Felipe Bezerra, aluno do 5\u00ba ano B do CCPA, \u00e9 selecionado para testes no Flamengo - Col\u00e9gio CCPA","robots":{"index":"index","follow":"follow","max-snippet":"max-snippet:-1","max-image-preview":"max-image-preview:large","max-video-preview":"max-video-preview:-1"},"canonical":"https:\/\/webdesign.freshlab.com.br\/ccpa\/felipe-bezerra-aluno-do-5o-ano-b-do-ccpa-e-selecionado-para-testes-no-flamengo\/","og_locale":"pt_BR","og_type":"article","og_title":"Felipe Bezerra, aluno do 5\u00ba ano B do CCPA, \u00e9 selecionado para testes no Flamengo - Col\u00e9gio CCPA","og_description":"O atleta e aluno do 5\u00ba ano B do CCPA, Felipe Bezerra, de 10 anos, foi selecionado para a realiza\u00e7\u00e3o de testes no Clube de Regatas do Flamengo. O convite surgiu ap\u00f3s a brilhante participa\u00e7\u00e3o de Felipe&nbsp; com a equipe Del Rey, no Campeonato Brasileiro de Fut 7, que aconteceu de 14 a 16, na [&hellip;]","og_url":"https:\/\/webdesign.freshlab.com.br\/ccpa\/felipe-bezerra-aluno-do-5o-ano-b-do-ccpa-e-selecionado-para-testes-no-flamengo\/","og_site_name":"Col\u00e9gio CCPA","article_publisher":"https:\/\/www.facebook.com\/colegioccpa","article_published_time":"2023-07-24T17:43:23+00:00","article_modified_time":"2023-07-24T17:51:39+00:00","og_image":[{"width":900,"height":513,"url":"https:\/\/webdesign.freshlab.com.br\/ccpa\/wp-content\/uploads\/2023\/07\/futebol_flamengo01.jpg","type":"image\/jpeg"}],"author":"CCPA","twitter_card":"summary_large_image","twitter_creator":"@colegio_ccpa","twitter_site":"@colegio_ccpa","twitter_misc":{"Written by":"CCPA","Est. reading time":"3 minutos"},"schema":{"@context":"https:\/\/schema.org","@graph":[{"@type":"Article","@id":"https:\/\/webdesign.freshlab.com.br\/ccpa\/felipe-bezerra-aluno-do-5o-ano-b-do-ccpa-e-selecionado-para-testes-no-flamengo\/#article","isPartOf":{"@id":"https:\/\/webdesign.freshlab.com.br\/ccpa\/felipe-bezerra-aluno-do-5o-ano-b-do-ccpa-e-selecionado-para-testes-no-flamengo\/"},"author":{"name":"CCPA","@id":"https:\/\/webdesign.freshlab.com.br\/ccpa\/#\/schema\/person\/db9da95383a87dd69dbcbc5948003d13"},"headline":"Felipe Bezerra, aluno do 5\u00ba ano B do CCPA, \u00e9 selecionado para testes no Flamengo","datePublished":"2023-07-24T17:43:23+00:00","dateModified":"2023-07-24T17:51:39+00:00","mainEntityOfPage":{"@id":"https:\/\/webdesign.freshlab.com.br\/ccpa\/felipe-bezerra-aluno-do-5o-ano-b-do-ccpa-e-selecionado-para-testes-no-flamengo\/"},"wordCount":417,"publisher":{"@id":"https:\/\/webdesign.freshlab.com.br\/ccpa\/#organization"},"image":{"@id":"https:\/\/webdesign.freshlab.com.br\/ccpa\/felipe-bezerra-aluno-do-5o-ano-b-do-ccpa-e-selecionado-para-testes-no-flamengo\/#primaryimage"},"thumbnailUrl":"https:\/\/webdesign.freshlab.com.br\/ccpa\/wp-content\/uploads\/2023\/07\/futebol_flamengo01.jpg","keywords":["atleta","ccpa","colegioccpa","esportes"],"articleSection":["Ensino Fundamental","Esportes"],"inLanguage":"pt-BR"},{"@type":"WebPage","@id":"https:\/\/webdesign.freshlab.com.br\/ccpa\/felipe-bezerra-aluno-do-5o-ano-b-do-ccpa-e-selecionado-para-testes-no-flamengo\/","url":"https:\/\/webdesign.freshlab.com.br\/ccpa\/felipe-bezerra-aluno-do-5o-ano-b-do-ccpa-e-selecionado-para-testes-no-flamengo\/","name":"Felipe Bezerra, aluno do 5\u00ba ano B do CCPA, \u00e9 selecionado para testes no Flamengo - Col\u00e9gio CCPA","isPartOf":{"@id":"https:\/\/webdesign.freshlab.com.br\/ccpa\/#website"},"primaryImageOfPage":{"@id":"https:\/\/webdesign.freshlab.com.br\/ccpa\/felipe-bezerra-aluno-do-5o-ano-b-do-ccpa-e-selecionado-para-testes-no-flamengo\/#primaryimage"},"image":{"@id":"https:\/\/webdesign.freshlab.com.br\/ccpa\/felipe-bezerra-aluno-do-5o-ano-b-do-ccpa-e-selecionado-para-testes-no-flamengo\/#primaryimage"},"thumbnailUrl":"https:\/\/webdesign.freshlab.com.br\/ccpa\/wp-content\/uploads\/2023\/07\/futebol_flamengo01.jpg","datePublished":"2023-07-24T17:43:23+00:00","dateModified":"2023-07-24T17:51:39+00:00","breadcrumb":{"@id":"https:\/\/webdesign.freshlab.com.br\/ccpa\/felipe-bezerra-aluno-do-5o-ano-b-do-ccpa-e-selecionado-para-testes-no-flamengo\/#breadcrumb"},"inLanguage":"pt-BR","potentialAction":[{"@type":"ReadAction","target":["https:\/\/webdesign.freshlab.com.br\/ccpa\/felipe-bezerra-aluno-do-5o-ano-b-do-ccpa-e-selecionado-para-testes-no-flamengo\/"]}]},{"@type":"ImageObject","inLanguage":"pt-BR","@id":"https:\/\/webdesign.freshlab.com.br\/ccpa\/felipe-bezerra-aluno-do-5o-ano-b-do-ccpa-e-selecionado-para-testes-no-flamengo\/#primaryimage","url":"https:\/\/webdesign.freshlab.com.br\/ccpa\/wp-content\/uploads\/2023\/07\/futebol_flamengo01.jpg","contentUrl":"https:\/\/webdesign.freshlab.com.br\/ccpa\/wp-content\/uploads\/2023\/07\/futebol_flamengo01.jpg","width":900,"height":513},{"@type":"BreadcrumbList","@id":"https:\/\/webdesign.freshlab.com.br\/ccpa\/felipe-bezerra-aluno-do-5o-ano-b-do-ccpa-e-selecionado-para-testes-no-flamengo\/#breadcrumb","itemListElement":[{"@type":"ListItem","position":1,"name":"In\u00edcio","item":"https:\/\/webdesign.freshlab.com.br\/ccpa\/"},{"@type":"ListItem","position":2,"name":"Felipe Bezerra, aluno do 5\u00ba ano B do CCPA, \u00e9 selecionado para testes no Flamengo"}]},{"@type":"WebSite","@id":"https:\/\/webdesign.freshlab.com.br\/ccpa\/#website","url":"https:\/\/webdesign.freshlab.com.br\/ccpa\/","name":"Col\u00e9gio CCPA","description":"","publisher":{"@id":"https:\/\/webdesign.freshlab.com.br\/ccpa\/#organization"},"potentialAction":[{"@type":"SearchAction","target":{"@type":"EntryPoint","urlTemplate":"https:\/\/webdesign.freshlab.com.br\/ccpa\/?s={search_term_string}"},"query-input":{"@type":"PropertyValueSpecification","valueRequired":true,"valueName":"search_term_string"}}],"inLanguage":"pt-BR"},{"@type":"Organization","@id":"https:\/\/webdesign.freshlab.com.br\/ccpa\/#organization","name":"Col\u00e9gio CCPA","url":"https:\/\/webdesign.freshlab.com.br\/ccpa\/","logo":{"@type":"ImageObject","inLanguage":"pt-BR","@id":"https:\/\/webdesign.freshlab.com.br\/ccpa\/#\/schema\/logo\/image\/","url":"https:\/\/webdesign.freshlab.com.br\/ccpa\/wp-content\/uploads\/2022\/11\/logo.svg","contentUrl":"https:\/\/webdesign.freshlab.com.br\/ccpa\/wp-content\/uploads\/2022\/11\/logo.svg","width":147,"height":38,"caption":"Col\u00e9gio CCPA"},"image":{"@id":"https:\/\/webdesign.freshlab.com.br\/ccpa\/#\/schema\/logo\/image\/"},"sameAs":["https:\/\/www.facebook.com\/colegioccpa","https:\/\/x.com\/colegio_ccpa","https:\/\/www.tiktok.com\/@colegioccpa","https:\/\/www.instagram.com\/colegio_ccpa\/","https:\/\/www.linkedin.com\/company\/colgio-ccpa","https:\/\/www.youtube.com\/user\/colegioccpa"]},{"@type":"Person","@id":"https:\/\/webdesign.freshlab.com.br\/ccpa\/#\/schema\/person\/db9da95383a87dd69dbcbc5948003d13","name":"CCPA","url":"https:\/\/webdesign.freshlab.com.br\/ccpa\/author\/ccpa\/"}]}},"_links":{"self":[{"href":"https:\/\/webdesign.freshlab.com.br\/ccpa\/wp-json\/wp\/v2\/posts\/1391","targetHints":{"allow":["GET"]}}],"collection":[{"href":"https:\/\/webdesign.freshlab.com.br\/ccpa\/wp-json\/wp\/v2\/posts"}],"about":[{"href":"https:\/\/webdesign.freshlab.com.br\/ccpa\/wp-json\/wp\/v2\/types\/post"}],"author":[{"embeddable":true,"href":"https:\/\/webdesign.freshlab.com.br\/ccpa\/wp-json\/wp\/v2\/users\/2"}],"replies":[{"embeddable":true,"href":"https:\/\/webdesign.freshlab.com.br\/ccpa\/wp-json\/wp\/v2\/comments?post=1391"}],"version-history":[{"count":4,"href":"https:\/\/webdesign.freshlab.com.br\/ccpa\/wp-json\/wp\/v2\/posts\/1391\/revisions"}],"predecessor-version":[{"id":1398,"href":"https:\/\/webdesign.freshlab.com.br\/ccpa\/wp-json\/wp\/v2\/posts\/1391\/revisions\/1398"}],"wp:featuredmedia":[{"embeddable":true,"href":"https:\/\/webdesign.freshlab.com.br\/ccpa\/wp-json\/wp\/v2\/media\/1394"}],"wp:attachment":[{"href":"https:\/\/webdesign.freshlab.com.br\/ccpa\/wp-json\/wp\/v2\/media?parent=1391"}],"wp:term":[{"taxonomy":"category","embeddable":true,"href":"https:\/\/webdesign.freshlab.com.br\/ccpa\/wp-json\/wp\/v2\/categories?post=1391"},{"taxonomy":"post_tag","embeddable":true,"href":"https:\/\/webdesign.freshlab.com.br\/ccpa\/wp-json\/wp\/v2\/tags?post=1391"}],"curies":[{"name":"wp","href":"https:\/\/api.w.org\/{rel}","templated":true}]}}