{"id":1517,"date":"2023-08-24T13:31:28","date_gmt":"2023-08-24T13:31:28","guid":{"rendered":"https:\/\/ccpa.com.br\/?p=1517"},"modified":"2023-08-24T13:31:28","modified_gmt":"2023-08-24T13:31:28","slug":"educacao-integral-e-ofertada-as-turmas-do-6o-e-9o-ano-do-ensino-fundamental-ii","status":"publish","type":"post","link":"https:\/\/webdesign.freshlab.com.br\/ccpa\/educacao-integral-e-ofertada-as-turmas-do-6o-e-9o-ano-do-ensino-fundamental-ii\/","title":{"rendered":"Educa\u00e7\u00e3o Integral \u00e9 ofertada \u00e0s turmas do 6\u00ba e 9\u00ba ano do Ensino Fundamental II"},"content":{"rendered":"\n<ul class=\"wp-block-list\">\n<li><strong>Mais CCPA \u00e9 ofertado da Educa\u00e7\u00e3o Infantil ao\u00a0 Ensino Fundamental II<\/strong><\/li>\n<\/ul>\n\n\n\n<p>Com o objetivo de oferecer uma rotina completa de estudos e desenvolvimento, o CCPA estendeu a Educa\u00e7\u00e3o Integral, intitulada Mais CCPA, para as turmas do 6\u00ba e 9\u00ba ano do Ensino Fundamental II. Assim, a unidade educacional oferta uma programa\u00e7\u00e3o especial aos alunos a partir dos 1,6 anos at\u00e9 os 14 anos em per\u00edodo integral. Nele, o aluno tem a oportunidade de aprimorar habilidades e explorar novos conhecimentos ao participar de atividades pedag\u00f3gicas, oficinas de arte, pr\u00e1ticas esportivas e muito mais.&nbsp;<\/p>\n\n\n\n<p>De acordo com as necessidades e interesse do aluno, \u00e9 poss\u00edvel a realiza\u00e7\u00e3o de oficinas de culin\u00e1ria, artes, ingl\u00eas, al\u00e9m de participar de atividades recreativas como cinema e conta\u00e7\u00e3o de hist\u00f3rias. O prop\u00f3sito \u00e9 manter o aluno ainda mais integrado \u00e0 comunidade escolar, vivenciando outras experi\u00eancias no ambiente educacional de forma a contribuir com o pr\u00f3prio desenvolvimento.&nbsp;<\/p>\n\n\n\n<p>Para tanto, o CCPA disp\u00f5e de uma estrutura aconchegante e um equipe formada por profissionais capacitados que garantem o p\u00f3s-aula ainda mais divertido e recheado de aprendizado. Al\u00e9m disso, para maior comodidade dos pais, as refei\u00e7\u00f5es podem ser realizadas dentro do ambiente escolar, onde a cantina oferece um card\u00e1pio diverso e saud\u00e1vel, possibilitando assim uma alimenta\u00e7\u00e3o regular aos que fazem parte da Educa\u00e7\u00e3o Integral. Ainda \u00e9 importante destacar a seguran\u00e7a do aluno em manter uma rotina ativa de atividades nas depend\u00eancias da escola.&nbsp;<\/p>\n\n\n\n<p>Para conhecer a programa\u00e7\u00e3o completa e garantir a vaga no programa Mais CCPA, conforme as necessidades e interesse do aluno, basta entrar em contato atrav\u00e9s dos canais de atendimento do CCPA e conhecer cada um dos benef\u00edcios que a Educa\u00e7\u00e3o Integral oferece e proporciona ao conhecimento e crescimento do aluno.<\/p>\n","protected":false},"excerpt":{"rendered":"<p>Com o objetivo de oferecer uma rotina completa de estudos e desenvolvimento, o CCPA estendeu a Educa\u00e7\u00e3o Integral, intitulada Mais CCPA, para as turmas do 6\u00ba e 9\u00ba ano do Ensino Fundamental II. Assim, a unidade educacional oferta uma programa\u00e7\u00e3o especial aos alunos a partir dos 1,6 anos at\u00e9 os 14 anos em per\u00edodo integral. [&hellip;]<\/p>\n","protected":false},"author":2,"featured_media":1518,"comment_status":"closed","ping_status":"closed","sticky":false,"template":"","format":"standard","meta":{"inline_featured_image":false,"footnotes":""},"categories":[11,9,40],"tags":[15,14,43,42,41],"class_list":["post-1517","post","type-post","status-publish","format-standard","has-post-thumbnail","hentry","category-ensino-fundamental","category-ensino-infantil","category-mais-ccpa","tag-ccpa","tag-colegioccpa","tag-fundamental","tag-infantil","tag-maisccpa"],"acf":[],"yoast_head":"<!-- This site is optimized with the Yoast SEO plugin v27.3 - https:\/\/yoast.com\/product\/yoast-seo-wordpress\/ -->\n<title>Educa\u00e7\u00e3o Integral \u00e9 ofertada \u00e0s turmas do 6\u00ba e 9\u00ba ano do Ensino Fundamental II - Col\u00e9gio CCPA<\/title>\n<meta name=\"robots\" content=\"index, follow, max-snippet:-1, max-image-preview:large, max-video-preview:-1\" \/>\n<link rel=\"canonical\" href=\"https:\/\/webdesign.freshlab.com.br\/ccpa\/educacao-integral-e-ofertada-as-turmas-do-6o-e-9o-ano-do-ensino-fundamental-ii\/\" \/>\n<meta property=\"og:locale\" content=\"pt_BR\" \/>\n<meta property=\"og:type\" content=\"article\" \/>\n<meta property=\"og:title\" content=\"Educa\u00e7\u00e3o Integral \u00e9 ofertada \u00e0s turmas do 6\u00ba e 9\u00ba ano do Ensino Fundamental II - Col\u00e9gio CCPA\" \/>\n<meta property=\"og:description\" content=\"Com o objetivo de oferecer uma rotina completa de estudos e desenvolvimento, o CCPA estendeu a Educa\u00e7\u00e3o Integral, intitulada Mais CCPA, para as turmas do 6\u00ba e 9\u00ba ano do Ensino Fundamental II. Assim, a unidade educacional oferta uma programa\u00e7\u00e3o especial aos alunos a partir dos 1,6 anos at\u00e9 os 14 anos em per\u00edodo integral. [&hellip;]\" \/>\n<meta property=\"og:url\" content=\"https:\/\/webdesign.freshlab.com.br\/ccpa\/educacao-integral-e-ofertada-as-turmas-do-6o-e-9o-ano-do-ensino-fundamental-ii\/\" \/>\n<meta property=\"og:site_name\" content=\"Col\u00e9gio CCPA\" \/>\n<meta property=\"article:publisher\" content=\"https:\/\/www.facebook.com\/colegioccpa\" \/>\n<meta property=\"article:published_time\" content=\"2023-08-24T13:31:28+00:00\" \/>\n<meta property=\"og:image\" content=\"https:\/\/webdesign.freshlab.com.br\/ccpa\/wp-content\/uploads\/2023\/08\/maisccpa-fund2.jpg\" \/>\n\t<meta property=\"og:image:width\" content=\"1200\" \/>\n\t<meta property=\"og:image:height\" content=\"511\" \/>\n\t<meta property=\"og:image:type\" content=\"image\/jpeg\" \/>\n<meta name=\"author\" content=\"CCPA\" \/>\n<meta name=\"twitter:card\" content=\"summary_large_image\" \/>\n<meta name=\"twitter:creator\" content=\"@colegio_ccpa\" \/>\n<meta name=\"twitter:site\" content=\"@colegio_ccpa\" \/>\n<meta name=\"twitter:label1\" content=\"Written by\" \/>\n\t<meta name=\"twitter:data1\" content=\"CCPA\" \/>\n\t<meta name=\"twitter:label2\" content=\"Est. reading time\" \/>\n\t<meta name=\"twitter:data2\" content=\"2 minutos\" \/>\n<script type=\"application\/ld+json\" class=\"yoast-schema-graph\">{\"@context\":\"https:\\\/\\\/schema.org\",\"@graph\":[{\"@type\":\"Article\",\"@id\":\"https:\\\/\\\/webdesign.freshlab.com.br\\\/ccpa\\\/educacao-integral-e-ofertada-as-turmas-do-6o-e-9o-ano-do-ensino-fundamental-ii\\\/#article\",\"isPartOf\":{\"@id\":\"https:\\\/\\\/webdesign.freshlab.com.br\\\/ccpa\\\/educacao-integral-e-ofertada-as-turmas-do-6o-e-9o-ano-do-ensino-fundamental-ii\\\/\"},\"author\":{\"name\":\"CCPA\",\"@id\":\"https:\\\/\\\/webdesign.freshlab.com.br\\\/ccpa\\\/#\\\/schema\\\/person\\\/db9da95383a87dd69dbcbc5948003d13\"},\"headline\":\"Educa\u00e7\u00e3o Integral \u00e9 ofertada \u00e0s turmas do 6\u00ba e 9\u00ba ano do Ensino Fundamental II\",\"datePublished\":\"2023-08-24T13:31:28+00:00\",\"mainEntityOfPage\":{\"@id\":\"https:\\\/\\\/webdesign.freshlab.com.br\\\/ccpa\\\/educacao-integral-e-ofertada-as-turmas-do-6o-e-9o-ano-do-ensino-fundamental-ii\\\/\"},\"wordCount\":319,\"publisher\":{\"@id\":\"https:\\\/\\\/webdesign.freshlab.com.br\\\/ccpa\\\/#organization\"},\"image\":{\"@id\":\"https:\\\/\\\/webdesign.freshlab.com.br\\\/ccpa\\\/educacao-integral-e-ofertada-as-turmas-do-6o-e-9o-ano-do-ensino-fundamental-ii\\\/#primaryimage\"},\"thumbnailUrl\":\"https:\\\/\\\/webdesign.freshlab.com.br\\\/ccpa\\\/wp-content\\\/uploads\\\/2023\\\/08\\\/maisccpa-fund2.jpg\",\"keywords\":[\"ccpa\",\"colegioccpa\",\"fundamental\",\"infantil\",\"maisccpa\"],\"articleSection\":[\"Ensino Fundamental\",\"Ensino Infantil\",\"Mais CCPA\"],\"inLanguage\":\"pt-BR\"},{\"@type\":\"WebPage\",\"@id\":\"https:\\\/\\\/webdesign.freshlab.com.br\\\/ccpa\\\/educacao-integral-e-ofertada-as-turmas-do-6o-e-9o-ano-do-ensino-fundamental-ii\\\/\",\"url\":\"https:\\\/\\\/webdesign.freshlab.com.br\\\/ccpa\\\/educacao-integral-e-ofertada-as-turmas-do-6o-e-9o-ano-do-ensino-fundamental-ii\\\/\",\"name\":\"Educa\u00e7\u00e3o Integral \u00e9 ofertada \u00e0s turmas do 6\u00ba e 9\u00ba ano do Ensino Fundamental II - Col\u00e9gio CCPA\",\"isPartOf\":{\"@id\":\"https:\\\/\\\/webdesign.freshlab.com.br\\\/ccpa\\\/#website\"},\"primaryImageOfPage\":{\"@id\":\"https:\\\/\\\/webdesign.freshlab.com.br\\\/ccpa\\\/educacao-integral-e-ofertada-as-turmas-do-6o-e-9o-ano-do-ensino-fundamental-ii\\\/#primaryimage\"},\"image\":{\"@id\":\"https:\\\/\\\/webdesign.freshlab.com.br\\\/ccpa\\\/educacao-integral-e-ofertada-as-turmas-do-6o-e-9o-ano-do-ensino-fundamental-ii\\\/#primaryimage\"},\"thumbnailUrl\":\"https:\\\/\\\/webdesign.freshlab.com.br\\\/ccpa\\\/wp-content\\\/uploads\\\/2023\\\/08\\\/maisccpa-fund2.jpg\",\"datePublished\":\"2023-08-24T13:31:28+00:00\",\"breadcrumb\":{\"@id\":\"https:\\\/\\\/webdesign.freshlab.com.br\\\/ccpa\\\/educacao-integral-e-ofertada-as-turmas-do-6o-e-9o-ano-do-ensino-fundamental-ii\\\/#breadcrumb\"},\"inLanguage\":\"pt-BR\",\"potentialAction\":[{\"@type\":\"ReadAction\",\"target\":[\"https:\\\/\\\/webdesign.freshlab.com.br\\\/ccpa\\\/educacao-integral-e-ofertada-as-turmas-do-6o-e-9o-ano-do-ensino-fundamental-ii\\\/\"]}]},{\"@type\":\"ImageObject\",\"inLanguage\":\"pt-BR\",\"@id\":\"https:\\\/\\\/webdesign.freshlab.com.br\\\/ccpa\\\/educacao-integral-e-ofertada-as-turmas-do-6o-e-9o-ano-do-ensino-fundamental-ii\\\/#primaryimage\",\"url\":\"https:\\\/\\\/webdesign.freshlab.com.br\\\/ccpa\\\/wp-content\\\/uploads\\\/2023\\\/08\\\/maisccpa-fund2.jpg\",\"contentUrl\":\"https:\\\/\\\/webdesign.freshlab.com.br\\\/ccpa\\\/wp-content\\\/uploads\\\/2023\\\/08\\\/maisccpa-fund2.jpg\",\"width\":1200,\"height\":511},{\"@type\":\"BreadcrumbList\",\"@id\":\"https:\\\/\\\/webdesign.freshlab.com.br\\\/ccpa\\\/educacao-integral-e-ofertada-as-turmas-do-6o-e-9o-ano-do-ensino-fundamental-ii\\\/#breadcrumb\",\"itemListElement\":[{\"@type\":\"ListItem\",\"position\":1,\"name\":\"In\u00edcio\",\"item\":\"https:\\\/\\\/webdesign.freshlab.com.br\\\/ccpa\\\/\"},{\"@type\":\"ListItem\",\"position\":2,\"name\":\"Educa\u00e7\u00e3o Integral \u00e9 ofertada \u00e0s turmas do 6\u00ba e 9\u00ba ano do Ensino Fundamental II\"}]},{\"@type\":\"WebSite\",\"@id\":\"https:\\\/\\\/webdesign.freshlab.com.br\\\/ccpa\\\/#website\",\"url\":\"https:\\\/\\\/webdesign.freshlab.com.br\\\/ccpa\\\/\",\"name\":\"Col\u00e9gio CCPA\",\"description\":\"\",\"publisher\":{\"@id\":\"https:\\\/\\\/webdesign.freshlab.com.br\\\/ccpa\\\/#organization\"},\"potentialAction\":[{\"@type\":\"SearchAction\",\"target\":{\"@type\":\"EntryPoint\",\"urlTemplate\":\"https:\\\/\\\/webdesign.freshlab.com.br\\\/ccpa\\\/?s={search_term_string}\"},\"query-input\":{\"@type\":\"PropertyValueSpecification\",\"valueRequired\":true,\"valueName\":\"search_term_string\"}}],\"inLanguage\":\"pt-BR\"},{\"@type\":\"Organization\",\"@id\":\"https:\\\/\\\/webdesign.freshlab.com.br\\\/ccpa\\\/#organization\",\"name\":\"Col\u00e9gio CCPA\",\"url\":\"https:\\\/\\\/webdesign.freshlab.com.br\\\/ccpa\\\/\",\"logo\":{\"@type\":\"ImageObject\",\"inLanguage\":\"pt-BR\",\"@id\":\"https:\\\/\\\/webdesign.freshlab.com.br\\\/ccpa\\\/#\\\/schema\\\/logo\\\/image\\\/\",\"url\":\"https:\\\/\\\/webdesign.freshlab.com.br\\\/ccpa\\\/wp-content\\\/uploads\\\/2022\\\/11\\\/logo.svg\",\"contentUrl\":\"https:\\\/\\\/webdesign.freshlab.com.br\\\/ccpa\\\/wp-content\\\/uploads\\\/2022\\\/11\\\/logo.svg\",\"width\":147,\"height\":38,\"caption\":\"Col\u00e9gio CCPA\"},\"image\":{\"@id\":\"https:\\\/\\\/webdesign.freshlab.com.br\\\/ccpa\\\/#\\\/schema\\\/logo\\\/image\\\/\"},\"sameAs\":[\"https:\\\/\\\/www.facebook.com\\\/colegioccpa\",\"https:\\\/\\\/x.com\\\/colegio_ccpa\",\"https:\\\/\\\/www.tiktok.com\\\/@colegioccpa\",\"https:\\\/\\\/www.instagram.com\\\/colegio_ccpa\\\/\",\"https:\\\/\\\/www.linkedin.com\\\/company\\\/colgio-ccpa\",\"https:\\\/\\\/www.youtube.com\\\/user\\\/colegioccpa\"]},{\"@type\":\"Person\",\"@id\":\"https:\\\/\\\/webdesign.freshlab.com.br\\\/ccpa\\\/#\\\/schema\\\/person\\\/db9da95383a87dd69dbcbc5948003d13\",\"name\":\"CCPA\",\"url\":\"https:\\\/\\\/webdesign.freshlab.com.br\\\/ccpa\\\/author\\\/ccpa\\\/\"}]}<\/script>\n<!-- \/ Yoast SEO plugin. -->","yoast_head_json":{"title":"Educa\u00e7\u00e3o Integral \u00e9 ofertada \u00e0s turmas do 6\u00ba e 9\u00ba ano do Ensino Fundamental II - Col\u00e9gio CCPA","robots":{"index":"index","follow":"follow","max-snippet":"max-snippet:-1","max-image-preview":"max-image-preview:large","max-video-preview":"max-video-preview:-1"},"canonical":"https:\/\/webdesign.freshlab.com.br\/ccpa\/educacao-integral-e-ofertada-as-turmas-do-6o-e-9o-ano-do-ensino-fundamental-ii\/","og_locale":"pt_BR","og_type":"article","og_title":"Educa\u00e7\u00e3o Integral \u00e9 ofertada \u00e0s turmas do 6\u00ba e 9\u00ba ano do Ensino Fundamental II - Col\u00e9gio CCPA","og_description":"Com o objetivo de oferecer uma rotina completa de estudos e desenvolvimento, o CCPA estendeu a Educa\u00e7\u00e3o Integral, intitulada Mais CCPA, para as turmas do 6\u00ba e 9\u00ba ano do Ensino Fundamental II. Assim, a unidade educacional oferta uma programa\u00e7\u00e3o especial aos alunos a partir dos 1,6 anos at\u00e9 os 14 anos em per\u00edodo integral. [&hellip;]","og_url":"https:\/\/webdesign.freshlab.com.br\/ccpa\/educacao-integral-e-ofertada-as-turmas-do-6o-e-9o-ano-do-ensino-fundamental-ii\/","og_site_name":"Col\u00e9gio CCPA","article_publisher":"https:\/\/www.facebook.com\/colegioccpa","article_published_time":"2023-08-24T13:31:28+00:00","og_image":[{"width":1200,"height":511,"url":"https:\/\/webdesign.freshlab.com.br\/ccpa\/wp-content\/uploads\/2023\/08\/maisccpa-fund2.jpg","type":"image\/jpeg"}],"author":"CCPA","twitter_card":"summary_large_image","twitter_creator":"@colegio_ccpa","twitter_site":"@colegio_ccpa","twitter_misc":{"Written by":"CCPA","Est. reading time":"2 minutos"},"schema":{"@context":"https:\/\/schema.org","@graph":[{"@type":"Article","@id":"https:\/\/webdesign.freshlab.com.br\/ccpa\/educacao-integral-e-ofertada-as-turmas-do-6o-e-9o-ano-do-ensino-fundamental-ii\/#article","isPartOf":{"@id":"https:\/\/webdesign.freshlab.com.br\/ccpa\/educacao-integral-e-ofertada-as-turmas-do-6o-e-9o-ano-do-ensino-fundamental-ii\/"},"author":{"name":"CCPA","@id":"https:\/\/webdesign.freshlab.com.br\/ccpa\/#\/schema\/person\/db9da95383a87dd69dbcbc5948003d13"},"headline":"Educa\u00e7\u00e3o Integral \u00e9 ofertada \u00e0s turmas do 6\u00ba e 9\u00ba ano do Ensino Fundamental II","datePublished":"2023-08-24T13:31:28+00:00","mainEntityOfPage":{"@id":"https:\/\/webdesign.freshlab.com.br\/ccpa\/educacao-integral-e-ofertada-as-turmas-do-6o-e-9o-ano-do-ensino-fundamental-ii\/"},"wordCount":319,"publisher":{"@id":"https:\/\/webdesign.freshlab.com.br\/ccpa\/#organization"},"image":{"@id":"https:\/\/webdesign.freshlab.com.br\/ccpa\/educacao-integral-e-ofertada-as-turmas-do-6o-e-9o-ano-do-ensino-fundamental-ii\/#primaryimage"},"thumbnailUrl":"https:\/\/webdesign.freshlab.com.br\/ccpa\/wp-content\/uploads\/2023\/08\/maisccpa-fund2.jpg","keywords":["ccpa","colegioccpa","fundamental","infantil","maisccpa"],"articleSection":["Ensino Fundamental","Ensino Infantil","Mais CCPA"],"inLanguage":"pt-BR"},{"@type":"WebPage","@id":"https:\/\/webdesign.freshlab.com.br\/ccpa\/educacao-integral-e-ofertada-as-turmas-do-6o-e-9o-ano-do-ensino-fundamental-ii\/","url":"https:\/\/webdesign.freshlab.com.br\/ccpa\/educacao-integral-e-ofertada-as-turmas-do-6o-e-9o-ano-do-ensino-fundamental-ii\/","name":"Educa\u00e7\u00e3o Integral \u00e9 ofertada \u00e0s turmas do 6\u00ba e 9\u00ba ano do Ensino Fundamental II - Col\u00e9gio CCPA","isPartOf":{"@id":"https:\/\/webdesign.freshlab.com.br\/ccpa\/#website"},"primaryImageOfPage":{"@id":"https:\/\/webdesign.freshlab.com.br\/ccpa\/educacao-integral-e-ofertada-as-turmas-do-6o-e-9o-ano-do-ensino-fundamental-ii\/#primaryimage"},"image":{"@id":"https:\/\/webdesign.freshlab.com.br\/ccpa\/educacao-integral-e-ofertada-as-turmas-do-6o-e-9o-ano-do-ensino-fundamental-ii\/#primaryimage"},"thumbnailUrl":"https:\/\/webdesign.freshlab.com.br\/ccpa\/wp-content\/uploads\/2023\/08\/maisccpa-fund2.jpg","datePublished":"2023-08-24T13:31:28+00:00","breadcrumb":{"@id":"https:\/\/webdesign.freshlab.com.br\/ccpa\/educacao-integral-e-ofertada-as-turmas-do-6o-e-9o-ano-do-ensino-fundamental-ii\/#breadcrumb"},"inLanguage":"pt-BR","potentialAction":[{"@type":"ReadAction","target":["https:\/\/webdesign.freshlab.com.br\/ccpa\/educacao-integral-e-ofertada-as-turmas-do-6o-e-9o-ano-do-ensino-fundamental-ii\/"]}]},{"@type":"ImageObject","inLanguage":"pt-BR","@id":"https:\/\/webdesign.freshlab.com.br\/ccpa\/educacao-integral-e-ofertada-as-turmas-do-6o-e-9o-ano-do-ensino-fundamental-ii\/#primaryimage","url":"https:\/\/webdesign.freshlab.com.br\/ccpa\/wp-content\/uploads\/2023\/08\/maisccpa-fund2.jpg","contentUrl":"https:\/\/webdesign.freshlab.com.br\/ccpa\/wp-content\/uploads\/2023\/08\/maisccpa-fund2.jpg","width":1200,"height":511},{"@type":"BreadcrumbList","@id":"https:\/\/webdesign.freshlab.com.br\/ccpa\/educacao-integral-e-ofertada-as-turmas-do-6o-e-9o-ano-do-ensino-fundamental-ii\/#breadcrumb","itemListElement":[{"@type":"ListItem","position":1,"name":"In\u00edcio","item":"https:\/\/webdesign.freshlab.com.br\/ccpa\/"},{"@type":"ListItem","position":2,"name":"Educa\u00e7\u00e3o Integral \u00e9 ofertada \u00e0s turmas do 6\u00ba e 9\u00ba ano do Ensino Fundamental II"}]},{"@type":"WebSite","@id":"https:\/\/webdesign.freshlab.com.br\/ccpa\/#website","url":"https:\/\/webdesign.freshlab.com.br\/ccpa\/","name":"Col\u00e9gio CCPA","description":"","publisher":{"@id":"https:\/\/webdesign.freshlab.com.br\/ccpa\/#organization"},"potentialAction":[{"@type":"SearchAction","target":{"@type":"EntryPoint","urlTemplate":"https:\/\/webdesign.freshlab.com.br\/ccpa\/?s={search_term_string}"},"query-input":{"@type":"PropertyValueSpecification","valueRequired":true,"valueName":"search_term_string"}}],"inLanguage":"pt-BR"},{"@type":"Organization","@id":"https:\/\/webdesign.freshlab.com.br\/ccpa\/#organization","name":"Col\u00e9gio CCPA","url":"https:\/\/webdesign.freshlab.com.br\/ccpa\/","logo":{"@type":"ImageObject","inLanguage":"pt-BR","@id":"https:\/\/webdesign.freshlab.com.br\/ccpa\/#\/schema\/logo\/image\/","url":"https:\/\/webdesign.freshlab.com.br\/ccpa\/wp-content\/uploads\/2022\/11\/logo.svg","contentUrl":"https:\/\/webdesign.freshlab.com.br\/ccpa\/wp-content\/uploads\/2022\/11\/logo.svg","width":147,"height":38,"caption":"Col\u00e9gio CCPA"},"image":{"@id":"https:\/\/webdesign.freshlab.com.br\/ccpa\/#\/schema\/logo\/image\/"},"sameAs":["https:\/\/www.facebook.com\/colegioccpa","https:\/\/x.com\/colegio_ccpa","https:\/\/www.tiktok.com\/@colegioccpa","https:\/\/www.instagram.com\/colegio_ccpa\/","https:\/\/www.linkedin.com\/company\/colgio-ccpa","https:\/\/www.youtube.com\/user\/colegioccpa"]},{"@type":"Person","@id":"https:\/\/webdesign.freshlab.com.br\/ccpa\/#\/schema\/person\/db9da95383a87dd69dbcbc5948003d13","name":"CCPA","url":"https:\/\/webdesign.freshlab.com.br\/ccpa\/author\/ccpa\/"}]}},"_links":{"self":[{"href":"https:\/\/webdesign.freshlab.com.br\/ccpa\/wp-json\/wp\/v2\/posts\/1517","targetHints":{"allow":["GET"]}}],"collection":[{"href":"https:\/\/webdesign.freshlab.com.br\/ccpa\/wp-json\/wp\/v2\/posts"}],"about":[{"href":"https:\/\/webdesign.freshlab.com.br\/ccpa\/wp-json\/wp\/v2\/types\/post"}],"author":[{"embeddable":true,"href":"https:\/\/webdesign.freshlab.com.br\/ccpa\/wp-json\/wp\/v2\/users\/2"}],"replies":[{"embeddable":true,"href":"https:\/\/webdesign.freshlab.com.br\/ccpa\/wp-json\/wp\/v2\/comments?post=1517"}],"version-history":[{"count":1,"href":"https:\/\/webdesign.freshlab.com.br\/ccpa\/wp-json\/wp\/v2\/posts\/1517\/revisions"}],"predecessor-version":[{"id":1519,"href":"https:\/\/webdesign.freshlab.com.br\/ccpa\/wp-json\/wp\/v2\/posts\/1517\/revisions\/1519"}],"wp:featuredmedia":[{"embeddable":true,"href":"https:\/\/webdesign.freshlab.com.br\/ccpa\/wp-json\/wp\/v2\/media\/1518"}],"wp:attachment":[{"href":"https:\/\/webdesign.freshlab.com.br\/ccpa\/wp-json\/wp\/v2\/media?parent=1517"}],"wp:term":[{"taxonomy":"category","embeddable":true,"href":"https:\/\/webdesign.freshlab.com.br\/ccpa\/wp-json\/wp\/v2\/categories?post=1517"},{"taxonomy":"post_tag","embeddable":true,"href":"https:\/\/webdesign.freshlab.com.br\/ccpa\/wp-json\/wp\/v2\/tags?post=1517"}],"curies":[{"name":"wp","href":"https:\/\/api.w.org\/{rel}","templated":true}]}}