{"id":164,"date":"2022-11-10T03:54:02","date_gmt":"2022-11-10T03:54:02","guid":{"rendered":"https:\/\/ccpa.com.br\/?p=164"},"modified":"2023-01-26T09:45:46","modified_gmt":"2023-01-26T09:45:46","slug":"maratona_de_inovacao_para_o_bem","status":"publish","type":"post","link":"https:\/\/webdesign.freshlab.com.br\/ccpa\/maratona_de_inovacao_para_o_bem\/","title":{"rendered":"CCPA sedia 2\u00aa Edi\u00e7\u00e3o da Maratona de Inova\u00e7\u00e3o Para o Bem."},"content":{"rendered":"\n<p>A Maratona de Inova\u00e7\u00e3o Para o Bem \u00e9 uma iniciativa que proporcionar\u00e1 a 140 alunos dos Ensinos Fundamental e M\u00e9dio a oportunidade de aprenderem de forma te\u00f3rica e pr\u00e1tica sobre a prototipagem de solu\u00e7\u00f5es para problemas reais de pessoas reais.<\/p>\n\n\n<div class=\"wp-block-image\">\n<figure class=\"aligncenter size-full\"><img loading=\"lazy\" decoding=\"async\" width=\"765\" height=\"413\" src=\"https:\/\/webdesign.freshlab.com.br\/ccpa\/wp-content\/uploads\/2022\/11\/blog_maratonaparaobem_Eli.jpg\" alt=\"\" class=\"wp-image-758\" srcset=\"https:\/\/webdesign.freshlab.com.br\/ccpa\/wp-content\/uploads\/2022\/11\/blog_maratonaparaobem_Eli.jpg 765w, https:\/\/webdesign.freshlab.com.br\/ccpa\/wp-content\/uploads\/2022\/11\/blog_maratonaparaobem_Eli-300x162.jpg 300w\" sizes=\"auto, (max-width: 765px) 100vw, 765px\" \/><\/figure>\n<\/div>\n\n\n<p id=\"viewer-1nn2j\">Durante 6 dias (entre 25 de setembro e 1 de outubro), os estudantes das redes p\u00fablica e privada ter\u00e3o acesso \u00e0 palestras, oficinas pr\u00e1ticas e te\u00f3ricas e receber\u00e3o um desafio que consiste em um problema para o qual ter\u00e3o que construir uma solu\u00e7\u00e3o.<\/p>\n\n\n\n<p id=\"viewer-7f2pr\">O evento contar\u00e1 com a participa\u00e7\u00e3o de um engenheiro da <strong>NASA<\/strong>, uma engenheira do <strong>Google,<\/strong> uma educadora em STEM internacional e uma coach de fundadores de startups.<\/p>\n\n\n\n<p id=\"viewer-a3991\">O CCPA \u00e9 um dos col\u00e9gios que sediar\u00e1 o evento, com programa\u00e7\u00f5es diversas aliando a pr\u00e1tica e a teoria. O professor Heli Lucas, que vivencia em suas aulas a cultura maker e a Rob\u00f3tica est\u00e1 \u00e0 frente da coordena\u00e7\u00e3o projeto, junto com sua equipe. Um grande evento, sin\u00f4nimo de inova\u00e7\u00e3o para nosso estado.<\/p>\n\n\n\n<p>.<\/p>\n\n\n\n<p>.<\/p>\n\n\n\n<p>.<\/p>\n\n\n\n<p><\/p>\n\n\n\n<p><\/p>\n","protected":false},"excerpt":{"rendered":"<p>A Maratona de Inova\u00e7\u00e3o Para o Bem \u00e9 uma iniciativa que proporcionar\u00e1 a 140 alunos dos Ensinos Fundamental e M\u00e9dio a oportunidade de aprenderem de forma te\u00f3rica e pr\u00e1tica sobre a prototipagem de solu\u00e7\u00f5es para problemas reais de pessoas reais. Durante 6 dias (entre 25 de setembro e 1 de outubro), os estudantes das redes [&hellip;]<\/p>\n","protected":false},"author":2,"featured_media":760,"comment_status":"open","ping_status":"closed","sticky":false,"template":"","format":"standard","meta":{"inline_featured_image":false,"footnotes":""},"categories":[11,10,8],"tags":[15,14,34,33,32],"class_list":["post-164","post","type-post","status-publish","format-standard","has-post-thumbnail","hentry","category-ensino-fundamental","category-ensino-medio","category-eventos","tag-ccpa","tag-colegioccpa","tag-futuro","tag-maratona","tag-tecnologia"],"acf":[],"yoast_head":"<!-- This site is optimized with the Yoast SEO plugin v27.3 - https:\/\/yoast.com\/product\/yoast-seo-wordpress\/ -->\n<title>CCPA sedia 2\u00aa Edi\u00e7\u00e3o da Maratona de Inova\u00e7\u00e3o Para o Bem. - Col\u00e9gio CCPA<\/title>\n<meta name=\"robots\" content=\"index, follow, max-snippet:-1, max-image-preview:large, max-video-preview:-1\" \/>\n<link rel=\"canonical\" href=\"https:\/\/webdesign.freshlab.com.br\/ccpa\/maratona_de_inovacao_para_o_bem\/\" \/>\n<meta property=\"og:locale\" content=\"pt_BR\" \/>\n<meta property=\"og:type\" content=\"article\" \/>\n<meta property=\"og:title\" content=\"CCPA sedia 2\u00aa Edi\u00e7\u00e3o da Maratona de Inova\u00e7\u00e3o Para o Bem. - Col\u00e9gio CCPA\" \/>\n<meta property=\"og:description\" content=\"A Maratona de Inova\u00e7\u00e3o Para o Bem \u00e9 uma iniciativa que proporcionar\u00e1 a 140 alunos dos Ensinos Fundamental e M\u00e9dio a oportunidade de aprenderem de forma te\u00f3rica e pr\u00e1tica sobre a prototipagem de solu\u00e7\u00f5es para problemas reais de pessoas reais. Durante 6 dias (entre 25 de setembro e 1 de outubro), os estudantes das redes [&hellip;]\" \/>\n<meta property=\"og:url\" content=\"https:\/\/webdesign.freshlab.com.br\/ccpa\/maratona_de_inovacao_para_o_bem\/\" \/>\n<meta property=\"og:site_name\" content=\"Col\u00e9gio CCPA\" \/>\n<meta property=\"article:publisher\" content=\"https:\/\/www.facebook.com\/colegioccpa\" \/>\n<meta property=\"article:published_time\" content=\"2022-11-10T03:54:02+00:00\" \/>\n<meta property=\"article:modified_time\" content=\"2023-01-26T09:45:46+00:00\" \/>\n<meta property=\"og:image\" content=\"https:\/\/webdesign.freshlab.com.br\/ccpa\/wp-content\/uploads\/2022\/11\/maratona.jpeg\" \/>\n\t<meta property=\"og:image:width\" content=\"1024\" \/>\n\t<meta property=\"og:image:height\" content=\"766\" \/>\n\t<meta property=\"og:image:type\" content=\"image\/jpeg\" \/>\n<meta name=\"author\" content=\"CCPA\" \/>\n<meta name=\"twitter:card\" content=\"summary_large_image\" \/>\n<meta name=\"twitter:creator\" content=\"@colegio_ccpa\" \/>\n<meta name=\"twitter:site\" content=\"@colegio_ccpa\" \/>\n<meta name=\"twitter:label1\" content=\"Written by\" \/>\n\t<meta name=\"twitter:data1\" content=\"CCPA\" \/>\n\t<meta name=\"twitter:label2\" content=\"Est. reading time\" \/>\n\t<meta name=\"twitter:data2\" content=\"1 minuto\" \/>\n<script type=\"application\/ld+json\" class=\"yoast-schema-graph\">{\"@context\":\"https:\\\/\\\/schema.org\",\"@graph\":[{\"@type\":\"Article\",\"@id\":\"https:\\\/\\\/webdesign.freshlab.com.br\\\/ccpa\\\/maratona_de_inovacao_para_o_bem\\\/#article\",\"isPartOf\":{\"@id\":\"https:\\\/\\\/webdesign.freshlab.com.br\\\/ccpa\\\/maratona_de_inovacao_para_o_bem\\\/\"},\"author\":{\"name\":\"CCPA\",\"@id\":\"https:\\\/\\\/webdesign.freshlab.com.br\\\/ccpa\\\/#\\\/schema\\\/person\\\/db9da95383a87dd69dbcbc5948003d13\"},\"headline\":\"CCPA sedia 2\u00aa Edi\u00e7\u00e3o da Maratona de Inova\u00e7\u00e3o Para o Bem.\",\"datePublished\":\"2022-11-10T03:54:02+00:00\",\"dateModified\":\"2023-01-26T09:45:46+00:00\",\"mainEntityOfPage\":{\"@id\":\"https:\\\/\\\/webdesign.freshlab.com.br\\\/ccpa\\\/maratona_de_inovacao_para_o_bem\\\/\"},\"wordCount\":187,\"commentCount\":0,\"publisher\":{\"@id\":\"https:\\\/\\\/webdesign.freshlab.com.br\\\/ccpa\\\/#organization\"},\"image\":{\"@id\":\"https:\\\/\\\/webdesign.freshlab.com.br\\\/ccpa\\\/maratona_de_inovacao_para_o_bem\\\/#primaryimage\"},\"thumbnailUrl\":\"https:\\\/\\\/webdesign.freshlab.com.br\\\/ccpa\\\/wp-content\\\/uploads\\\/2022\\\/11\\\/maratona.jpeg\",\"keywords\":[\"ccpa\",\"colegioccpa\",\"futuro\",\"maratona\",\"tecnologia\"],\"articleSection\":[\"Ensino Fundamental\",\"Ensino M\u00e9dio\",\"Eventos\"],\"inLanguage\":\"pt-BR\",\"potentialAction\":[{\"@type\":\"CommentAction\",\"name\":\"Comment\",\"target\":[\"https:\\\/\\\/webdesign.freshlab.com.br\\\/ccpa\\\/maratona_de_inovacao_para_o_bem\\\/#respond\"]}]},{\"@type\":\"WebPage\",\"@id\":\"https:\\\/\\\/webdesign.freshlab.com.br\\\/ccpa\\\/maratona_de_inovacao_para_o_bem\\\/\",\"url\":\"https:\\\/\\\/webdesign.freshlab.com.br\\\/ccpa\\\/maratona_de_inovacao_para_o_bem\\\/\",\"name\":\"CCPA sedia 2\u00aa Edi\u00e7\u00e3o da Maratona de Inova\u00e7\u00e3o Para o Bem. - Col\u00e9gio CCPA\",\"isPartOf\":{\"@id\":\"https:\\\/\\\/webdesign.freshlab.com.br\\\/ccpa\\\/#website\"},\"primaryImageOfPage\":{\"@id\":\"https:\\\/\\\/webdesign.freshlab.com.br\\\/ccpa\\\/maratona_de_inovacao_para_o_bem\\\/#primaryimage\"},\"image\":{\"@id\":\"https:\\\/\\\/webdesign.freshlab.com.br\\\/ccpa\\\/maratona_de_inovacao_para_o_bem\\\/#primaryimage\"},\"thumbnailUrl\":\"https:\\\/\\\/webdesign.freshlab.com.br\\\/ccpa\\\/wp-content\\\/uploads\\\/2022\\\/11\\\/maratona.jpeg\",\"datePublished\":\"2022-11-10T03:54:02+00:00\",\"dateModified\":\"2023-01-26T09:45:46+00:00\",\"breadcrumb\":{\"@id\":\"https:\\\/\\\/webdesign.freshlab.com.br\\\/ccpa\\\/maratona_de_inovacao_para_o_bem\\\/#breadcrumb\"},\"inLanguage\":\"pt-BR\",\"potentialAction\":[{\"@type\":\"ReadAction\",\"target\":[\"https:\\\/\\\/webdesign.freshlab.com.br\\\/ccpa\\\/maratona_de_inovacao_para_o_bem\\\/\"]}]},{\"@type\":\"ImageObject\",\"inLanguage\":\"pt-BR\",\"@id\":\"https:\\\/\\\/webdesign.freshlab.com.br\\\/ccpa\\\/maratona_de_inovacao_para_o_bem\\\/#primaryimage\",\"url\":\"https:\\\/\\\/webdesign.freshlab.com.br\\\/ccpa\\\/wp-content\\\/uploads\\\/2022\\\/11\\\/maratona.jpeg\",\"contentUrl\":\"https:\\\/\\\/webdesign.freshlab.com.br\\\/ccpa\\\/wp-content\\\/uploads\\\/2022\\\/11\\\/maratona.jpeg\",\"width\":1024,\"height\":766},{\"@type\":\"BreadcrumbList\",\"@id\":\"https:\\\/\\\/webdesign.freshlab.com.br\\\/ccpa\\\/maratona_de_inovacao_para_o_bem\\\/#breadcrumb\",\"itemListElement\":[{\"@type\":\"ListItem\",\"position\":1,\"name\":\"In\u00edcio\",\"item\":\"https:\\\/\\\/webdesign.freshlab.com.br\\\/ccpa\\\/\"},{\"@type\":\"ListItem\",\"position\":2,\"name\":\"CCPA sedia 2\u00aa Edi\u00e7\u00e3o da Maratona de Inova\u00e7\u00e3o Para o Bem.\"}]},{\"@type\":\"WebSite\",\"@id\":\"https:\\\/\\\/webdesign.freshlab.com.br\\\/ccpa\\\/#website\",\"url\":\"https:\\\/\\\/webdesign.freshlab.com.br\\\/ccpa\\\/\",\"name\":\"Col\u00e9gio CCPA\",\"description\":\"\",\"publisher\":{\"@id\":\"https:\\\/\\\/webdesign.freshlab.com.br\\\/ccpa\\\/#organization\"},\"potentialAction\":[{\"@type\":\"SearchAction\",\"target\":{\"@type\":\"EntryPoint\",\"urlTemplate\":\"https:\\\/\\\/webdesign.freshlab.com.br\\\/ccpa\\\/?s={search_term_string}\"},\"query-input\":{\"@type\":\"PropertyValueSpecification\",\"valueRequired\":true,\"valueName\":\"search_term_string\"}}],\"inLanguage\":\"pt-BR\"},{\"@type\":\"Organization\",\"@id\":\"https:\\\/\\\/webdesign.freshlab.com.br\\\/ccpa\\\/#organization\",\"name\":\"Col\u00e9gio CCPA\",\"url\":\"https:\\\/\\\/webdesign.freshlab.com.br\\\/ccpa\\\/\",\"logo\":{\"@type\":\"ImageObject\",\"inLanguage\":\"pt-BR\",\"@id\":\"https:\\\/\\\/webdesign.freshlab.com.br\\\/ccpa\\\/#\\\/schema\\\/logo\\\/image\\\/\",\"url\":\"https:\\\/\\\/webdesign.freshlab.com.br\\\/ccpa\\\/wp-content\\\/uploads\\\/2022\\\/11\\\/logo.svg\",\"contentUrl\":\"https:\\\/\\\/webdesign.freshlab.com.br\\\/ccpa\\\/wp-content\\\/uploads\\\/2022\\\/11\\\/logo.svg\",\"width\":147,\"height\":38,\"caption\":\"Col\u00e9gio CCPA\"},\"image\":{\"@id\":\"https:\\\/\\\/webdesign.freshlab.com.br\\\/ccpa\\\/#\\\/schema\\\/logo\\\/image\\\/\"},\"sameAs\":[\"https:\\\/\\\/www.facebook.com\\\/colegioccpa\",\"https:\\\/\\\/x.com\\\/colegio_ccpa\",\"https:\\\/\\\/www.tiktok.com\\\/@colegioccpa\",\"https:\\\/\\\/www.instagram.com\\\/colegio_ccpa\\\/\",\"https:\\\/\\\/www.linkedin.com\\\/company\\\/colgio-ccpa\",\"https:\\\/\\\/www.youtube.com\\\/user\\\/colegioccpa\"]},{\"@type\":\"Person\",\"@id\":\"https:\\\/\\\/webdesign.freshlab.com.br\\\/ccpa\\\/#\\\/schema\\\/person\\\/db9da95383a87dd69dbcbc5948003d13\",\"name\":\"CCPA\",\"url\":\"https:\\\/\\\/webdesign.freshlab.com.br\\\/ccpa\\\/author\\\/ccpa\\\/\"}]}<\/script>\n<!-- \/ Yoast SEO plugin. -->","yoast_head_json":{"title":"CCPA sedia 2\u00aa Edi\u00e7\u00e3o da Maratona de Inova\u00e7\u00e3o Para o Bem. - Col\u00e9gio CCPA","robots":{"index":"index","follow":"follow","max-snippet":"max-snippet:-1","max-image-preview":"max-image-preview:large","max-video-preview":"max-video-preview:-1"},"canonical":"https:\/\/webdesign.freshlab.com.br\/ccpa\/maratona_de_inovacao_para_o_bem\/","og_locale":"pt_BR","og_type":"article","og_title":"CCPA sedia 2\u00aa Edi\u00e7\u00e3o da Maratona de Inova\u00e7\u00e3o Para o Bem. - Col\u00e9gio CCPA","og_description":"A Maratona de Inova\u00e7\u00e3o Para o Bem \u00e9 uma iniciativa que proporcionar\u00e1 a 140 alunos dos Ensinos Fundamental e M\u00e9dio a oportunidade de aprenderem de forma te\u00f3rica e pr\u00e1tica sobre a prototipagem de solu\u00e7\u00f5es para problemas reais de pessoas reais. Durante 6 dias (entre 25 de setembro e 1 de outubro), os estudantes das redes [&hellip;]","og_url":"https:\/\/webdesign.freshlab.com.br\/ccpa\/maratona_de_inovacao_para_o_bem\/","og_site_name":"Col\u00e9gio CCPA","article_publisher":"https:\/\/www.facebook.com\/colegioccpa","article_published_time":"2022-11-10T03:54:02+00:00","article_modified_time":"2023-01-26T09:45:46+00:00","og_image":[{"width":1024,"height":766,"url":"https:\/\/webdesign.freshlab.com.br\/ccpa\/wp-content\/uploads\/2022\/11\/maratona.jpeg","type":"image\/jpeg"}],"author":"CCPA","twitter_card":"summary_large_image","twitter_creator":"@colegio_ccpa","twitter_site":"@colegio_ccpa","twitter_misc":{"Written by":"CCPA","Est. reading time":"1 minuto"},"schema":{"@context":"https:\/\/schema.org","@graph":[{"@type":"Article","@id":"https:\/\/webdesign.freshlab.com.br\/ccpa\/maratona_de_inovacao_para_o_bem\/#article","isPartOf":{"@id":"https:\/\/webdesign.freshlab.com.br\/ccpa\/maratona_de_inovacao_para_o_bem\/"},"author":{"name":"CCPA","@id":"https:\/\/webdesign.freshlab.com.br\/ccpa\/#\/schema\/person\/db9da95383a87dd69dbcbc5948003d13"},"headline":"CCPA sedia 2\u00aa Edi\u00e7\u00e3o da Maratona de Inova\u00e7\u00e3o Para o Bem.","datePublished":"2022-11-10T03:54:02+00:00","dateModified":"2023-01-26T09:45:46+00:00","mainEntityOfPage":{"@id":"https:\/\/webdesign.freshlab.com.br\/ccpa\/maratona_de_inovacao_para_o_bem\/"},"wordCount":187,"commentCount":0,"publisher":{"@id":"https:\/\/webdesign.freshlab.com.br\/ccpa\/#organization"},"image":{"@id":"https:\/\/webdesign.freshlab.com.br\/ccpa\/maratona_de_inovacao_para_o_bem\/#primaryimage"},"thumbnailUrl":"https:\/\/webdesign.freshlab.com.br\/ccpa\/wp-content\/uploads\/2022\/11\/maratona.jpeg","keywords":["ccpa","colegioccpa","futuro","maratona","tecnologia"],"articleSection":["Ensino Fundamental","Ensino M\u00e9dio","Eventos"],"inLanguage":"pt-BR","potentialAction":[{"@type":"CommentAction","name":"Comment","target":["https:\/\/webdesign.freshlab.com.br\/ccpa\/maratona_de_inovacao_para_o_bem\/#respond"]}]},{"@type":"WebPage","@id":"https:\/\/webdesign.freshlab.com.br\/ccpa\/maratona_de_inovacao_para_o_bem\/","url":"https:\/\/webdesign.freshlab.com.br\/ccpa\/maratona_de_inovacao_para_o_bem\/","name":"CCPA sedia 2\u00aa Edi\u00e7\u00e3o da Maratona de Inova\u00e7\u00e3o Para o Bem. - Col\u00e9gio CCPA","isPartOf":{"@id":"https:\/\/webdesign.freshlab.com.br\/ccpa\/#website"},"primaryImageOfPage":{"@id":"https:\/\/webdesign.freshlab.com.br\/ccpa\/maratona_de_inovacao_para_o_bem\/#primaryimage"},"image":{"@id":"https:\/\/webdesign.freshlab.com.br\/ccpa\/maratona_de_inovacao_para_o_bem\/#primaryimage"},"thumbnailUrl":"https:\/\/webdesign.freshlab.com.br\/ccpa\/wp-content\/uploads\/2022\/11\/maratona.jpeg","datePublished":"2022-11-10T03:54:02+00:00","dateModified":"2023-01-26T09:45:46+00:00","breadcrumb":{"@id":"https:\/\/webdesign.freshlab.com.br\/ccpa\/maratona_de_inovacao_para_o_bem\/#breadcrumb"},"inLanguage":"pt-BR","potentialAction":[{"@type":"ReadAction","target":["https:\/\/webdesign.freshlab.com.br\/ccpa\/maratona_de_inovacao_para_o_bem\/"]}]},{"@type":"ImageObject","inLanguage":"pt-BR","@id":"https:\/\/webdesign.freshlab.com.br\/ccpa\/maratona_de_inovacao_para_o_bem\/#primaryimage","url":"https:\/\/webdesign.freshlab.com.br\/ccpa\/wp-content\/uploads\/2022\/11\/maratona.jpeg","contentUrl":"https:\/\/webdesign.freshlab.com.br\/ccpa\/wp-content\/uploads\/2022\/11\/maratona.jpeg","width":1024,"height":766},{"@type":"BreadcrumbList","@id":"https:\/\/webdesign.freshlab.com.br\/ccpa\/maratona_de_inovacao_para_o_bem\/#breadcrumb","itemListElement":[{"@type":"ListItem","position":1,"name":"In\u00edcio","item":"https:\/\/webdesign.freshlab.com.br\/ccpa\/"},{"@type":"ListItem","position":2,"name":"CCPA sedia 2\u00aa Edi\u00e7\u00e3o da Maratona de Inova\u00e7\u00e3o Para o Bem."}]},{"@type":"WebSite","@id":"https:\/\/webdesign.freshlab.com.br\/ccpa\/#website","url":"https:\/\/webdesign.freshlab.com.br\/ccpa\/","name":"Col\u00e9gio CCPA","description":"","publisher":{"@id":"https:\/\/webdesign.freshlab.com.br\/ccpa\/#organization"},"potentialAction":[{"@type":"SearchAction","target":{"@type":"EntryPoint","urlTemplate":"https:\/\/webdesign.freshlab.com.br\/ccpa\/?s={search_term_string}"},"query-input":{"@type":"PropertyValueSpecification","valueRequired":true,"valueName":"search_term_string"}}],"inLanguage":"pt-BR"},{"@type":"Organization","@id":"https:\/\/webdesign.freshlab.com.br\/ccpa\/#organization","name":"Col\u00e9gio CCPA","url":"https:\/\/webdesign.freshlab.com.br\/ccpa\/","logo":{"@type":"ImageObject","inLanguage":"pt-BR","@id":"https:\/\/webdesign.freshlab.com.br\/ccpa\/#\/schema\/logo\/image\/","url":"https:\/\/webdesign.freshlab.com.br\/ccpa\/wp-content\/uploads\/2022\/11\/logo.svg","contentUrl":"https:\/\/webdesign.freshlab.com.br\/ccpa\/wp-content\/uploads\/2022\/11\/logo.svg","width":147,"height":38,"caption":"Col\u00e9gio CCPA"},"image":{"@id":"https:\/\/webdesign.freshlab.com.br\/ccpa\/#\/schema\/logo\/image\/"},"sameAs":["https:\/\/www.facebook.com\/colegioccpa","https:\/\/x.com\/colegio_ccpa","https:\/\/www.tiktok.com\/@colegioccpa","https:\/\/www.instagram.com\/colegio_ccpa\/","https:\/\/www.linkedin.com\/company\/colgio-ccpa","https:\/\/www.youtube.com\/user\/colegioccpa"]},{"@type":"Person","@id":"https:\/\/webdesign.freshlab.com.br\/ccpa\/#\/schema\/person\/db9da95383a87dd69dbcbc5948003d13","name":"CCPA","url":"https:\/\/webdesign.freshlab.com.br\/ccpa\/author\/ccpa\/"}]}},"_links":{"self":[{"href":"https:\/\/webdesign.freshlab.com.br\/ccpa\/wp-json\/wp\/v2\/posts\/164","targetHints":{"allow":["GET"]}}],"collection":[{"href":"https:\/\/webdesign.freshlab.com.br\/ccpa\/wp-json\/wp\/v2\/posts"}],"about":[{"href":"https:\/\/webdesign.freshlab.com.br\/ccpa\/wp-json\/wp\/v2\/types\/post"}],"author":[{"embeddable":true,"href":"https:\/\/webdesign.freshlab.com.br\/ccpa\/wp-json\/wp\/v2\/users\/2"}],"replies":[{"embeddable":true,"href":"https:\/\/webdesign.freshlab.com.br\/ccpa\/wp-json\/wp\/v2\/comments?post=164"}],"version-history":[{"count":4,"href":"https:\/\/webdesign.freshlab.com.br\/ccpa\/wp-json\/wp\/v2\/posts\/164\/revisions"}],"predecessor-version":[{"id":762,"href":"https:\/\/webdesign.freshlab.com.br\/ccpa\/wp-json\/wp\/v2\/posts\/164\/revisions\/762"}],"wp:featuredmedia":[{"embeddable":true,"href":"https:\/\/webdesign.freshlab.com.br\/ccpa\/wp-json\/wp\/v2\/media\/760"}],"wp:attachment":[{"href":"https:\/\/webdesign.freshlab.com.br\/ccpa\/wp-json\/wp\/v2\/media?parent=164"}],"wp:term":[{"taxonomy":"category","embeddable":true,"href":"https:\/\/webdesign.freshlab.com.br\/ccpa\/wp-json\/wp\/v2\/categories?post=164"},{"taxonomy":"post_tag","embeddable":true,"href":"https:\/\/webdesign.freshlab.com.br\/ccpa\/wp-json\/wp\/v2\/tags?post=164"}],"curies":[{"name":"wp","href":"https:\/\/api.w.org\/{rel}","templated":true}]}}