{"id":2294,"date":"2024-01-18T15:02:30","date_gmt":"2024-01-18T15:02:30","guid":{"rendered":"https:\/\/ccpa.com.br\/?p=2294"},"modified":"2024-01-18T18:00:30","modified_gmt":"2024-01-18T18:00:30","slug":"volta-as-aulas-educador-destaca-projetos-pedagogicos-que-fomentam-o-desenvolvimento-educacional-e-pessoal-do-aluno","status":"publish","type":"post","link":"https:\/\/webdesign.freshlab.com.br\/ccpa\/volta-as-aulas-educador-destaca-projetos-pedagogicos-que-fomentam-o-desenvolvimento-educacional-e-pessoal-do-aluno\/","title":{"rendered":"Volta \u00e0s aulas: educador destaca projetos pedag\u00f3gicos"},"content":{"rendered":"\n<p><em>Al\u00e9m da preocupa\u00e7\u00e3o em entender e acolher as demandas individuais, o CCPA tamb\u00e9m tem o papel de desenvolver em seus alunos a consci\u00eancia como cidad\u00e3o e a valoriza\u00e7\u00e3o cultural.<\/em><\/p>\n\n\n\n<p>O ano de 2024 iniciou para valer na \u00faltima segunda-feira (15) para familiares e alunos do col\u00e9gio CCPA. A semana come\u00e7ou agitada com a recep\u00e7\u00e3o dos alunos do Fundamental I, Fundamental II e Ensino M\u00e9dio. Para esse ano letivo a institui\u00e7\u00e3o promete consolidar projetos que j\u00e1 foram sucesso em 2023, sempre com foco no acolhimento das necessidades dos alunos.<\/p>\n\n\n\n<p>Dentro desse contexto, um dos pilares do CCPA \u00e9 a quest\u00e3o da sa\u00fade mental. De acordo com o coordenador geral, Leonardo Matos, a escola possui um n\u00facleo bem estruturado, que consegue fazer um direcionamento muito importante com as fam\u00edlias e as crian\u00e7as. \u201cTemos psic\u00f3logas e psicopedagogas que fazem acompanhamento e direcionamento nas mais diferentes demandas, porque falar de sa\u00fade mental \u00e9 falar de um pr\u00e9-requisito fundamental para o desenvolvimento cognitivo e interpessoal\u201d, destacou.<\/p>\n\n\n\n<p>Al\u00e9m dessa preocupa\u00e7\u00e3o em entender e acolher as demandas individuais, o CCPA tamb\u00e9m tem o papel de desenvolver em seus alunos a consci\u00eancia como cidad\u00e3o e a valoriza\u00e7\u00e3o cultural, trabalho que se inicia desde a educa\u00e7\u00e3o infantil. \u201cUma coisa muito importante \u00e9 concep\u00e7\u00e3o de crian\u00e7a, de inf\u00e2ncia .Nesse processo de ensino na educa\u00e7\u00e3o infantil precisamos entender a crian\u00e7a como protagonista do processo, uma esponja para aprender. Por isso, todo processo de aprendizagem nessa fase guarda uma intencionalidade em cada a\u00e7\u00e3o. Desse modo, todo procedimento \u00e9 regado a muita organiza\u00e7\u00e3o, constru\u00e7\u00e3o de rotina e bons h\u00e1bitos\u201d, afirmou o coordenador.<\/p>\n\n\n\n<p><strong>Projetos<\/strong><\/p>\n\n\n\n<p>No CCPA os alunos desde a Educa\u00e7\u00e3o Infantil at\u00e9 o Ensino M\u00e9dio contam com a\u00e7\u00f5es que preparam desde a base, a crian\u00e7a e o jovem, para o mundo. Um dos exemplos \u00e9 o English Class, um projeto diferenciado que come\u00e7a na Educa\u00e7\u00e3o Infantil e ganha corpo at\u00e9 o 3\u00ba ano do Ensino M\u00e9dio.\u201dEsse \u00e9 um projeto bem estruturado, com cinco aulas semanais e turmas reduzidas. Al\u00e9m das aulas de ingl\u00eas do hor\u00e1rio regular, preparamos nossos alunos para as certifica\u00e7\u00f5es internacionais de Cambridge, isso s\u00f3 o CCPA tem em Sergipe\u201d, declarou o educador.<\/p>\n\n\n\n<p>Outro projeto de destaque \u00e9 o de Internacionaliza\u00e7\u00e3o, que consiste em uma parceria com oito institui\u00e7\u00f5es internacionais que possibilitam conex\u00f5es dos alunos do\u00a0CCPA com programas internacionais. \u201c\u00c9 uma conex\u00e3o dos nossos alunos com o mundo e \u00e9 um diferencial competitivo gigantesco, \u00e9 uma nova percep\u00e7\u00e3o de mundo e tem tudo a ver com com a cultura do english class, de fortalecer o ingl\u00eas, porque para participar de programas como estes os alunos precisam de n\u00edveis b\u00e1sicos de ingl\u00eas e aqui preparamos nossos alunos para essas vagas\u201d, afirmou.<\/p>\n\n\n\n<p>Um outro diferencial \u00e9 o Mais CCPA, o turno estendido, que vai da Educa\u00e7\u00e3o Infantil at\u00e9 o 9\u00ba ano do Ensino Fundamental. Segundo o coordenador Leonardo Matos, at\u00e9 o 5\u00ba ano, al\u00e9m das atividades associadas ao ensino regular, s\u00e3o desenvolvidas oficinas de m\u00fasica, artes e culin\u00e1ria. \u201cA partir do 6\u00ba ano, o aluno passa a ter monitorias de estudo, pois j\u00e1 passa a ter outro ritmo na escola, com uma rotina de mais disciplinas. Dessa forma, o col\u00e9gio promove um processo de matura\u00e7\u00e3o do jovem para que ele consiga ganhar autonomia e liberdade no processo de estudos, levando o aluno a aprender de maneira mais descontra\u00edda, mas com rotinas e bons h\u00e1bitos\u201d, ressaltou.<\/p>\n\n\n\n<p><strong>Educa\u00e7\u00e3o infantil<\/strong><\/p>\n\n\n\n<p>Para os pequenos as aulas ser\u00e3o retomadas na pr\u00f3xima segunda-feira (22). Esse ano, as f\u00e9rias foram prolongadas um pouco mais por um bom motivo, o CCPA est\u00e1 concluindo a reforma do espa\u00e7o f\u00edsico da Educa\u00e7\u00e3o Infantil, que vai proporcionar muito mais conforto.<\/p>\n\n\n\n<p>A matriz curricular da Educa\u00e7\u00e3o Infantil \u00e9 bem estruturada, atrav\u00e9s dos campos de experi\u00eancias da escuta, fala, imagina\u00e7\u00e3o, hipersensibilidades, quest\u00f5es de espa\u00e7o temporal, rela\u00e7\u00f5es, motricidade, entre outras. Para o coordenador, h\u00e1 uma intencionalidade em todas as atividades, n\u00e3o \u00e9 s\u00f3 brincar, pois at\u00e9 a brincadeira tem direcionamento.<\/p>\n\n\n\n<p>\u201c\u00c9 dentro da Educa\u00e7\u00e3o Infantil que conseguimos desenvolver v\u00e1rios projetos de desenvolvimento da imagina\u00e7\u00e3o atrav\u00e9s da leitura e conta\u00e7\u00e3o de hist\u00f3rias. Assim como o projeto da Sergipanidade, o CCPA \u00e9 uma escola de quase 50 anos e falar da nossa terra, da nossa cultura \u00e9 algo latente.<\/p>\n\n\n\n<p>Nessa fase tamb\u00e9m despertamos nos nossos alunos o interesse pela atividade esportiva, atrav\u00e9s do nosso Joguinhos Internos, que envolve a fam\u00edlia, busca um processo de est\u00edmulo ao esporte, a vida saud\u00e1vel, constru\u00e7\u00e3o e percep\u00e7\u00e3o de corpo de desenvolvimento f\u00edsico e fisiol\u00f3gico\u201d, concluiu.<\/p>\n","protected":false},"excerpt":{"rendered":"<p>Al\u00e9m da preocupa\u00e7\u00e3o em entender e acolher as demandas individuais, o CCPA tamb\u00e9m tem o papel de desenvolver em seus alunos a consci\u00eancia como cidad\u00e3o e a valoriza\u00e7\u00e3o cultural. O ano de 2024 iniciou para valer na \u00faltima segunda-feira (15) para familiares e alunos do col\u00e9gio CCPA. A semana come\u00e7ou agitada com a recep\u00e7\u00e3o dos [&hellip;]<\/p>\n","protected":false},"author":4,"featured_media":2295,"comment_status":"closed","ping_status":"closed","sticky":false,"template":"","format":"standard","meta":{"inline_featured_image":false,"footnotes":""},"categories":[68],"tags":[67,15,14,66],"class_list":["post-2294","post","type-post","status-publish","format-standard","has-post-thumbnail","hentry","category-noticias","tag-67","tag-ccpa","tag-colegioccpa","tag-volta-as-aulas"],"acf":[],"yoast_head":"<!-- This site is optimized with the Yoast SEO plugin v27.3 - https:\/\/yoast.com\/product\/yoast-seo-wordpress\/ -->\n<title>Volta \u00e0s aulas: educador destaca projetos pedag\u00f3gicos - Col\u00e9gio CCPA<\/title>\n<meta name=\"robots\" content=\"index, follow, max-snippet:-1, max-image-preview:large, max-video-preview:-1\" \/>\n<link rel=\"canonical\" href=\"https:\/\/webdesign.freshlab.com.br\/ccpa\/volta-as-aulas-educador-destaca-projetos-pedagogicos-que-fomentam-o-desenvolvimento-educacional-e-pessoal-do-aluno\/\" \/>\n<meta property=\"og:locale\" content=\"pt_BR\" \/>\n<meta property=\"og:type\" content=\"article\" \/>\n<meta property=\"og:title\" content=\"Volta \u00e0s aulas: educador destaca projetos pedag\u00f3gicos - Col\u00e9gio CCPA\" \/>\n<meta property=\"og:description\" content=\"Al\u00e9m da preocupa\u00e7\u00e3o em entender e acolher as demandas individuais, o CCPA tamb\u00e9m tem o papel de desenvolver em seus alunos a consci\u00eancia como cidad\u00e3o e a valoriza\u00e7\u00e3o cultural. O ano de 2024 iniciou para valer na \u00faltima segunda-feira (15) para familiares e alunos do col\u00e9gio CCPA. A semana come\u00e7ou agitada com a recep\u00e7\u00e3o dos [&hellip;]\" \/>\n<meta property=\"og:url\" content=\"https:\/\/webdesign.freshlab.com.br\/ccpa\/volta-as-aulas-educador-destaca-projetos-pedagogicos-que-fomentam-o-desenvolvimento-educacional-e-pessoal-do-aluno\/\" \/>\n<meta property=\"og:site_name\" content=\"Col\u00e9gio CCPA\" \/>\n<meta property=\"article:publisher\" content=\"https:\/\/www.facebook.com\/colegioccpa\" \/>\n<meta property=\"article:published_time\" content=\"2024-01-18T15:02:30+00:00\" \/>\n<meta property=\"article:modified_time\" content=\"2024-01-18T18:00:30+00:00\" \/>\n<meta property=\"og:image\" content=\"https:\/\/webdesign.freshlab.com.br\/ccpa\/wp-content\/uploads\/2024\/01\/blog02.jpg\" \/>\n\t<meta property=\"og:image:width\" content=\"1421\" \/>\n\t<meta property=\"og:image:height\" content=\"944\" \/>\n\t<meta property=\"og:image:type\" content=\"image\/jpeg\" \/>\n<meta name=\"author\" content=\"Roberta Dias\" \/>\n<meta name=\"twitter:card\" content=\"summary_large_image\" \/>\n<meta name=\"twitter:creator\" content=\"@colegio_ccpa\" \/>\n<meta name=\"twitter:site\" content=\"@colegio_ccpa\" \/>\n<meta name=\"twitter:label1\" content=\"Written by\" \/>\n\t<meta name=\"twitter:data1\" content=\"Roberta Dias\" \/>\n\t<meta name=\"twitter:label2\" content=\"Est. reading time\" \/>\n\t<meta name=\"twitter:data2\" content=\"5 minutos\" \/>\n<script type=\"application\/ld+json\" class=\"yoast-schema-graph\">{\"@context\":\"https:\\\/\\\/schema.org\",\"@graph\":[{\"@type\":\"Article\",\"@id\":\"https:\\\/\\\/webdesign.freshlab.com.br\\\/ccpa\\\/volta-as-aulas-educador-destaca-projetos-pedagogicos-que-fomentam-o-desenvolvimento-educacional-e-pessoal-do-aluno\\\/#article\",\"isPartOf\":{\"@id\":\"https:\\\/\\\/webdesign.freshlab.com.br\\\/ccpa\\\/volta-as-aulas-educador-destaca-projetos-pedagogicos-que-fomentam-o-desenvolvimento-educacional-e-pessoal-do-aluno\\\/\"},\"author\":{\"name\":\"Roberta Dias\",\"@id\":\"https:\\\/\\\/webdesign.freshlab.com.br\\\/ccpa\\\/#\\\/schema\\\/person\\\/6efb71a9ea1819fb05a70d22d51eeb98\"},\"headline\":\"Volta \u00e0s aulas: educador destaca projetos pedag\u00f3gicos\",\"datePublished\":\"2024-01-18T15:02:30+00:00\",\"dateModified\":\"2024-01-18T18:00:30+00:00\",\"mainEntityOfPage\":{\"@id\":\"https:\\\/\\\/webdesign.freshlab.com.br\\\/ccpa\\\/volta-as-aulas-educador-destaca-projetos-pedagogicos-que-fomentam-o-desenvolvimento-educacional-e-pessoal-do-aluno\\\/\"},\"wordCount\":811,\"publisher\":{\"@id\":\"https:\\\/\\\/webdesign.freshlab.com.br\\\/ccpa\\\/#organization\"},\"image\":{\"@id\":\"https:\\\/\\\/webdesign.freshlab.com.br\\\/ccpa\\\/volta-as-aulas-educador-destaca-projetos-pedagogicos-que-fomentam-o-desenvolvimento-educacional-e-pessoal-do-aluno\\\/#primaryimage\"},\"thumbnailUrl\":\"https:\\\/\\\/webdesign.freshlab.com.br\\\/ccpa\\\/wp-content\\\/uploads\\\/2024\\\/01\\\/blog02.jpg\",\"keywords\":[\"2024\",\"ccpa\",\"colegioccpa\",\"volta as aulas\"],\"articleSection\":[\"NOT\u00cdCIAS\"],\"inLanguage\":\"pt-BR\"},{\"@type\":\"WebPage\",\"@id\":\"https:\\\/\\\/webdesign.freshlab.com.br\\\/ccpa\\\/volta-as-aulas-educador-destaca-projetos-pedagogicos-que-fomentam-o-desenvolvimento-educacional-e-pessoal-do-aluno\\\/\",\"url\":\"https:\\\/\\\/webdesign.freshlab.com.br\\\/ccpa\\\/volta-as-aulas-educador-destaca-projetos-pedagogicos-que-fomentam-o-desenvolvimento-educacional-e-pessoal-do-aluno\\\/\",\"name\":\"Volta \u00e0s aulas: educador destaca projetos pedag\u00f3gicos - Col\u00e9gio CCPA\",\"isPartOf\":{\"@id\":\"https:\\\/\\\/webdesign.freshlab.com.br\\\/ccpa\\\/#website\"},\"primaryImageOfPage\":{\"@id\":\"https:\\\/\\\/webdesign.freshlab.com.br\\\/ccpa\\\/volta-as-aulas-educador-destaca-projetos-pedagogicos-que-fomentam-o-desenvolvimento-educacional-e-pessoal-do-aluno\\\/#primaryimage\"},\"image\":{\"@id\":\"https:\\\/\\\/webdesign.freshlab.com.br\\\/ccpa\\\/volta-as-aulas-educador-destaca-projetos-pedagogicos-que-fomentam-o-desenvolvimento-educacional-e-pessoal-do-aluno\\\/#primaryimage\"},\"thumbnailUrl\":\"https:\\\/\\\/webdesign.freshlab.com.br\\\/ccpa\\\/wp-content\\\/uploads\\\/2024\\\/01\\\/blog02.jpg\",\"datePublished\":\"2024-01-18T15:02:30+00:00\",\"dateModified\":\"2024-01-18T18:00:30+00:00\",\"breadcrumb\":{\"@id\":\"https:\\\/\\\/webdesign.freshlab.com.br\\\/ccpa\\\/volta-as-aulas-educador-destaca-projetos-pedagogicos-que-fomentam-o-desenvolvimento-educacional-e-pessoal-do-aluno\\\/#breadcrumb\"},\"inLanguage\":\"pt-BR\",\"potentialAction\":[{\"@type\":\"ReadAction\",\"target\":[\"https:\\\/\\\/webdesign.freshlab.com.br\\\/ccpa\\\/volta-as-aulas-educador-destaca-projetos-pedagogicos-que-fomentam-o-desenvolvimento-educacional-e-pessoal-do-aluno\\\/\"]}]},{\"@type\":\"ImageObject\",\"inLanguage\":\"pt-BR\",\"@id\":\"https:\\\/\\\/webdesign.freshlab.com.br\\\/ccpa\\\/volta-as-aulas-educador-destaca-projetos-pedagogicos-que-fomentam-o-desenvolvimento-educacional-e-pessoal-do-aluno\\\/#primaryimage\",\"url\":\"https:\\\/\\\/webdesign.freshlab.com.br\\\/ccpa\\\/wp-content\\\/uploads\\\/2024\\\/01\\\/blog02.jpg\",\"contentUrl\":\"https:\\\/\\\/webdesign.freshlab.com.br\\\/ccpa\\\/wp-content\\\/uploads\\\/2024\\\/01\\\/blog02.jpg\",\"width\":1421,\"height\":944},{\"@type\":\"BreadcrumbList\",\"@id\":\"https:\\\/\\\/webdesign.freshlab.com.br\\\/ccpa\\\/volta-as-aulas-educador-destaca-projetos-pedagogicos-que-fomentam-o-desenvolvimento-educacional-e-pessoal-do-aluno\\\/#breadcrumb\",\"itemListElement\":[{\"@type\":\"ListItem\",\"position\":1,\"name\":\"In\u00edcio\",\"item\":\"https:\\\/\\\/webdesign.freshlab.com.br\\\/ccpa\\\/\"},{\"@type\":\"ListItem\",\"position\":2,\"name\":\"Volta \u00e0s aulas: educador destaca projetos pedag\u00f3gicos\"}]},{\"@type\":\"WebSite\",\"@id\":\"https:\\\/\\\/webdesign.freshlab.com.br\\\/ccpa\\\/#website\",\"url\":\"https:\\\/\\\/webdesign.freshlab.com.br\\\/ccpa\\\/\",\"name\":\"Col\u00e9gio CCPA\",\"description\":\"\",\"publisher\":{\"@id\":\"https:\\\/\\\/webdesign.freshlab.com.br\\\/ccpa\\\/#organization\"},\"potentialAction\":[{\"@type\":\"SearchAction\",\"target\":{\"@type\":\"EntryPoint\",\"urlTemplate\":\"https:\\\/\\\/webdesign.freshlab.com.br\\\/ccpa\\\/?s={search_term_string}\"},\"query-input\":{\"@type\":\"PropertyValueSpecification\",\"valueRequired\":true,\"valueName\":\"search_term_string\"}}],\"inLanguage\":\"pt-BR\"},{\"@type\":\"Organization\",\"@id\":\"https:\\\/\\\/webdesign.freshlab.com.br\\\/ccpa\\\/#organization\",\"name\":\"Col\u00e9gio CCPA\",\"url\":\"https:\\\/\\\/webdesign.freshlab.com.br\\\/ccpa\\\/\",\"logo\":{\"@type\":\"ImageObject\",\"inLanguage\":\"pt-BR\",\"@id\":\"https:\\\/\\\/webdesign.freshlab.com.br\\\/ccpa\\\/#\\\/schema\\\/logo\\\/image\\\/\",\"url\":\"https:\\\/\\\/webdesign.freshlab.com.br\\\/ccpa\\\/wp-content\\\/uploads\\\/2022\\\/11\\\/logo.svg\",\"contentUrl\":\"https:\\\/\\\/webdesign.freshlab.com.br\\\/ccpa\\\/wp-content\\\/uploads\\\/2022\\\/11\\\/logo.svg\",\"width\":147,\"height\":38,\"caption\":\"Col\u00e9gio CCPA\"},\"image\":{\"@id\":\"https:\\\/\\\/webdesign.freshlab.com.br\\\/ccpa\\\/#\\\/schema\\\/logo\\\/image\\\/\"},\"sameAs\":[\"https:\\\/\\\/www.facebook.com\\\/colegioccpa\",\"https:\\\/\\\/x.com\\\/colegio_ccpa\",\"https:\\\/\\\/www.tiktok.com\\\/@colegioccpa\",\"https:\\\/\\\/www.instagram.com\\\/colegio_ccpa\\\/\",\"https:\\\/\\\/www.linkedin.com\\\/company\\\/colgio-ccpa\",\"https:\\\/\\\/www.youtube.com\\\/user\\\/colegioccpa\"]},{\"@type\":\"Person\",\"@id\":\"https:\\\/\\\/webdesign.freshlab.com.br\\\/ccpa\\\/#\\\/schema\\\/person\\\/6efb71a9ea1819fb05a70d22d51eeb98\",\"name\":\"Roberta Dias\",\"url\":\"https:\\\/\\\/webdesign.freshlab.com.br\\\/ccpa\\\/author\\\/robertadias\\\/\"}]}<\/script>\n<!-- \/ Yoast SEO plugin. -->","yoast_head_json":{"title":"Volta \u00e0s aulas: educador destaca projetos pedag\u00f3gicos - Col\u00e9gio CCPA","robots":{"index":"index","follow":"follow","max-snippet":"max-snippet:-1","max-image-preview":"max-image-preview:large","max-video-preview":"max-video-preview:-1"},"canonical":"https:\/\/webdesign.freshlab.com.br\/ccpa\/volta-as-aulas-educador-destaca-projetos-pedagogicos-que-fomentam-o-desenvolvimento-educacional-e-pessoal-do-aluno\/","og_locale":"pt_BR","og_type":"article","og_title":"Volta \u00e0s aulas: educador destaca projetos pedag\u00f3gicos - Col\u00e9gio CCPA","og_description":"Al\u00e9m da preocupa\u00e7\u00e3o em entender e acolher as demandas individuais, o CCPA tamb\u00e9m tem o papel de desenvolver em seus alunos a consci\u00eancia como cidad\u00e3o e a valoriza\u00e7\u00e3o cultural. O ano de 2024 iniciou para valer na \u00faltima segunda-feira (15) para familiares e alunos do col\u00e9gio CCPA. A semana come\u00e7ou agitada com a recep\u00e7\u00e3o dos [&hellip;]","og_url":"https:\/\/webdesign.freshlab.com.br\/ccpa\/volta-as-aulas-educador-destaca-projetos-pedagogicos-que-fomentam-o-desenvolvimento-educacional-e-pessoal-do-aluno\/","og_site_name":"Col\u00e9gio CCPA","article_publisher":"https:\/\/www.facebook.com\/colegioccpa","article_published_time":"2024-01-18T15:02:30+00:00","article_modified_time":"2024-01-18T18:00:30+00:00","og_image":[{"width":1421,"height":944,"url":"https:\/\/webdesign.freshlab.com.br\/ccpa\/wp-content\/uploads\/2024\/01\/blog02.jpg","type":"image\/jpeg"}],"author":"Roberta Dias","twitter_card":"summary_large_image","twitter_creator":"@colegio_ccpa","twitter_site":"@colegio_ccpa","twitter_misc":{"Written by":"Roberta Dias","Est. reading time":"5 minutos"},"schema":{"@context":"https:\/\/schema.org","@graph":[{"@type":"Article","@id":"https:\/\/webdesign.freshlab.com.br\/ccpa\/volta-as-aulas-educador-destaca-projetos-pedagogicos-que-fomentam-o-desenvolvimento-educacional-e-pessoal-do-aluno\/#article","isPartOf":{"@id":"https:\/\/webdesign.freshlab.com.br\/ccpa\/volta-as-aulas-educador-destaca-projetos-pedagogicos-que-fomentam-o-desenvolvimento-educacional-e-pessoal-do-aluno\/"},"author":{"name":"Roberta Dias","@id":"https:\/\/webdesign.freshlab.com.br\/ccpa\/#\/schema\/person\/6efb71a9ea1819fb05a70d22d51eeb98"},"headline":"Volta \u00e0s aulas: educador destaca projetos pedag\u00f3gicos","datePublished":"2024-01-18T15:02:30+00:00","dateModified":"2024-01-18T18:00:30+00:00","mainEntityOfPage":{"@id":"https:\/\/webdesign.freshlab.com.br\/ccpa\/volta-as-aulas-educador-destaca-projetos-pedagogicos-que-fomentam-o-desenvolvimento-educacional-e-pessoal-do-aluno\/"},"wordCount":811,"publisher":{"@id":"https:\/\/webdesign.freshlab.com.br\/ccpa\/#organization"},"image":{"@id":"https:\/\/webdesign.freshlab.com.br\/ccpa\/volta-as-aulas-educador-destaca-projetos-pedagogicos-que-fomentam-o-desenvolvimento-educacional-e-pessoal-do-aluno\/#primaryimage"},"thumbnailUrl":"https:\/\/webdesign.freshlab.com.br\/ccpa\/wp-content\/uploads\/2024\/01\/blog02.jpg","keywords":["2024","ccpa","colegioccpa","volta as aulas"],"articleSection":["NOT\u00cdCIAS"],"inLanguage":"pt-BR"},{"@type":"WebPage","@id":"https:\/\/webdesign.freshlab.com.br\/ccpa\/volta-as-aulas-educador-destaca-projetos-pedagogicos-que-fomentam-o-desenvolvimento-educacional-e-pessoal-do-aluno\/","url":"https:\/\/webdesign.freshlab.com.br\/ccpa\/volta-as-aulas-educador-destaca-projetos-pedagogicos-que-fomentam-o-desenvolvimento-educacional-e-pessoal-do-aluno\/","name":"Volta \u00e0s aulas: educador destaca projetos pedag\u00f3gicos - Col\u00e9gio CCPA","isPartOf":{"@id":"https:\/\/webdesign.freshlab.com.br\/ccpa\/#website"},"primaryImageOfPage":{"@id":"https:\/\/webdesign.freshlab.com.br\/ccpa\/volta-as-aulas-educador-destaca-projetos-pedagogicos-que-fomentam-o-desenvolvimento-educacional-e-pessoal-do-aluno\/#primaryimage"},"image":{"@id":"https:\/\/webdesign.freshlab.com.br\/ccpa\/volta-as-aulas-educador-destaca-projetos-pedagogicos-que-fomentam-o-desenvolvimento-educacional-e-pessoal-do-aluno\/#primaryimage"},"thumbnailUrl":"https:\/\/webdesign.freshlab.com.br\/ccpa\/wp-content\/uploads\/2024\/01\/blog02.jpg","datePublished":"2024-01-18T15:02:30+00:00","dateModified":"2024-01-18T18:00:30+00:00","breadcrumb":{"@id":"https:\/\/webdesign.freshlab.com.br\/ccpa\/volta-as-aulas-educador-destaca-projetos-pedagogicos-que-fomentam-o-desenvolvimento-educacional-e-pessoal-do-aluno\/#breadcrumb"},"inLanguage":"pt-BR","potentialAction":[{"@type":"ReadAction","target":["https:\/\/webdesign.freshlab.com.br\/ccpa\/volta-as-aulas-educador-destaca-projetos-pedagogicos-que-fomentam-o-desenvolvimento-educacional-e-pessoal-do-aluno\/"]}]},{"@type":"ImageObject","inLanguage":"pt-BR","@id":"https:\/\/webdesign.freshlab.com.br\/ccpa\/volta-as-aulas-educador-destaca-projetos-pedagogicos-que-fomentam-o-desenvolvimento-educacional-e-pessoal-do-aluno\/#primaryimage","url":"https:\/\/webdesign.freshlab.com.br\/ccpa\/wp-content\/uploads\/2024\/01\/blog02.jpg","contentUrl":"https:\/\/webdesign.freshlab.com.br\/ccpa\/wp-content\/uploads\/2024\/01\/blog02.jpg","width":1421,"height":944},{"@type":"BreadcrumbList","@id":"https:\/\/webdesign.freshlab.com.br\/ccpa\/volta-as-aulas-educador-destaca-projetos-pedagogicos-que-fomentam-o-desenvolvimento-educacional-e-pessoal-do-aluno\/#breadcrumb","itemListElement":[{"@type":"ListItem","position":1,"name":"In\u00edcio","item":"https:\/\/webdesign.freshlab.com.br\/ccpa\/"},{"@type":"ListItem","position":2,"name":"Volta \u00e0s aulas: educador destaca projetos pedag\u00f3gicos"}]},{"@type":"WebSite","@id":"https:\/\/webdesign.freshlab.com.br\/ccpa\/#website","url":"https:\/\/webdesign.freshlab.com.br\/ccpa\/","name":"Col\u00e9gio CCPA","description":"","publisher":{"@id":"https:\/\/webdesign.freshlab.com.br\/ccpa\/#organization"},"potentialAction":[{"@type":"SearchAction","target":{"@type":"EntryPoint","urlTemplate":"https:\/\/webdesign.freshlab.com.br\/ccpa\/?s={search_term_string}"},"query-input":{"@type":"PropertyValueSpecification","valueRequired":true,"valueName":"search_term_string"}}],"inLanguage":"pt-BR"},{"@type":"Organization","@id":"https:\/\/webdesign.freshlab.com.br\/ccpa\/#organization","name":"Col\u00e9gio CCPA","url":"https:\/\/webdesign.freshlab.com.br\/ccpa\/","logo":{"@type":"ImageObject","inLanguage":"pt-BR","@id":"https:\/\/webdesign.freshlab.com.br\/ccpa\/#\/schema\/logo\/image\/","url":"https:\/\/webdesign.freshlab.com.br\/ccpa\/wp-content\/uploads\/2022\/11\/logo.svg","contentUrl":"https:\/\/webdesign.freshlab.com.br\/ccpa\/wp-content\/uploads\/2022\/11\/logo.svg","width":147,"height":38,"caption":"Col\u00e9gio CCPA"},"image":{"@id":"https:\/\/webdesign.freshlab.com.br\/ccpa\/#\/schema\/logo\/image\/"},"sameAs":["https:\/\/www.facebook.com\/colegioccpa","https:\/\/x.com\/colegio_ccpa","https:\/\/www.tiktok.com\/@colegioccpa","https:\/\/www.instagram.com\/colegio_ccpa\/","https:\/\/www.linkedin.com\/company\/colgio-ccpa","https:\/\/www.youtube.com\/user\/colegioccpa"]},{"@type":"Person","@id":"https:\/\/webdesign.freshlab.com.br\/ccpa\/#\/schema\/person\/6efb71a9ea1819fb05a70d22d51eeb98","name":"Roberta Dias","url":"https:\/\/webdesign.freshlab.com.br\/ccpa\/author\/robertadias\/"}]}},"_links":{"self":[{"href":"https:\/\/webdesign.freshlab.com.br\/ccpa\/wp-json\/wp\/v2\/posts\/2294","targetHints":{"allow":["GET"]}}],"collection":[{"href":"https:\/\/webdesign.freshlab.com.br\/ccpa\/wp-json\/wp\/v2\/posts"}],"about":[{"href":"https:\/\/webdesign.freshlab.com.br\/ccpa\/wp-json\/wp\/v2\/types\/post"}],"author":[{"embeddable":true,"href":"https:\/\/webdesign.freshlab.com.br\/ccpa\/wp-json\/wp\/v2\/users\/4"}],"replies":[{"embeddable":true,"href":"https:\/\/webdesign.freshlab.com.br\/ccpa\/wp-json\/wp\/v2\/comments?post=2294"}],"version-history":[{"count":2,"href":"https:\/\/webdesign.freshlab.com.br\/ccpa\/wp-json\/wp\/v2\/posts\/2294\/revisions"}],"predecessor-version":[{"id":2300,"href":"https:\/\/webdesign.freshlab.com.br\/ccpa\/wp-json\/wp\/v2\/posts\/2294\/revisions\/2300"}],"wp:featuredmedia":[{"embeddable":true,"href":"https:\/\/webdesign.freshlab.com.br\/ccpa\/wp-json\/wp\/v2\/media\/2295"}],"wp:attachment":[{"href":"https:\/\/webdesign.freshlab.com.br\/ccpa\/wp-json\/wp\/v2\/media?parent=2294"}],"wp:term":[{"taxonomy":"category","embeddable":true,"href":"https:\/\/webdesign.freshlab.com.br\/ccpa\/wp-json\/wp\/v2\/categories?post=2294"},{"taxonomy":"post_tag","embeddable":true,"href":"https:\/\/webdesign.freshlab.com.br\/ccpa\/wp-json\/wp\/v2\/tags?post=2294"}],"curies":[{"name":"wp","href":"https:\/\/api.w.org\/{rel}","templated":true}]}}