{"id":2351,"date":"2024-01-29T11:40:38","date_gmt":"2024-01-29T11:40:38","guid":{"rendered":"https:\/\/ccpa.com.br\/?p=2351"},"modified":"2024-01-29T11:40:39","modified_gmt":"2024-01-29T11:40:39","slug":"educacao-infantil-dicas-para-facilitar-o-periodo-de-adaptacao","status":"publish","type":"post","link":"https:\/\/webdesign.freshlab.com.br\/ccpa\/educacao-infantil-dicas-para-facilitar-o-periodo-de-adaptacao\/","title":{"rendered":"Educa\u00e7\u00e3o infantil: dicas para facilitar o per\u00edodo de adapta\u00e7\u00e3o"},"content":{"rendered":"\n<p><em>Vale ressaltar que cada crian\u00e7a ter\u00e1 seu tempo de adapta\u00e7\u00e3o e rea\u00e7\u00e3o a ela, nem todas as crian\u00e7as apresentar\u00e3o as mesmas emo\u00e7\u00f5es e comportamentos.<\/em><strong>&nbsp;<\/strong><\/p>\n\n\n\n<p>As aulas dos alunos da Educa\u00e7\u00e3o Infantil do CCPA foram retomadas no dia 22 de janeiro e esse per\u00edodo de volta \u00e0s aulas \u00e9 um momento cheio de novas emo\u00e7\u00f5es para as crian\u00e7as, familiares e professores. Iniciar a vida na escola, mudar de col\u00e9gio, a transi\u00e7\u00e3o de s\u00e9ries, entre outras mudan\u00e7as, fazem parte da trajet\u00f3ria educacional. Mas \u00e9 preciso ficar atento, pois nem sempre essa adapta\u00e7\u00e3o ser\u00e1 instant\u00e2nea e f\u00e1cil.\u00a0\u00a0<\/p>\n\n\n\n<p>Neste per\u00edodo, \u00e9 comum que as crian\u00e7as sintam emo\u00e7\u00f5es como medo, ansiedade e tristeza. Por isso, os pais tamb\u00e9m devem se preparar emocionalmente para lidar com a manifesta\u00e7\u00e3o desses sentimentos nas crian\u00e7as. De acordo com a psic\u00f3loga da Educa\u00e7\u00e3o Infantil do col\u00e9gio CCPA, Mariana Serr\u00e3o, os comportamentos que podem exteriorizar essas emo\u00e7\u00f5es s\u00e3o: gritos, mau humor, deitar-se no ch\u00e3o, passividade, apatia, resist\u00eancia \u00e0 alimenta\u00e7\u00e3o ou ao sono, comportamentos regressivos, e at\u00e9 mesmo ocorr\u00eancia de doen\u00e7as.&nbsp;<\/p>\n\n\n\n<p>Ainda segundo a psic\u00f3loga, vale ressaltar que cada crian\u00e7a ter\u00e1 seu tempo de adapta\u00e7\u00e3o e rea\u00e7\u00e3o a ela, nem todas apresentar\u00e3o as mesmas emo\u00e7\u00f5es e comportamentos. \u201cUma ferramenta importante para adapta\u00e7\u00e3o escolar \u00e9 a constru\u00e7\u00e3o da rotina, que pode ser iniciada antes do in\u00edcio das aulas. \u00c9 papel da escola e dos pais tornar esse momento o mais acolhedor poss\u00edvel, transmitindo para crian\u00e7a confian\u00e7a, afeto, paci\u00eancia e a mensagem de que a escola \u00e9 um ambiente seguro\u201d, destacou.&nbsp;<\/p>\n\n\n\n<p><strong>Confira algumas dicas:<\/strong>&nbsp;<\/p>\n\n\n\n<p>- Estabelecer hor\u00e1rio para dormir e acordar;&nbsp;<\/p>\n\n\n\n<p>- Definir atividades de acordo com a idade ao longo turno que a crian\u00e7a vai ficar na escola, a fim de habituar o aluno a ter ocupa\u00e7\u00e3o neste hor\u00e1rio e ajustar o sono;&nbsp;<\/p>\n\n\n\n<p>- Caso a crian\u00e7a j\u00e1 fa\u00e7a uso de telas, \u00e9 aconselh\u00e1vel que anterior ao in\u00edcio das aulas seja feita uma redu\u00e7\u00e3o no tempo;<strong>&nbsp;<\/strong><\/p>\n\n\n\n<p><strong>Novidades<\/strong>&nbsp;<\/p>\n\n\n\n<p>Neste ano de 2024 a Educa\u00e7\u00e3o Infantil do CCPA ganhar\u00e1 novas instala\u00e7\u00f5es para o aperfei\u00e7oamento da aprendizagem e melhor desenvolvimento das habilidades dos alunos no ambiente escolar. A estrutura f\u00edsica da Educa\u00e7\u00e3o Infantil foi ampliada e adaptada para atender \u00e0s necessidades infantis, com foco na ludicidade e na alegria. E em breve ser\u00e1 inaugurada.<\/p>\n\n\n\n<p>A institui\u00e7\u00e3o soma iniciativas e projetos que contribuem de forma significativa na constru\u00e7\u00e3o do conhecimento. Integram a grade curricular infantil atividades como o \u2018Mundo Fant\u00e1stico da Leitura no CCPA\u2019; \u2018Sexta-feira FREE\u2019; a imers\u00e3o no ingl\u00eas atrav\u00e9s do English Class; o Mais CCPA, programa de Educa\u00e7\u00e3o integral em que os alunos participam de oficinas, pr\u00e1ticas esportivas e muito mais. Al\u00e9m do acompanhamento psicopedag\u00f3gico e psicol\u00f3gico.<\/p>\n","protected":false},"excerpt":{"rendered":"<p>Vale ressaltar que cada crian\u00e7a ter\u00e1 seu tempo de adapta\u00e7\u00e3o e rea\u00e7\u00e3o a ela, nem todas as crian\u00e7as apresentar\u00e3o as mesmas emo\u00e7\u00f5es e comportamentos.&nbsp; As aulas dos alunos da Educa\u00e7\u00e3o Infantil do CCPA foram retomadas no dia 22 de janeiro e esse per\u00edodo de volta \u00e0s aulas \u00e9 um momento cheio de novas emo\u00e7\u00f5es para [&hellip;]<\/p>\n","protected":false},"author":4,"featured_media":2352,"comment_status":"closed","ping_status":"closed","sticky":false,"template":"","format":"standard","meta":{"inline_featured_image":false,"footnotes":""},"categories":[9],"tags":[72,15,74,73],"class_list":["post-2351","post","type-post","status-publish","format-standard","has-post-thumbnail","hentry","category-ensino-infantil","tag-adaptacao","tag-ccpa","tag-educacao-infantil","tag-ensino-infantil"],"acf":[],"yoast_head":"<!-- This site is optimized with the Yoast SEO plugin v27.3 - https:\/\/yoast.com\/product\/yoast-seo-wordpress\/ -->\n<title>Educa\u00e7\u00e3o infantil: dicas para facilitar o per\u00edodo de adapta\u00e7\u00e3o - Col\u00e9gio CCPA<\/title>\n<meta name=\"robots\" content=\"index, follow, max-snippet:-1, max-image-preview:large, max-video-preview:-1\" \/>\n<link rel=\"canonical\" href=\"https:\/\/webdesign.freshlab.com.br\/ccpa\/educacao-infantil-dicas-para-facilitar-o-periodo-de-adaptacao\/\" \/>\n<meta property=\"og:locale\" content=\"pt_BR\" \/>\n<meta property=\"og:type\" content=\"article\" \/>\n<meta property=\"og:title\" content=\"Educa\u00e7\u00e3o infantil: dicas para facilitar o per\u00edodo de adapta\u00e7\u00e3o - Col\u00e9gio CCPA\" \/>\n<meta property=\"og:description\" content=\"Vale ressaltar que cada crian\u00e7a ter\u00e1 seu tempo de adapta\u00e7\u00e3o e rea\u00e7\u00e3o a ela, nem todas as crian\u00e7as apresentar\u00e3o as mesmas emo\u00e7\u00f5es e comportamentos.&nbsp; As aulas dos alunos da Educa\u00e7\u00e3o Infantil do CCPA foram retomadas no dia 22 de janeiro e esse per\u00edodo de volta \u00e0s aulas \u00e9 um momento cheio de novas emo\u00e7\u00f5es para [&hellip;]\" \/>\n<meta property=\"og:url\" content=\"https:\/\/webdesign.freshlab.com.br\/ccpa\/educacao-infantil-dicas-para-facilitar-o-periodo-de-adaptacao\/\" \/>\n<meta property=\"og:site_name\" content=\"Col\u00e9gio CCPA\" \/>\n<meta property=\"article:publisher\" content=\"https:\/\/www.facebook.com\/colegioccpa\" \/>\n<meta property=\"article:published_time\" content=\"2024-01-29T11:40:38+00:00\" \/>\n<meta property=\"article:modified_time\" content=\"2024-01-29T11:40:39+00:00\" \/>\n<meta property=\"og:image\" content=\"https:\/\/webdesign.freshlab.com.br\/ccpa\/wp-content\/uploads\/2024\/01\/EDUCACAO-INFANTIL-05-scaled.jpg\" \/>\n\t<meta property=\"og:image:width\" content=\"2560\" \/>\n\t<meta property=\"og:image:height\" content=\"1709\" \/>\n\t<meta property=\"og:image:type\" content=\"image\/jpeg\" \/>\n<meta name=\"author\" content=\"Roberta Dias\" \/>\n<meta name=\"twitter:card\" content=\"summary_large_image\" \/>\n<meta name=\"twitter:creator\" content=\"@colegio_ccpa\" \/>\n<meta name=\"twitter:site\" content=\"@colegio_ccpa\" \/>\n<meta name=\"twitter:label1\" content=\"Written by\" \/>\n\t<meta name=\"twitter:data1\" content=\"Roberta Dias\" \/>\n\t<meta name=\"twitter:label2\" content=\"Est. reading time\" \/>\n\t<meta name=\"twitter:data2\" content=\"3 minutos\" \/>\n<script type=\"application\/ld+json\" class=\"yoast-schema-graph\">{\"@context\":\"https:\\\/\\\/schema.org\",\"@graph\":[{\"@type\":\"Article\",\"@id\":\"https:\\\/\\\/webdesign.freshlab.com.br\\\/ccpa\\\/educacao-infantil-dicas-para-facilitar-o-periodo-de-adaptacao\\\/#article\",\"isPartOf\":{\"@id\":\"https:\\\/\\\/webdesign.freshlab.com.br\\\/ccpa\\\/educacao-infantil-dicas-para-facilitar-o-periodo-de-adaptacao\\\/\"},\"author\":{\"name\":\"Roberta Dias\",\"@id\":\"https:\\\/\\\/webdesign.freshlab.com.br\\\/ccpa\\\/#\\\/schema\\\/person\\\/6efb71a9ea1819fb05a70d22d51eeb98\"},\"headline\":\"Educa\u00e7\u00e3o infantil: dicas para facilitar o per\u00edodo de adapta\u00e7\u00e3o\",\"datePublished\":\"2024-01-29T11:40:38+00:00\",\"dateModified\":\"2024-01-29T11:40:39+00:00\",\"mainEntityOfPage\":{\"@id\":\"https:\\\/\\\/webdesign.freshlab.com.br\\\/ccpa\\\/educacao-infantil-dicas-para-facilitar-o-periodo-de-adaptacao\\\/\"},\"wordCount\":515,\"publisher\":{\"@id\":\"https:\\\/\\\/webdesign.freshlab.com.br\\\/ccpa\\\/#organization\"},\"image\":{\"@id\":\"https:\\\/\\\/webdesign.freshlab.com.br\\\/ccpa\\\/educacao-infantil-dicas-para-facilitar-o-periodo-de-adaptacao\\\/#primaryimage\"},\"thumbnailUrl\":\"https:\\\/\\\/webdesign.freshlab.com.br\\\/ccpa\\\/wp-content\\\/uploads\\\/2024\\\/01\\\/EDUCACAO-INFANTIL-05-scaled.jpg\",\"keywords\":[\"Adapta\u00e7\u00e3o\",\"ccpa\",\"educa\u00e7\u00e3o infantil\",\"Ensino Infantil\"],\"articleSection\":[\"Ensino Infantil\"],\"inLanguage\":\"pt-BR\"},{\"@type\":\"WebPage\",\"@id\":\"https:\\\/\\\/webdesign.freshlab.com.br\\\/ccpa\\\/educacao-infantil-dicas-para-facilitar-o-periodo-de-adaptacao\\\/\",\"url\":\"https:\\\/\\\/webdesign.freshlab.com.br\\\/ccpa\\\/educacao-infantil-dicas-para-facilitar-o-periodo-de-adaptacao\\\/\",\"name\":\"Educa\u00e7\u00e3o infantil: dicas para facilitar o per\u00edodo de adapta\u00e7\u00e3o - Col\u00e9gio CCPA\",\"isPartOf\":{\"@id\":\"https:\\\/\\\/webdesign.freshlab.com.br\\\/ccpa\\\/#website\"},\"primaryImageOfPage\":{\"@id\":\"https:\\\/\\\/webdesign.freshlab.com.br\\\/ccpa\\\/educacao-infantil-dicas-para-facilitar-o-periodo-de-adaptacao\\\/#primaryimage\"},\"image\":{\"@id\":\"https:\\\/\\\/webdesign.freshlab.com.br\\\/ccpa\\\/educacao-infantil-dicas-para-facilitar-o-periodo-de-adaptacao\\\/#primaryimage\"},\"thumbnailUrl\":\"https:\\\/\\\/webdesign.freshlab.com.br\\\/ccpa\\\/wp-content\\\/uploads\\\/2024\\\/01\\\/EDUCACAO-INFANTIL-05-scaled.jpg\",\"datePublished\":\"2024-01-29T11:40:38+00:00\",\"dateModified\":\"2024-01-29T11:40:39+00:00\",\"breadcrumb\":{\"@id\":\"https:\\\/\\\/webdesign.freshlab.com.br\\\/ccpa\\\/educacao-infantil-dicas-para-facilitar-o-periodo-de-adaptacao\\\/#breadcrumb\"},\"inLanguage\":\"pt-BR\",\"potentialAction\":[{\"@type\":\"ReadAction\",\"target\":[\"https:\\\/\\\/webdesign.freshlab.com.br\\\/ccpa\\\/educacao-infantil-dicas-para-facilitar-o-periodo-de-adaptacao\\\/\"]}]},{\"@type\":\"ImageObject\",\"inLanguage\":\"pt-BR\",\"@id\":\"https:\\\/\\\/webdesign.freshlab.com.br\\\/ccpa\\\/educacao-infantil-dicas-para-facilitar-o-periodo-de-adaptacao\\\/#primaryimage\",\"url\":\"https:\\\/\\\/webdesign.freshlab.com.br\\\/ccpa\\\/wp-content\\\/uploads\\\/2024\\\/01\\\/EDUCACAO-INFANTIL-05-scaled.jpg\",\"contentUrl\":\"https:\\\/\\\/webdesign.freshlab.com.br\\\/ccpa\\\/wp-content\\\/uploads\\\/2024\\\/01\\\/EDUCACAO-INFANTIL-05-scaled.jpg\",\"width\":2560,\"height\":1709},{\"@type\":\"BreadcrumbList\",\"@id\":\"https:\\\/\\\/webdesign.freshlab.com.br\\\/ccpa\\\/educacao-infantil-dicas-para-facilitar-o-periodo-de-adaptacao\\\/#breadcrumb\",\"itemListElement\":[{\"@type\":\"ListItem\",\"position\":1,\"name\":\"In\u00edcio\",\"item\":\"https:\\\/\\\/webdesign.freshlab.com.br\\\/ccpa\\\/\"},{\"@type\":\"ListItem\",\"position\":2,\"name\":\"Educa\u00e7\u00e3o infantil: dicas para facilitar o per\u00edodo de adapta\u00e7\u00e3o\"}]},{\"@type\":\"WebSite\",\"@id\":\"https:\\\/\\\/webdesign.freshlab.com.br\\\/ccpa\\\/#website\",\"url\":\"https:\\\/\\\/webdesign.freshlab.com.br\\\/ccpa\\\/\",\"name\":\"Col\u00e9gio CCPA\",\"description\":\"\",\"publisher\":{\"@id\":\"https:\\\/\\\/webdesign.freshlab.com.br\\\/ccpa\\\/#organization\"},\"potentialAction\":[{\"@type\":\"SearchAction\",\"target\":{\"@type\":\"EntryPoint\",\"urlTemplate\":\"https:\\\/\\\/webdesign.freshlab.com.br\\\/ccpa\\\/?s={search_term_string}\"},\"query-input\":{\"@type\":\"PropertyValueSpecification\",\"valueRequired\":true,\"valueName\":\"search_term_string\"}}],\"inLanguage\":\"pt-BR\"},{\"@type\":\"Organization\",\"@id\":\"https:\\\/\\\/webdesign.freshlab.com.br\\\/ccpa\\\/#organization\",\"name\":\"Col\u00e9gio CCPA\",\"url\":\"https:\\\/\\\/webdesign.freshlab.com.br\\\/ccpa\\\/\",\"logo\":{\"@type\":\"ImageObject\",\"inLanguage\":\"pt-BR\",\"@id\":\"https:\\\/\\\/webdesign.freshlab.com.br\\\/ccpa\\\/#\\\/schema\\\/logo\\\/image\\\/\",\"url\":\"https:\\\/\\\/webdesign.freshlab.com.br\\\/ccpa\\\/wp-content\\\/uploads\\\/2022\\\/11\\\/logo.svg\",\"contentUrl\":\"https:\\\/\\\/webdesign.freshlab.com.br\\\/ccpa\\\/wp-content\\\/uploads\\\/2022\\\/11\\\/logo.svg\",\"width\":147,\"height\":38,\"caption\":\"Col\u00e9gio CCPA\"},\"image\":{\"@id\":\"https:\\\/\\\/webdesign.freshlab.com.br\\\/ccpa\\\/#\\\/schema\\\/logo\\\/image\\\/\"},\"sameAs\":[\"https:\\\/\\\/www.facebook.com\\\/colegioccpa\",\"https:\\\/\\\/x.com\\\/colegio_ccpa\",\"https:\\\/\\\/www.tiktok.com\\\/@colegioccpa\",\"https:\\\/\\\/www.instagram.com\\\/colegio_ccpa\\\/\",\"https:\\\/\\\/www.linkedin.com\\\/company\\\/colgio-ccpa\",\"https:\\\/\\\/www.youtube.com\\\/user\\\/colegioccpa\"]},{\"@type\":\"Person\",\"@id\":\"https:\\\/\\\/webdesign.freshlab.com.br\\\/ccpa\\\/#\\\/schema\\\/person\\\/6efb71a9ea1819fb05a70d22d51eeb98\",\"name\":\"Roberta Dias\",\"url\":\"https:\\\/\\\/webdesign.freshlab.com.br\\\/ccpa\\\/author\\\/robertadias\\\/\"}]}<\/script>\n<!-- \/ Yoast SEO plugin. -->","yoast_head_json":{"title":"Educa\u00e7\u00e3o infantil: dicas para facilitar o per\u00edodo de adapta\u00e7\u00e3o - Col\u00e9gio CCPA","robots":{"index":"index","follow":"follow","max-snippet":"max-snippet:-1","max-image-preview":"max-image-preview:large","max-video-preview":"max-video-preview:-1"},"canonical":"https:\/\/webdesign.freshlab.com.br\/ccpa\/educacao-infantil-dicas-para-facilitar-o-periodo-de-adaptacao\/","og_locale":"pt_BR","og_type":"article","og_title":"Educa\u00e7\u00e3o infantil: dicas para facilitar o per\u00edodo de adapta\u00e7\u00e3o - Col\u00e9gio CCPA","og_description":"Vale ressaltar que cada crian\u00e7a ter\u00e1 seu tempo de adapta\u00e7\u00e3o e rea\u00e7\u00e3o a ela, nem todas as crian\u00e7as apresentar\u00e3o as mesmas emo\u00e7\u00f5es e comportamentos.&nbsp; As aulas dos alunos da Educa\u00e7\u00e3o Infantil do CCPA foram retomadas no dia 22 de janeiro e esse per\u00edodo de volta \u00e0s aulas \u00e9 um momento cheio de novas emo\u00e7\u00f5es para [&hellip;]","og_url":"https:\/\/webdesign.freshlab.com.br\/ccpa\/educacao-infantil-dicas-para-facilitar-o-periodo-de-adaptacao\/","og_site_name":"Col\u00e9gio CCPA","article_publisher":"https:\/\/www.facebook.com\/colegioccpa","article_published_time":"2024-01-29T11:40:38+00:00","article_modified_time":"2024-01-29T11:40:39+00:00","og_image":[{"width":2560,"height":1709,"url":"https:\/\/webdesign.freshlab.com.br\/ccpa\/wp-content\/uploads\/2024\/01\/EDUCACAO-INFANTIL-05-scaled.jpg","type":"image\/jpeg"}],"author":"Roberta Dias","twitter_card":"summary_large_image","twitter_creator":"@colegio_ccpa","twitter_site":"@colegio_ccpa","twitter_misc":{"Written by":"Roberta Dias","Est. reading time":"3 minutos"},"schema":{"@context":"https:\/\/schema.org","@graph":[{"@type":"Article","@id":"https:\/\/webdesign.freshlab.com.br\/ccpa\/educacao-infantil-dicas-para-facilitar-o-periodo-de-adaptacao\/#article","isPartOf":{"@id":"https:\/\/webdesign.freshlab.com.br\/ccpa\/educacao-infantil-dicas-para-facilitar-o-periodo-de-adaptacao\/"},"author":{"name":"Roberta Dias","@id":"https:\/\/webdesign.freshlab.com.br\/ccpa\/#\/schema\/person\/6efb71a9ea1819fb05a70d22d51eeb98"},"headline":"Educa\u00e7\u00e3o infantil: dicas para facilitar o per\u00edodo de adapta\u00e7\u00e3o","datePublished":"2024-01-29T11:40:38+00:00","dateModified":"2024-01-29T11:40:39+00:00","mainEntityOfPage":{"@id":"https:\/\/webdesign.freshlab.com.br\/ccpa\/educacao-infantil-dicas-para-facilitar-o-periodo-de-adaptacao\/"},"wordCount":515,"publisher":{"@id":"https:\/\/webdesign.freshlab.com.br\/ccpa\/#organization"},"image":{"@id":"https:\/\/webdesign.freshlab.com.br\/ccpa\/educacao-infantil-dicas-para-facilitar-o-periodo-de-adaptacao\/#primaryimage"},"thumbnailUrl":"https:\/\/webdesign.freshlab.com.br\/ccpa\/wp-content\/uploads\/2024\/01\/EDUCACAO-INFANTIL-05-scaled.jpg","keywords":["Adapta\u00e7\u00e3o","ccpa","educa\u00e7\u00e3o infantil","Ensino Infantil"],"articleSection":["Ensino Infantil"],"inLanguage":"pt-BR"},{"@type":"WebPage","@id":"https:\/\/webdesign.freshlab.com.br\/ccpa\/educacao-infantil-dicas-para-facilitar-o-periodo-de-adaptacao\/","url":"https:\/\/webdesign.freshlab.com.br\/ccpa\/educacao-infantil-dicas-para-facilitar-o-periodo-de-adaptacao\/","name":"Educa\u00e7\u00e3o infantil: dicas para facilitar o per\u00edodo de adapta\u00e7\u00e3o - Col\u00e9gio CCPA","isPartOf":{"@id":"https:\/\/webdesign.freshlab.com.br\/ccpa\/#website"},"primaryImageOfPage":{"@id":"https:\/\/webdesign.freshlab.com.br\/ccpa\/educacao-infantil-dicas-para-facilitar-o-periodo-de-adaptacao\/#primaryimage"},"image":{"@id":"https:\/\/webdesign.freshlab.com.br\/ccpa\/educacao-infantil-dicas-para-facilitar-o-periodo-de-adaptacao\/#primaryimage"},"thumbnailUrl":"https:\/\/webdesign.freshlab.com.br\/ccpa\/wp-content\/uploads\/2024\/01\/EDUCACAO-INFANTIL-05-scaled.jpg","datePublished":"2024-01-29T11:40:38+00:00","dateModified":"2024-01-29T11:40:39+00:00","breadcrumb":{"@id":"https:\/\/webdesign.freshlab.com.br\/ccpa\/educacao-infantil-dicas-para-facilitar-o-periodo-de-adaptacao\/#breadcrumb"},"inLanguage":"pt-BR","potentialAction":[{"@type":"ReadAction","target":["https:\/\/webdesign.freshlab.com.br\/ccpa\/educacao-infantil-dicas-para-facilitar-o-periodo-de-adaptacao\/"]}]},{"@type":"ImageObject","inLanguage":"pt-BR","@id":"https:\/\/webdesign.freshlab.com.br\/ccpa\/educacao-infantil-dicas-para-facilitar-o-periodo-de-adaptacao\/#primaryimage","url":"https:\/\/webdesign.freshlab.com.br\/ccpa\/wp-content\/uploads\/2024\/01\/EDUCACAO-INFANTIL-05-scaled.jpg","contentUrl":"https:\/\/webdesign.freshlab.com.br\/ccpa\/wp-content\/uploads\/2024\/01\/EDUCACAO-INFANTIL-05-scaled.jpg","width":2560,"height":1709},{"@type":"BreadcrumbList","@id":"https:\/\/webdesign.freshlab.com.br\/ccpa\/educacao-infantil-dicas-para-facilitar-o-periodo-de-adaptacao\/#breadcrumb","itemListElement":[{"@type":"ListItem","position":1,"name":"In\u00edcio","item":"https:\/\/webdesign.freshlab.com.br\/ccpa\/"},{"@type":"ListItem","position":2,"name":"Educa\u00e7\u00e3o infantil: dicas para facilitar o per\u00edodo de adapta\u00e7\u00e3o"}]},{"@type":"WebSite","@id":"https:\/\/webdesign.freshlab.com.br\/ccpa\/#website","url":"https:\/\/webdesign.freshlab.com.br\/ccpa\/","name":"Col\u00e9gio CCPA","description":"","publisher":{"@id":"https:\/\/webdesign.freshlab.com.br\/ccpa\/#organization"},"potentialAction":[{"@type":"SearchAction","target":{"@type":"EntryPoint","urlTemplate":"https:\/\/webdesign.freshlab.com.br\/ccpa\/?s={search_term_string}"},"query-input":{"@type":"PropertyValueSpecification","valueRequired":true,"valueName":"search_term_string"}}],"inLanguage":"pt-BR"},{"@type":"Organization","@id":"https:\/\/webdesign.freshlab.com.br\/ccpa\/#organization","name":"Col\u00e9gio CCPA","url":"https:\/\/webdesign.freshlab.com.br\/ccpa\/","logo":{"@type":"ImageObject","inLanguage":"pt-BR","@id":"https:\/\/webdesign.freshlab.com.br\/ccpa\/#\/schema\/logo\/image\/","url":"https:\/\/webdesign.freshlab.com.br\/ccpa\/wp-content\/uploads\/2022\/11\/logo.svg","contentUrl":"https:\/\/webdesign.freshlab.com.br\/ccpa\/wp-content\/uploads\/2022\/11\/logo.svg","width":147,"height":38,"caption":"Col\u00e9gio CCPA"},"image":{"@id":"https:\/\/webdesign.freshlab.com.br\/ccpa\/#\/schema\/logo\/image\/"},"sameAs":["https:\/\/www.facebook.com\/colegioccpa","https:\/\/x.com\/colegio_ccpa","https:\/\/www.tiktok.com\/@colegioccpa","https:\/\/www.instagram.com\/colegio_ccpa\/","https:\/\/www.linkedin.com\/company\/colgio-ccpa","https:\/\/www.youtube.com\/user\/colegioccpa"]},{"@type":"Person","@id":"https:\/\/webdesign.freshlab.com.br\/ccpa\/#\/schema\/person\/6efb71a9ea1819fb05a70d22d51eeb98","name":"Roberta Dias","url":"https:\/\/webdesign.freshlab.com.br\/ccpa\/author\/robertadias\/"}]}},"_links":{"self":[{"href":"https:\/\/webdesign.freshlab.com.br\/ccpa\/wp-json\/wp\/v2\/posts\/2351","targetHints":{"allow":["GET"]}}],"collection":[{"href":"https:\/\/webdesign.freshlab.com.br\/ccpa\/wp-json\/wp\/v2\/posts"}],"about":[{"href":"https:\/\/webdesign.freshlab.com.br\/ccpa\/wp-json\/wp\/v2\/types\/post"}],"author":[{"embeddable":true,"href":"https:\/\/webdesign.freshlab.com.br\/ccpa\/wp-json\/wp\/v2\/users\/4"}],"replies":[{"embeddable":true,"href":"https:\/\/webdesign.freshlab.com.br\/ccpa\/wp-json\/wp\/v2\/comments?post=2351"}],"version-history":[{"count":1,"href":"https:\/\/webdesign.freshlab.com.br\/ccpa\/wp-json\/wp\/v2\/posts\/2351\/revisions"}],"predecessor-version":[{"id":2353,"href":"https:\/\/webdesign.freshlab.com.br\/ccpa\/wp-json\/wp\/v2\/posts\/2351\/revisions\/2353"}],"wp:featuredmedia":[{"embeddable":true,"href":"https:\/\/webdesign.freshlab.com.br\/ccpa\/wp-json\/wp\/v2\/media\/2352"}],"wp:attachment":[{"href":"https:\/\/webdesign.freshlab.com.br\/ccpa\/wp-json\/wp\/v2\/media?parent=2351"}],"wp:term":[{"taxonomy":"category","embeddable":true,"href":"https:\/\/webdesign.freshlab.com.br\/ccpa\/wp-json\/wp\/v2\/categories?post=2351"},{"taxonomy":"post_tag","embeddable":true,"href":"https:\/\/webdesign.freshlab.com.br\/ccpa\/wp-json\/wp\/v2\/tags?post=2351"}],"curies":[{"name":"wp","href":"https:\/\/api.w.org\/{rel}","templated":true}]}}