{"id":2356,"date":"2024-02-01T11:41:20","date_gmt":"2024-02-01T11:41:20","guid":{"rendered":"https:\/\/ccpa.com.br\/?p=2356"},"modified":"2024-02-05T19:45:30","modified_gmt":"2024-02-05T19:45:30","slug":"aluno-vai-representar-sergipe-em-seletiva-para-olimpiada-internacional","status":"publish","type":"post","link":"https:\/\/webdesign.freshlab.com.br\/ccpa\/aluno-vai-representar-sergipe-em-seletiva-para-olimpiada-internacional\/","title":{"rendered":"Aluno vai representar Sergipe em seletiva para Olimp\u00edada Internacional"},"content":{"rendered":"\n<p><\/p>\n\n\n\n<p>O ano de 2024 come\u00e7ou com uma comemora\u00e7\u00e3o para o aluno Lucas Menezes Bitancourt Teles,15 anos, do 2\u00ba ano, do CCPA. Sua dedica\u00e7\u00e3o e comprometimento com os estudos foram reconhecidos com o convite para participar dos treinamentos e provas presenciais do processo de sele\u00e7\u00e3o para forma\u00e7\u00e3o das equipes internacionais que v\u00e3o representar o Brasil na 17\u00aa International Olympiad of Astronomy and Astrophysics (XVII OLAA) e na 16\u00aa Olimp\u00edada Latino-Americana de Astronomia e Astron\u00e1utica (XVI OLAA).<\/p>\n\n\n\n<p>O aluno conquistou a vaga ap\u00f3s obter excelente resultado na Olimp\u00edada Brasileira de Astronomia e Astron\u00e1utica (OBA), que o classificou para o processo de sele\u00e7\u00e3o online, o qual ocorreu em tr\u00eas etapas e filtrou mais uma vez os estudantes. Al\u00e9m disso, por conta de seu resultado na OBA, Lucas Menezes tamb\u00e9m foi convidado a participar da Jornada Espacial, que acontece todos os anos em S\u00e3o Jos\u00e9 dos Campos\/SP.&nbsp;<\/p>\n\n\n\n<p>O estudante \u00e9 o \u00fanico sergipano que est\u00e1 na rela\u00e7\u00e3o dos classificados para as provas presenciais de 2024 da OBA, a serem realizadas no Hotel Fazenda Ribeir\u00e3o, no Rio de Janeiro, no m\u00eas de mar\u00e7o. Um total de 207 jovens de todo o pa\u00eds v\u00e3o participar dessa etapa que ser\u00e1 dividida em duas provas te\u00f3ricas e duas provas observacionais.<\/p>\n\n\n\n<p>Para o professor Alexandre Regis, coordenador do N\u00facleo de Intelig\u00eancia Pedag\u00f3gica (NIP) e do Time Ol\u00edmpico do CCPA, aceitar participar de uma Olimp\u00edada do Conhecimento j\u00e1 representa um peso enorme, pois \u00e9 indicativo de que h\u00e1 uma constante busca por novos desafios. \u201cA conquista da medalha de ouro, al\u00e9m de ser um pr\u00eamio para a vida, j\u00e1 permite concorrer a vagas ol\u00edmpicas em universidades. Ser convidado para o processo de forma\u00e7\u00e3o da sele\u00e7\u00e3o brasileira para uma Olimp\u00edada Internacional, com toda certeza coloca o Lucas em uma posi\u00e7\u00e3o muito especial, capaz de abrir muitas portas em seu futuro\u201d, destacou.&nbsp;<\/p>\n\n\n\n<p>De acordo com o professor, a prepara\u00e7\u00e3o para a seletiva ser\u00e1 feita, inicialmente, com a an\u00e1lise das provas dos anos anteriores, estudando bem o edital e as regras. \u201cEstamos montando um cronograma adequado para a rotina do Lucas. Ele j\u00e1 chegou longe demais e prezamos para que o resto do processo seja saud\u00e1vel, divertido e respeite o tempo dele\u201d, ressaltou.&nbsp;<\/p>\n\n\n\n<p>Segundo o aluno Lucas Teles, o sentimento \u00e9 de felicidade e empolga\u00e7\u00e3o. \u201cEssa conquista \u00e9 um sonho de muitos estudantes, inclusive para mim. \u00c9 uma oportunidade incr\u00edvel de aprender mais e fazer novos amigos\u201d, afirmou o jovem que completou. \u201cParticipei pela primeira vez da Olimp\u00edada Brasileira, em 2019, quando estava no 6\u00ba ano,&nbsp; desde ent\u00e3o venho participando. Ganhei medalhas e acredito que o fato de estar familiarizado com o ambiente de prova ajudou na aprova\u00e7\u00e3o. Agora \u00e9 focar ainda mais e esperar o resultado\u201d, concluiu.<\/p>\n\n\n\n<p>Ap\u00f3s a sele\u00e7\u00e3o presencial ser\u00e3o classificados 40 alunos que ir\u00e3o participar de dois treinamentos seletivos. No dia 15 de junho ser\u00e1 divulgado o resultado final com o nome dos 10 jovens que v\u00e3o participar da equipe e do terceiro e \u00faltimo treinamento antes dos eventos. A 17\u00aa International Olympiad of Astronomy and Astrophysics (XVII IOAA), ser\u00e1 realizada de 17 a 26 de agosto de 2024, no Brasil, e a 16\u00aa Olimp\u00edada Latino-Americana de Astronomia e Astron\u00e1utica (XVI OLAA), em novembro de 2024 na Costa Rica.&nbsp;<\/p>\n\n\n\n<p><strong>Time Ol\u00edmpico e o NIP<\/strong>&nbsp;<\/p>\n\n\n\n<p>Segundo Alexandre, o NIP surgiu do ambiente de an\u00e1lise de informa\u00e7\u00f5es e direcionamento de a\u00e7\u00f5es desenvolvidas na Coordena\u00e7\u00e3o do Time Ol\u00edmpico. Por trabalhar com grupos menores de alunos e alunas com percept\u00edvel interesse no aprofundamento de mat\u00e9rias, o Time Ol\u00edmpico \u00e9 um excelente ambiente para cria\u00e7\u00e3o de ferramentas que ajudam na autonomia e na an\u00e1lise de desempenho e de dificuldades.&nbsp;<\/p>\n\n\n\n<p>\u201cO NIP pretende levar essas estrat\u00e9gias para toda a comunidade escolar, com a inten\u00e7\u00e3o de ampliar o olhar dos professores e coordenadores sobre o resultado e alcance do processo de aprendizado. Tamb\u00e9m fornece aos alunos caminhos para auto analisarem a sua evolu\u00e7\u00e3o e expectativas nesse processo. Acreditamos que dessa forma, podemos contribuir para o desenvolvimento da autonomia\u201d, finalizou o coordenador.<\/p>\n\n\n\n<figure class=\"wp-block-image size-large\"><img loading=\"lazy\" decoding=\"async\" width=\"1024\" height=\"577\" src=\"https:\/\/webdesign.freshlab.com.br\/ccpa\/wp-content\/uploads\/2024\/02\/WhatsApp-Image-2024-02-01-at-13.57.45-1024x577.jpeg\" alt=\"\" class=\"wp-image-2363\" srcset=\"https:\/\/webdesign.freshlab.com.br\/ccpa\/wp-content\/uploads\/2024\/02\/WhatsApp-Image-2024-02-01-at-13.57.45-1024x577.jpeg 1024w, https:\/\/webdesign.freshlab.com.br\/ccpa\/wp-content\/uploads\/2024\/02\/WhatsApp-Image-2024-02-01-at-13.57.45-300x169.jpeg 300w, https:\/\/webdesign.freshlab.com.br\/ccpa\/wp-content\/uploads\/2024\/02\/WhatsApp-Image-2024-02-01-at-13.57.45-768x432.jpeg 768w, https:\/\/webdesign.freshlab.com.br\/ccpa\/wp-content\/uploads\/2024\/02\/WhatsApp-Image-2024-02-01-at-13.57.45-1536x865.jpeg 1536w, https:\/\/webdesign.freshlab.com.br\/ccpa\/wp-content\/uploads\/2024\/02\/WhatsApp-Image-2024-02-01-at-13.57.45.jpeg 1600w\" sizes=\"auto, (max-width: 1024px) 100vw, 1024px\" \/><\/figure>\n","protected":false},"excerpt":{"rendered":"<p>O aluno conquistou a vaga ap\u00f3s obter excelente resultado na Olimp\u00edada Brasileira de Astronomia e Astron\u00e1utica (OBA).\u00a0<\/p>\n","protected":false},"author":4,"featured_media":2373,"comment_status":"closed","ping_status":"closed","sticky":false,"template":"","format":"standard","meta":{"inline_featured_image":false,"footnotes":""},"categories":[68],"tags":[15,76,75,77],"class_list":["post-2356","post","type-post","status-publish","format-standard","has-post-thumbnail","hentry","category-noticias","tag-ccpa","tag-internacional","tag-olimpiada","tag-seletiva"],"acf":[],"yoast_head":"<!-- This site is optimized with the Yoast SEO plugin v27.3 - https:\/\/yoast.com\/product\/yoast-seo-wordpress\/ -->\n<title>Aluno vai representar Sergipe em seletiva para Olimp\u00edada Internacional - Col\u00e9gio CCPA<\/title>\n<meta name=\"robots\" content=\"index, follow, max-snippet:-1, max-image-preview:large, max-video-preview:-1\" \/>\n<link rel=\"canonical\" href=\"https:\/\/webdesign.freshlab.com.br\/ccpa\/aluno-vai-representar-sergipe-em-seletiva-para-olimpiada-internacional\/\" \/>\n<meta property=\"og:locale\" content=\"pt_BR\" \/>\n<meta property=\"og:type\" content=\"article\" \/>\n<meta property=\"og:title\" content=\"Aluno vai representar Sergipe em seletiva para Olimp\u00edada Internacional - Col\u00e9gio CCPA\" \/>\n<meta property=\"og:description\" content=\"O aluno conquistou a vaga ap\u00f3s obter excelente resultado na Olimp\u00edada Brasileira de Astronomia e Astron\u00e1utica (OBA).\u00a0\" \/>\n<meta property=\"og:url\" content=\"https:\/\/webdesign.freshlab.com.br\/ccpa\/aluno-vai-representar-sergipe-em-seletiva-para-olimpiada-internacional\/\" \/>\n<meta property=\"og:site_name\" content=\"Col\u00e9gio CCPA\" \/>\n<meta property=\"article:publisher\" content=\"https:\/\/www.facebook.com\/colegioccpa\" \/>\n<meta property=\"article:published_time\" content=\"2024-02-01T11:41:20+00:00\" \/>\n<meta property=\"article:modified_time\" content=\"2024-02-05T19:45:30+00:00\" \/>\n<meta property=\"og:image\" content=\"https:\/\/webdesign.freshlab.com.br\/ccpa\/wp-content\/uploads\/2024\/02\/blog-materia01.jpg\" \/>\n\t<meta property=\"og:image:width\" content=\"1421\" \/>\n\t<meta property=\"og:image:height\" content=\"944\" \/>\n\t<meta property=\"og:image:type\" content=\"image\/jpeg\" \/>\n<meta name=\"author\" content=\"Roberta Dias\" \/>\n<meta name=\"twitter:card\" content=\"summary_large_image\" \/>\n<meta name=\"twitter:creator\" content=\"@colegio_ccpa\" \/>\n<meta name=\"twitter:site\" content=\"@colegio_ccpa\" \/>\n<meta name=\"twitter:label1\" content=\"Written by\" \/>\n\t<meta name=\"twitter:data1\" content=\"Roberta Dias\" \/>\n\t<meta name=\"twitter:label2\" content=\"Est. reading time\" \/>\n\t<meta name=\"twitter:data2\" content=\"5 minutos\" \/>\n<script type=\"application\/ld+json\" class=\"yoast-schema-graph\">{\"@context\":\"https:\\\/\\\/schema.org\",\"@graph\":[{\"@type\":\"Article\",\"@id\":\"https:\\\/\\\/webdesign.freshlab.com.br\\\/ccpa\\\/aluno-vai-representar-sergipe-em-seletiva-para-olimpiada-internacional\\\/#article\",\"isPartOf\":{\"@id\":\"https:\\\/\\\/webdesign.freshlab.com.br\\\/ccpa\\\/aluno-vai-representar-sergipe-em-seletiva-para-olimpiada-internacional\\\/\"},\"author\":{\"name\":\"Roberta Dias\",\"@id\":\"https:\\\/\\\/webdesign.freshlab.com.br\\\/ccpa\\\/#\\\/schema\\\/person\\\/6efb71a9ea1819fb05a70d22d51eeb98\"},\"headline\":\"Aluno vai representar Sergipe em seletiva para Olimp\u00edada Internacional\",\"datePublished\":\"2024-02-01T11:41:20+00:00\",\"dateModified\":\"2024-02-05T19:45:30+00:00\",\"mainEntityOfPage\":{\"@id\":\"https:\\\/\\\/webdesign.freshlab.com.br\\\/ccpa\\\/aluno-vai-representar-sergipe-em-seletiva-para-olimpiada-internacional\\\/\"},\"wordCount\":714,\"publisher\":{\"@id\":\"https:\\\/\\\/webdesign.freshlab.com.br\\\/ccpa\\\/#organization\"},\"image\":{\"@id\":\"https:\\\/\\\/webdesign.freshlab.com.br\\\/ccpa\\\/aluno-vai-representar-sergipe-em-seletiva-para-olimpiada-internacional\\\/#primaryimage\"},\"thumbnailUrl\":\"https:\\\/\\\/webdesign.freshlab.com.br\\\/ccpa\\\/wp-content\\\/uploads\\\/2024\\\/02\\\/blog-materia01.jpg\",\"keywords\":[\"ccpa\",\"internacional\",\"Olimp\u00edada\",\"seletiva\"],\"articleSection\":[\"NOT\u00cdCIAS\"],\"inLanguage\":\"pt-BR\"},{\"@type\":\"WebPage\",\"@id\":\"https:\\\/\\\/webdesign.freshlab.com.br\\\/ccpa\\\/aluno-vai-representar-sergipe-em-seletiva-para-olimpiada-internacional\\\/\",\"url\":\"https:\\\/\\\/webdesign.freshlab.com.br\\\/ccpa\\\/aluno-vai-representar-sergipe-em-seletiva-para-olimpiada-internacional\\\/\",\"name\":\"Aluno vai representar Sergipe em seletiva para Olimp\u00edada Internacional - Col\u00e9gio CCPA\",\"isPartOf\":{\"@id\":\"https:\\\/\\\/webdesign.freshlab.com.br\\\/ccpa\\\/#website\"},\"primaryImageOfPage\":{\"@id\":\"https:\\\/\\\/webdesign.freshlab.com.br\\\/ccpa\\\/aluno-vai-representar-sergipe-em-seletiva-para-olimpiada-internacional\\\/#primaryimage\"},\"image\":{\"@id\":\"https:\\\/\\\/webdesign.freshlab.com.br\\\/ccpa\\\/aluno-vai-representar-sergipe-em-seletiva-para-olimpiada-internacional\\\/#primaryimage\"},\"thumbnailUrl\":\"https:\\\/\\\/webdesign.freshlab.com.br\\\/ccpa\\\/wp-content\\\/uploads\\\/2024\\\/02\\\/blog-materia01.jpg\",\"datePublished\":\"2024-02-01T11:41:20+00:00\",\"dateModified\":\"2024-02-05T19:45:30+00:00\",\"breadcrumb\":{\"@id\":\"https:\\\/\\\/webdesign.freshlab.com.br\\\/ccpa\\\/aluno-vai-representar-sergipe-em-seletiva-para-olimpiada-internacional\\\/#breadcrumb\"},\"inLanguage\":\"pt-BR\",\"potentialAction\":[{\"@type\":\"ReadAction\",\"target\":[\"https:\\\/\\\/webdesign.freshlab.com.br\\\/ccpa\\\/aluno-vai-representar-sergipe-em-seletiva-para-olimpiada-internacional\\\/\"]}]},{\"@type\":\"ImageObject\",\"inLanguage\":\"pt-BR\",\"@id\":\"https:\\\/\\\/webdesign.freshlab.com.br\\\/ccpa\\\/aluno-vai-representar-sergipe-em-seletiva-para-olimpiada-internacional\\\/#primaryimage\",\"url\":\"https:\\\/\\\/webdesign.freshlab.com.br\\\/ccpa\\\/wp-content\\\/uploads\\\/2024\\\/02\\\/blog-materia01.jpg\",\"contentUrl\":\"https:\\\/\\\/webdesign.freshlab.com.br\\\/ccpa\\\/wp-content\\\/uploads\\\/2024\\\/02\\\/blog-materia01.jpg\",\"width\":1421,\"height\":944},{\"@type\":\"BreadcrumbList\",\"@id\":\"https:\\\/\\\/webdesign.freshlab.com.br\\\/ccpa\\\/aluno-vai-representar-sergipe-em-seletiva-para-olimpiada-internacional\\\/#breadcrumb\",\"itemListElement\":[{\"@type\":\"ListItem\",\"position\":1,\"name\":\"In\u00edcio\",\"item\":\"https:\\\/\\\/webdesign.freshlab.com.br\\\/ccpa\\\/\"},{\"@type\":\"ListItem\",\"position\":2,\"name\":\"Aluno vai representar Sergipe em seletiva para Olimp\u00edada Internacional\"}]},{\"@type\":\"WebSite\",\"@id\":\"https:\\\/\\\/webdesign.freshlab.com.br\\\/ccpa\\\/#website\",\"url\":\"https:\\\/\\\/webdesign.freshlab.com.br\\\/ccpa\\\/\",\"name\":\"Col\u00e9gio CCPA\",\"description\":\"\",\"publisher\":{\"@id\":\"https:\\\/\\\/webdesign.freshlab.com.br\\\/ccpa\\\/#organization\"},\"potentialAction\":[{\"@type\":\"SearchAction\",\"target\":{\"@type\":\"EntryPoint\",\"urlTemplate\":\"https:\\\/\\\/webdesign.freshlab.com.br\\\/ccpa\\\/?s={search_term_string}\"},\"query-input\":{\"@type\":\"PropertyValueSpecification\",\"valueRequired\":true,\"valueName\":\"search_term_string\"}}],\"inLanguage\":\"pt-BR\"},{\"@type\":\"Organization\",\"@id\":\"https:\\\/\\\/webdesign.freshlab.com.br\\\/ccpa\\\/#organization\",\"name\":\"Col\u00e9gio CCPA\",\"url\":\"https:\\\/\\\/webdesign.freshlab.com.br\\\/ccpa\\\/\",\"logo\":{\"@type\":\"ImageObject\",\"inLanguage\":\"pt-BR\",\"@id\":\"https:\\\/\\\/webdesign.freshlab.com.br\\\/ccpa\\\/#\\\/schema\\\/logo\\\/image\\\/\",\"url\":\"https:\\\/\\\/webdesign.freshlab.com.br\\\/ccpa\\\/wp-content\\\/uploads\\\/2022\\\/11\\\/logo.svg\",\"contentUrl\":\"https:\\\/\\\/webdesign.freshlab.com.br\\\/ccpa\\\/wp-content\\\/uploads\\\/2022\\\/11\\\/logo.svg\",\"width\":147,\"height\":38,\"caption\":\"Col\u00e9gio CCPA\"},\"image\":{\"@id\":\"https:\\\/\\\/webdesign.freshlab.com.br\\\/ccpa\\\/#\\\/schema\\\/logo\\\/image\\\/\"},\"sameAs\":[\"https:\\\/\\\/www.facebook.com\\\/colegioccpa\",\"https:\\\/\\\/x.com\\\/colegio_ccpa\",\"https:\\\/\\\/www.tiktok.com\\\/@colegioccpa\",\"https:\\\/\\\/www.instagram.com\\\/colegio_ccpa\\\/\",\"https:\\\/\\\/www.linkedin.com\\\/company\\\/colgio-ccpa\",\"https:\\\/\\\/www.youtube.com\\\/user\\\/colegioccpa\"]},{\"@type\":\"Person\",\"@id\":\"https:\\\/\\\/webdesign.freshlab.com.br\\\/ccpa\\\/#\\\/schema\\\/person\\\/6efb71a9ea1819fb05a70d22d51eeb98\",\"name\":\"Roberta Dias\",\"url\":\"https:\\\/\\\/webdesign.freshlab.com.br\\\/ccpa\\\/author\\\/robertadias\\\/\"}]}<\/script>\n<!-- \/ Yoast SEO plugin. -->","yoast_head_json":{"title":"Aluno vai representar Sergipe em seletiva para Olimp\u00edada Internacional - Col\u00e9gio CCPA","robots":{"index":"index","follow":"follow","max-snippet":"max-snippet:-1","max-image-preview":"max-image-preview:large","max-video-preview":"max-video-preview:-1"},"canonical":"https:\/\/webdesign.freshlab.com.br\/ccpa\/aluno-vai-representar-sergipe-em-seletiva-para-olimpiada-internacional\/","og_locale":"pt_BR","og_type":"article","og_title":"Aluno vai representar Sergipe em seletiva para Olimp\u00edada Internacional - Col\u00e9gio CCPA","og_description":"O aluno conquistou a vaga ap\u00f3s obter excelente resultado na Olimp\u00edada Brasileira de Astronomia e Astron\u00e1utica (OBA).\u00a0","og_url":"https:\/\/webdesign.freshlab.com.br\/ccpa\/aluno-vai-representar-sergipe-em-seletiva-para-olimpiada-internacional\/","og_site_name":"Col\u00e9gio CCPA","article_publisher":"https:\/\/www.facebook.com\/colegioccpa","article_published_time":"2024-02-01T11:41:20+00:00","article_modified_time":"2024-02-05T19:45:30+00:00","og_image":[{"width":1421,"height":944,"url":"https:\/\/webdesign.freshlab.com.br\/ccpa\/wp-content\/uploads\/2024\/02\/blog-materia01.jpg","type":"image\/jpeg"}],"author":"Roberta Dias","twitter_card":"summary_large_image","twitter_creator":"@colegio_ccpa","twitter_site":"@colegio_ccpa","twitter_misc":{"Written by":"Roberta Dias","Est. reading time":"5 minutos"},"schema":{"@context":"https:\/\/schema.org","@graph":[{"@type":"Article","@id":"https:\/\/webdesign.freshlab.com.br\/ccpa\/aluno-vai-representar-sergipe-em-seletiva-para-olimpiada-internacional\/#article","isPartOf":{"@id":"https:\/\/webdesign.freshlab.com.br\/ccpa\/aluno-vai-representar-sergipe-em-seletiva-para-olimpiada-internacional\/"},"author":{"name":"Roberta Dias","@id":"https:\/\/webdesign.freshlab.com.br\/ccpa\/#\/schema\/person\/6efb71a9ea1819fb05a70d22d51eeb98"},"headline":"Aluno vai representar Sergipe em seletiva para Olimp\u00edada Internacional","datePublished":"2024-02-01T11:41:20+00:00","dateModified":"2024-02-05T19:45:30+00:00","mainEntityOfPage":{"@id":"https:\/\/webdesign.freshlab.com.br\/ccpa\/aluno-vai-representar-sergipe-em-seletiva-para-olimpiada-internacional\/"},"wordCount":714,"publisher":{"@id":"https:\/\/webdesign.freshlab.com.br\/ccpa\/#organization"},"image":{"@id":"https:\/\/webdesign.freshlab.com.br\/ccpa\/aluno-vai-representar-sergipe-em-seletiva-para-olimpiada-internacional\/#primaryimage"},"thumbnailUrl":"https:\/\/webdesign.freshlab.com.br\/ccpa\/wp-content\/uploads\/2024\/02\/blog-materia01.jpg","keywords":["ccpa","internacional","Olimp\u00edada","seletiva"],"articleSection":["NOT\u00cdCIAS"],"inLanguage":"pt-BR"},{"@type":"WebPage","@id":"https:\/\/webdesign.freshlab.com.br\/ccpa\/aluno-vai-representar-sergipe-em-seletiva-para-olimpiada-internacional\/","url":"https:\/\/webdesign.freshlab.com.br\/ccpa\/aluno-vai-representar-sergipe-em-seletiva-para-olimpiada-internacional\/","name":"Aluno vai representar Sergipe em seletiva para Olimp\u00edada Internacional - Col\u00e9gio CCPA","isPartOf":{"@id":"https:\/\/webdesign.freshlab.com.br\/ccpa\/#website"},"primaryImageOfPage":{"@id":"https:\/\/webdesign.freshlab.com.br\/ccpa\/aluno-vai-representar-sergipe-em-seletiva-para-olimpiada-internacional\/#primaryimage"},"image":{"@id":"https:\/\/webdesign.freshlab.com.br\/ccpa\/aluno-vai-representar-sergipe-em-seletiva-para-olimpiada-internacional\/#primaryimage"},"thumbnailUrl":"https:\/\/webdesign.freshlab.com.br\/ccpa\/wp-content\/uploads\/2024\/02\/blog-materia01.jpg","datePublished":"2024-02-01T11:41:20+00:00","dateModified":"2024-02-05T19:45:30+00:00","breadcrumb":{"@id":"https:\/\/webdesign.freshlab.com.br\/ccpa\/aluno-vai-representar-sergipe-em-seletiva-para-olimpiada-internacional\/#breadcrumb"},"inLanguage":"pt-BR","potentialAction":[{"@type":"ReadAction","target":["https:\/\/webdesign.freshlab.com.br\/ccpa\/aluno-vai-representar-sergipe-em-seletiva-para-olimpiada-internacional\/"]}]},{"@type":"ImageObject","inLanguage":"pt-BR","@id":"https:\/\/webdesign.freshlab.com.br\/ccpa\/aluno-vai-representar-sergipe-em-seletiva-para-olimpiada-internacional\/#primaryimage","url":"https:\/\/webdesign.freshlab.com.br\/ccpa\/wp-content\/uploads\/2024\/02\/blog-materia01.jpg","contentUrl":"https:\/\/webdesign.freshlab.com.br\/ccpa\/wp-content\/uploads\/2024\/02\/blog-materia01.jpg","width":1421,"height":944},{"@type":"BreadcrumbList","@id":"https:\/\/webdesign.freshlab.com.br\/ccpa\/aluno-vai-representar-sergipe-em-seletiva-para-olimpiada-internacional\/#breadcrumb","itemListElement":[{"@type":"ListItem","position":1,"name":"In\u00edcio","item":"https:\/\/webdesign.freshlab.com.br\/ccpa\/"},{"@type":"ListItem","position":2,"name":"Aluno vai representar Sergipe em seletiva para Olimp\u00edada Internacional"}]},{"@type":"WebSite","@id":"https:\/\/webdesign.freshlab.com.br\/ccpa\/#website","url":"https:\/\/webdesign.freshlab.com.br\/ccpa\/","name":"Col\u00e9gio CCPA","description":"","publisher":{"@id":"https:\/\/webdesign.freshlab.com.br\/ccpa\/#organization"},"potentialAction":[{"@type":"SearchAction","target":{"@type":"EntryPoint","urlTemplate":"https:\/\/webdesign.freshlab.com.br\/ccpa\/?s={search_term_string}"},"query-input":{"@type":"PropertyValueSpecification","valueRequired":true,"valueName":"search_term_string"}}],"inLanguage":"pt-BR"},{"@type":"Organization","@id":"https:\/\/webdesign.freshlab.com.br\/ccpa\/#organization","name":"Col\u00e9gio CCPA","url":"https:\/\/webdesign.freshlab.com.br\/ccpa\/","logo":{"@type":"ImageObject","inLanguage":"pt-BR","@id":"https:\/\/webdesign.freshlab.com.br\/ccpa\/#\/schema\/logo\/image\/","url":"https:\/\/webdesign.freshlab.com.br\/ccpa\/wp-content\/uploads\/2022\/11\/logo.svg","contentUrl":"https:\/\/webdesign.freshlab.com.br\/ccpa\/wp-content\/uploads\/2022\/11\/logo.svg","width":147,"height":38,"caption":"Col\u00e9gio CCPA"},"image":{"@id":"https:\/\/webdesign.freshlab.com.br\/ccpa\/#\/schema\/logo\/image\/"},"sameAs":["https:\/\/www.facebook.com\/colegioccpa","https:\/\/x.com\/colegio_ccpa","https:\/\/www.tiktok.com\/@colegioccpa","https:\/\/www.instagram.com\/colegio_ccpa\/","https:\/\/www.linkedin.com\/company\/colgio-ccpa","https:\/\/www.youtube.com\/user\/colegioccpa"]},{"@type":"Person","@id":"https:\/\/webdesign.freshlab.com.br\/ccpa\/#\/schema\/person\/6efb71a9ea1819fb05a70d22d51eeb98","name":"Roberta Dias","url":"https:\/\/webdesign.freshlab.com.br\/ccpa\/author\/robertadias\/"}]}},"_links":{"self":[{"href":"https:\/\/webdesign.freshlab.com.br\/ccpa\/wp-json\/wp\/v2\/posts\/2356","targetHints":{"allow":["GET"]}}],"collection":[{"href":"https:\/\/webdesign.freshlab.com.br\/ccpa\/wp-json\/wp\/v2\/posts"}],"about":[{"href":"https:\/\/webdesign.freshlab.com.br\/ccpa\/wp-json\/wp\/v2\/types\/post"}],"author":[{"embeddable":true,"href":"https:\/\/webdesign.freshlab.com.br\/ccpa\/wp-json\/wp\/v2\/users\/4"}],"replies":[{"embeddable":true,"href":"https:\/\/webdesign.freshlab.com.br\/ccpa\/wp-json\/wp\/v2\/comments?post=2356"}],"version-history":[{"count":3,"href":"https:\/\/webdesign.freshlab.com.br\/ccpa\/wp-json\/wp\/v2\/posts\/2356\/revisions"}],"predecessor-version":[{"id":2364,"href":"https:\/\/webdesign.freshlab.com.br\/ccpa\/wp-json\/wp\/v2\/posts\/2356\/revisions\/2364"}],"wp:featuredmedia":[{"embeddable":true,"href":"https:\/\/webdesign.freshlab.com.br\/ccpa\/wp-json\/wp\/v2\/media\/2373"}],"wp:attachment":[{"href":"https:\/\/webdesign.freshlab.com.br\/ccpa\/wp-json\/wp\/v2\/media?parent=2356"}],"wp:term":[{"taxonomy":"category","embeddable":true,"href":"https:\/\/webdesign.freshlab.com.br\/ccpa\/wp-json\/wp\/v2\/categories?post=2356"},{"taxonomy":"post_tag","embeddable":true,"href":"https:\/\/webdesign.freshlab.com.br\/ccpa\/wp-json\/wp\/v2\/tags?post=2356"}],"curies":[{"name":"wp","href":"https:\/\/api.w.org\/{rel}","templated":true}]}}