{"id":2418,"date":"2024-02-21T15:42:49","date_gmt":"2024-02-21T15:42:49","guid":{"rendered":"https:\/\/ccpa.com.br\/?p=2418"},"modified":"2024-02-22T18:27:06","modified_gmt":"2024-02-22T18:27:06","slug":"projeto-liv-promove-o-desenvolvimento-de-habilidades-socioemoconais","status":"publish","type":"post","link":"https:\/\/webdesign.freshlab.com.br\/ccpa\/projeto-liv-promove-o-desenvolvimento-de-habilidades-socioemoconais\/","title":{"rendered":"Projeto LIV promove o desenvolvimento de habilidades s\u00f3cio emocionais"},"content":{"rendered":"\n<p>Trabalhar a sa\u00fade mental entre seus alunos \u00e9 um dos pilares do CCPA, por isso, o col\u00e9gio desenvolveu o projeto socioemocional LIV (Laborat\u00f3rio Intelig\u00eancia de Vida), que consiste em trabalhar as emo\u00e7\u00f5es, ensinando as crian\u00e7as e jovens a nomear e reconhecer as mesmas.&nbsp;<\/p>\n\n\n\n<p>Al\u00e9m disso, o projeto tamb\u00e9m estimula os alunos a aprenderem a lidar com suas emo\u00e7\u00f5es, resolverem problemas do dia a dia e identificarem suas habilidades e dificuldades. Uma abordagem fundamental para potencializar o aprendizado em todas as faixas et\u00e1rias.&nbsp;<\/p>\n\n\n\n<p>De acordo com a professora LIV, Aldilene dos Santos Rodrigues, o projeto trabalha fortalecendo o cuidado socioemocional, dentro e fora da sala de aula, envolvendo a fam\u00edlia atrav\u00e9s de intera\u00e7\u00f5es e troca de conhecimento com as crian\u00e7as.&nbsp;<\/p>\n\n\n\n<p>As habilidades sociais e emocionais s\u00e3o aplicadas a partir de um planejamento pedag\u00f3gico, que em cada idade \u00e9 definido de uma forma diferente. \u201cNa educa\u00e7\u00e3o infantil, por exemplo, as crian\u00e7as aprendem a reconhecer as emo\u00e7\u00f5es b\u00e1sicas como: medo, raiva alegria e amor. Fazendo uso de fantoches, conta\u00e7\u00e3o de hist\u00f3rias e m\u00fasicas para que eles possam aprender a identificar e nomear fazendo uma liga\u00e7\u00e3o com a vida deles, o que sentem e quando sentem\u201d, explicou.&nbsp;<\/p>\n\n\n\n<p>No ensino Fundamental s\u00e3o trabalhadas habilidades como a colabora\u00e7\u00e3o, perseveran\u00e7a, pensamento cr\u00edtico, proatividade, comunica\u00e7\u00e3o e criatividade. Segundo Adilene, para essa faixa et\u00e1ria, s\u00e3o trabalhados projetos que promovam o conhecimento sobre si e sobre o mundo, promovendo assim a reflex\u00e3o e participa\u00e7\u00e3o dos mesmos. \u201cNesse contexto temos um personagem por turma e cada um traz uma hist\u00f3ria e viv\u00eancia. Embarcamos nas conta\u00e7\u00f5es de hist\u00f3rias sempre relacionando a realidade, buscando promover o momento de fala e escuta\u201d, destacou a professora.&nbsp;<\/p>\n\n\n\n<p>Para os adolescentes, o N\u00facleo de Sa\u00fade Mental, al\u00e9m de desenvolver e aprimorar as habilidades socioemocionais, oferece assist\u00eancia aos alunos no processo de ensino-aprendizagem, no desenvolvimento e na socializa\u00e7\u00e3o. Nessa fase, as fam\u00edlias tamb\u00e9m s\u00e3o atendidas com orienta\u00e7\u00f5es e constante troca de informa\u00e7\u00f5es com profissionais que acompanham os alunos fora da escola.&nbsp;<\/p>\n\n\n\n<p>O LIV est\u00e1 integrado ao N\u00facleo de Sa\u00fade Mental do CCPA e sua equipe \u00e9 formada por professora, psic\u00f3loga e psicopedagoga.\u00a0<\/p>\n\n\n\n<p>Mais informa\u00e7\u00f5es acesse: <a href=\"https:\/\/webdesign.freshlab.com.br\/ccpa\/nucleo-de-saude-mental\/\">https:\/\/webdesign.freshlab.com.br\/ccpa\/nucleo-de-saude-mental\/<\/a><\/p>\n","protected":false},"excerpt":{"rendered":"<p>O projeto trabalha fortalecendo o cuidado socioemocional, dentro e fora da sala de aula, envolvendo a fam\u00edlia atrav\u00e9s de intera\u00e7\u00f5es e troca de conhecimento com as crian\u00e7as.  <\/p>\n","protected":false},"author":4,"featured_media":2419,"comment_status":"closed","ping_status":"closed","sticky":false,"template":"","format":"standard","meta":{"inline_featured_image":false,"footnotes":""},"categories":[9],"tags":[15,91,90,89],"class_list":["post-2418","post","type-post","status-publish","format-standard","has-post-thumbnail","hentry","category-ensino-infantil","tag-ccpa","tag-habilidades","tag-liv","tag-projeto"],"acf":[],"yoast_head":"<!-- This site is optimized with the Yoast SEO plugin v27.3 - https:\/\/yoast.com\/product\/yoast-seo-wordpress\/ -->\n<title>Projeto LIV promove o desenvolvimento de habilidades s\u00f3cio emocionais - Col\u00e9gio CCPA<\/title>\n<meta name=\"robots\" content=\"index, follow, max-snippet:-1, max-image-preview:large, max-video-preview:-1\" \/>\n<link rel=\"canonical\" href=\"https:\/\/webdesign.freshlab.com.br\/ccpa\/projeto-liv-promove-o-desenvolvimento-de-habilidades-socioemoconais\/\" \/>\n<meta property=\"og:locale\" content=\"pt_BR\" \/>\n<meta property=\"og:type\" content=\"article\" \/>\n<meta property=\"og:title\" content=\"Projeto LIV promove o desenvolvimento de habilidades s\u00f3cio emocionais - Col\u00e9gio CCPA\" \/>\n<meta property=\"og:description\" content=\"O projeto trabalha fortalecendo o cuidado socioemocional, dentro e fora da sala de aula, envolvendo a fam\u00edlia atrav\u00e9s de intera\u00e7\u00f5es e troca de conhecimento com as crian\u00e7as.\" \/>\n<meta property=\"og:url\" content=\"https:\/\/webdesign.freshlab.com.br\/ccpa\/projeto-liv-promove-o-desenvolvimento-de-habilidades-socioemoconais\/\" \/>\n<meta property=\"og:site_name\" content=\"Col\u00e9gio CCPA\" \/>\n<meta property=\"article:publisher\" content=\"https:\/\/www.facebook.com\/colegioccpa\" \/>\n<meta property=\"article:published_time\" content=\"2024-02-21T15:42:49+00:00\" \/>\n<meta property=\"article:modified_time\" content=\"2024-02-22T18:27:06+00:00\" \/>\n<meta property=\"og:image\" content=\"https:\/\/webdesign.freshlab.com.br\/ccpa\/wp-content\/uploads\/2024\/02\/WhatsApp-Image-2024-02-21-at-12.18.07.jpeg\" \/>\n\t<meta property=\"og:image:width\" content=\"1280\" \/>\n\t<meta property=\"og:image:height\" content=\"720\" \/>\n\t<meta property=\"og:image:type\" content=\"image\/jpeg\" \/>\n<meta name=\"author\" content=\"Roberta Dias\" \/>\n<meta name=\"twitter:card\" content=\"summary_large_image\" \/>\n<meta name=\"twitter:creator\" content=\"@colegio_ccpa\" \/>\n<meta name=\"twitter:site\" content=\"@colegio_ccpa\" \/>\n<meta name=\"twitter:label1\" content=\"Written by\" \/>\n\t<meta name=\"twitter:data1\" content=\"Roberta Dias\" \/>\n\t<meta name=\"twitter:label2\" content=\"Est. reading time\" \/>\n\t<meta name=\"twitter:data2\" content=\"3 minutos\" \/>\n<script type=\"application\/ld+json\" class=\"yoast-schema-graph\">{\"@context\":\"https:\\\/\\\/schema.org\",\"@graph\":[{\"@type\":\"Article\",\"@id\":\"https:\\\/\\\/webdesign.freshlab.com.br\\\/ccpa\\\/projeto-liv-promove-o-desenvolvimento-de-habilidades-socioemoconais\\\/#article\",\"isPartOf\":{\"@id\":\"https:\\\/\\\/webdesign.freshlab.com.br\\\/ccpa\\\/projeto-liv-promove-o-desenvolvimento-de-habilidades-socioemoconais\\\/\"},\"author\":{\"name\":\"Roberta Dias\",\"@id\":\"https:\\\/\\\/webdesign.freshlab.com.br\\\/ccpa\\\/#\\\/schema\\\/person\\\/6efb71a9ea1819fb05a70d22d51eeb98\"},\"headline\":\"Projeto LIV promove o desenvolvimento de habilidades s\u00f3cio emocionais\",\"datePublished\":\"2024-02-21T15:42:49+00:00\",\"dateModified\":\"2024-02-22T18:27:06+00:00\",\"mainEntityOfPage\":{\"@id\":\"https:\\\/\\\/webdesign.freshlab.com.br\\\/ccpa\\\/projeto-liv-promove-o-desenvolvimento-de-habilidades-socioemoconais\\\/\"},\"wordCount\":418,\"publisher\":{\"@id\":\"https:\\\/\\\/webdesign.freshlab.com.br\\\/ccpa\\\/#organization\"},\"image\":{\"@id\":\"https:\\\/\\\/webdesign.freshlab.com.br\\\/ccpa\\\/projeto-liv-promove-o-desenvolvimento-de-habilidades-socioemoconais\\\/#primaryimage\"},\"thumbnailUrl\":\"https:\\\/\\\/webdesign.freshlab.com.br\\\/ccpa\\\/wp-content\\\/uploads\\\/2024\\\/02\\\/WhatsApp-Image-2024-02-21-at-12.18.07.jpeg\",\"keywords\":[\"ccpa\",\"HABILIDADES\",\"LIV\",\"Projeto\"],\"articleSection\":[\"Ensino Infantil\"],\"inLanguage\":\"pt-BR\"},{\"@type\":\"WebPage\",\"@id\":\"https:\\\/\\\/webdesign.freshlab.com.br\\\/ccpa\\\/projeto-liv-promove-o-desenvolvimento-de-habilidades-socioemoconais\\\/\",\"url\":\"https:\\\/\\\/webdesign.freshlab.com.br\\\/ccpa\\\/projeto-liv-promove-o-desenvolvimento-de-habilidades-socioemoconais\\\/\",\"name\":\"Projeto LIV promove o desenvolvimento de habilidades s\u00f3cio emocionais - Col\u00e9gio CCPA\",\"isPartOf\":{\"@id\":\"https:\\\/\\\/webdesign.freshlab.com.br\\\/ccpa\\\/#website\"},\"primaryImageOfPage\":{\"@id\":\"https:\\\/\\\/webdesign.freshlab.com.br\\\/ccpa\\\/projeto-liv-promove-o-desenvolvimento-de-habilidades-socioemoconais\\\/#primaryimage\"},\"image\":{\"@id\":\"https:\\\/\\\/webdesign.freshlab.com.br\\\/ccpa\\\/projeto-liv-promove-o-desenvolvimento-de-habilidades-socioemoconais\\\/#primaryimage\"},\"thumbnailUrl\":\"https:\\\/\\\/webdesign.freshlab.com.br\\\/ccpa\\\/wp-content\\\/uploads\\\/2024\\\/02\\\/WhatsApp-Image-2024-02-21-at-12.18.07.jpeg\",\"datePublished\":\"2024-02-21T15:42:49+00:00\",\"dateModified\":\"2024-02-22T18:27:06+00:00\",\"breadcrumb\":{\"@id\":\"https:\\\/\\\/webdesign.freshlab.com.br\\\/ccpa\\\/projeto-liv-promove-o-desenvolvimento-de-habilidades-socioemoconais\\\/#breadcrumb\"},\"inLanguage\":\"pt-BR\",\"potentialAction\":[{\"@type\":\"ReadAction\",\"target\":[\"https:\\\/\\\/webdesign.freshlab.com.br\\\/ccpa\\\/projeto-liv-promove-o-desenvolvimento-de-habilidades-socioemoconais\\\/\"]}]},{\"@type\":\"ImageObject\",\"inLanguage\":\"pt-BR\",\"@id\":\"https:\\\/\\\/webdesign.freshlab.com.br\\\/ccpa\\\/projeto-liv-promove-o-desenvolvimento-de-habilidades-socioemoconais\\\/#primaryimage\",\"url\":\"https:\\\/\\\/webdesign.freshlab.com.br\\\/ccpa\\\/wp-content\\\/uploads\\\/2024\\\/02\\\/WhatsApp-Image-2024-02-21-at-12.18.07.jpeg\",\"contentUrl\":\"https:\\\/\\\/webdesign.freshlab.com.br\\\/ccpa\\\/wp-content\\\/uploads\\\/2024\\\/02\\\/WhatsApp-Image-2024-02-21-at-12.18.07.jpeg\",\"width\":1280,\"height\":720},{\"@type\":\"BreadcrumbList\",\"@id\":\"https:\\\/\\\/webdesign.freshlab.com.br\\\/ccpa\\\/projeto-liv-promove-o-desenvolvimento-de-habilidades-socioemoconais\\\/#breadcrumb\",\"itemListElement\":[{\"@type\":\"ListItem\",\"position\":1,\"name\":\"In\u00edcio\",\"item\":\"https:\\\/\\\/webdesign.freshlab.com.br\\\/ccpa\\\/\"},{\"@type\":\"ListItem\",\"position\":2,\"name\":\"Projeto LIV promove o desenvolvimento de habilidades s\u00f3cio emocionais\"}]},{\"@type\":\"WebSite\",\"@id\":\"https:\\\/\\\/webdesign.freshlab.com.br\\\/ccpa\\\/#website\",\"url\":\"https:\\\/\\\/webdesign.freshlab.com.br\\\/ccpa\\\/\",\"name\":\"Col\u00e9gio CCPA\",\"description\":\"\",\"publisher\":{\"@id\":\"https:\\\/\\\/webdesign.freshlab.com.br\\\/ccpa\\\/#organization\"},\"potentialAction\":[{\"@type\":\"SearchAction\",\"target\":{\"@type\":\"EntryPoint\",\"urlTemplate\":\"https:\\\/\\\/webdesign.freshlab.com.br\\\/ccpa\\\/?s={search_term_string}\"},\"query-input\":{\"@type\":\"PropertyValueSpecification\",\"valueRequired\":true,\"valueName\":\"search_term_string\"}}],\"inLanguage\":\"pt-BR\"},{\"@type\":\"Organization\",\"@id\":\"https:\\\/\\\/webdesign.freshlab.com.br\\\/ccpa\\\/#organization\",\"name\":\"Col\u00e9gio CCPA\",\"url\":\"https:\\\/\\\/webdesign.freshlab.com.br\\\/ccpa\\\/\",\"logo\":{\"@type\":\"ImageObject\",\"inLanguage\":\"pt-BR\",\"@id\":\"https:\\\/\\\/webdesign.freshlab.com.br\\\/ccpa\\\/#\\\/schema\\\/logo\\\/image\\\/\",\"url\":\"https:\\\/\\\/webdesign.freshlab.com.br\\\/ccpa\\\/wp-content\\\/uploads\\\/2022\\\/11\\\/logo.svg\",\"contentUrl\":\"https:\\\/\\\/webdesign.freshlab.com.br\\\/ccpa\\\/wp-content\\\/uploads\\\/2022\\\/11\\\/logo.svg\",\"width\":147,\"height\":38,\"caption\":\"Col\u00e9gio CCPA\"},\"image\":{\"@id\":\"https:\\\/\\\/webdesign.freshlab.com.br\\\/ccpa\\\/#\\\/schema\\\/logo\\\/image\\\/\"},\"sameAs\":[\"https:\\\/\\\/www.facebook.com\\\/colegioccpa\",\"https:\\\/\\\/x.com\\\/colegio_ccpa\",\"https:\\\/\\\/www.tiktok.com\\\/@colegioccpa\",\"https:\\\/\\\/www.instagram.com\\\/colegio_ccpa\\\/\",\"https:\\\/\\\/www.linkedin.com\\\/company\\\/colgio-ccpa\",\"https:\\\/\\\/www.youtube.com\\\/user\\\/colegioccpa\"]},{\"@type\":\"Person\",\"@id\":\"https:\\\/\\\/webdesign.freshlab.com.br\\\/ccpa\\\/#\\\/schema\\\/person\\\/6efb71a9ea1819fb05a70d22d51eeb98\",\"name\":\"Roberta Dias\",\"url\":\"https:\\\/\\\/webdesign.freshlab.com.br\\\/ccpa\\\/author\\\/robertadias\\\/\"}]}<\/script>\n<!-- \/ Yoast SEO plugin. -->","yoast_head_json":{"title":"Projeto LIV promove o desenvolvimento de habilidades s\u00f3cio emocionais - Col\u00e9gio CCPA","robots":{"index":"index","follow":"follow","max-snippet":"max-snippet:-1","max-image-preview":"max-image-preview:large","max-video-preview":"max-video-preview:-1"},"canonical":"https:\/\/webdesign.freshlab.com.br\/ccpa\/projeto-liv-promove-o-desenvolvimento-de-habilidades-socioemoconais\/","og_locale":"pt_BR","og_type":"article","og_title":"Projeto LIV promove o desenvolvimento de habilidades s\u00f3cio emocionais - Col\u00e9gio CCPA","og_description":"O projeto trabalha fortalecendo o cuidado socioemocional, dentro e fora da sala de aula, envolvendo a fam\u00edlia atrav\u00e9s de intera\u00e7\u00f5es e troca de conhecimento com as crian\u00e7as.","og_url":"https:\/\/webdesign.freshlab.com.br\/ccpa\/projeto-liv-promove-o-desenvolvimento-de-habilidades-socioemoconais\/","og_site_name":"Col\u00e9gio CCPA","article_publisher":"https:\/\/www.facebook.com\/colegioccpa","article_published_time":"2024-02-21T15:42:49+00:00","article_modified_time":"2024-02-22T18:27:06+00:00","og_image":[{"width":1280,"height":720,"url":"https:\/\/webdesign.freshlab.com.br\/ccpa\/wp-content\/uploads\/2024\/02\/WhatsApp-Image-2024-02-21-at-12.18.07.jpeg","type":"image\/jpeg"}],"author":"Roberta Dias","twitter_card":"summary_large_image","twitter_creator":"@colegio_ccpa","twitter_site":"@colegio_ccpa","twitter_misc":{"Written by":"Roberta Dias","Est. reading time":"3 minutos"},"schema":{"@context":"https:\/\/schema.org","@graph":[{"@type":"Article","@id":"https:\/\/webdesign.freshlab.com.br\/ccpa\/projeto-liv-promove-o-desenvolvimento-de-habilidades-socioemoconais\/#article","isPartOf":{"@id":"https:\/\/webdesign.freshlab.com.br\/ccpa\/projeto-liv-promove-o-desenvolvimento-de-habilidades-socioemoconais\/"},"author":{"name":"Roberta Dias","@id":"https:\/\/webdesign.freshlab.com.br\/ccpa\/#\/schema\/person\/6efb71a9ea1819fb05a70d22d51eeb98"},"headline":"Projeto LIV promove o desenvolvimento de habilidades s\u00f3cio emocionais","datePublished":"2024-02-21T15:42:49+00:00","dateModified":"2024-02-22T18:27:06+00:00","mainEntityOfPage":{"@id":"https:\/\/webdesign.freshlab.com.br\/ccpa\/projeto-liv-promove-o-desenvolvimento-de-habilidades-socioemoconais\/"},"wordCount":418,"publisher":{"@id":"https:\/\/webdesign.freshlab.com.br\/ccpa\/#organization"},"image":{"@id":"https:\/\/webdesign.freshlab.com.br\/ccpa\/projeto-liv-promove-o-desenvolvimento-de-habilidades-socioemoconais\/#primaryimage"},"thumbnailUrl":"https:\/\/webdesign.freshlab.com.br\/ccpa\/wp-content\/uploads\/2024\/02\/WhatsApp-Image-2024-02-21-at-12.18.07.jpeg","keywords":["ccpa","HABILIDADES","LIV","Projeto"],"articleSection":["Ensino Infantil"],"inLanguage":"pt-BR"},{"@type":"WebPage","@id":"https:\/\/webdesign.freshlab.com.br\/ccpa\/projeto-liv-promove-o-desenvolvimento-de-habilidades-socioemoconais\/","url":"https:\/\/webdesign.freshlab.com.br\/ccpa\/projeto-liv-promove-o-desenvolvimento-de-habilidades-socioemoconais\/","name":"Projeto LIV promove o desenvolvimento de habilidades s\u00f3cio emocionais - Col\u00e9gio CCPA","isPartOf":{"@id":"https:\/\/webdesign.freshlab.com.br\/ccpa\/#website"},"primaryImageOfPage":{"@id":"https:\/\/webdesign.freshlab.com.br\/ccpa\/projeto-liv-promove-o-desenvolvimento-de-habilidades-socioemoconais\/#primaryimage"},"image":{"@id":"https:\/\/webdesign.freshlab.com.br\/ccpa\/projeto-liv-promove-o-desenvolvimento-de-habilidades-socioemoconais\/#primaryimage"},"thumbnailUrl":"https:\/\/webdesign.freshlab.com.br\/ccpa\/wp-content\/uploads\/2024\/02\/WhatsApp-Image-2024-02-21-at-12.18.07.jpeg","datePublished":"2024-02-21T15:42:49+00:00","dateModified":"2024-02-22T18:27:06+00:00","breadcrumb":{"@id":"https:\/\/webdesign.freshlab.com.br\/ccpa\/projeto-liv-promove-o-desenvolvimento-de-habilidades-socioemoconais\/#breadcrumb"},"inLanguage":"pt-BR","potentialAction":[{"@type":"ReadAction","target":["https:\/\/webdesign.freshlab.com.br\/ccpa\/projeto-liv-promove-o-desenvolvimento-de-habilidades-socioemoconais\/"]}]},{"@type":"ImageObject","inLanguage":"pt-BR","@id":"https:\/\/webdesign.freshlab.com.br\/ccpa\/projeto-liv-promove-o-desenvolvimento-de-habilidades-socioemoconais\/#primaryimage","url":"https:\/\/webdesign.freshlab.com.br\/ccpa\/wp-content\/uploads\/2024\/02\/WhatsApp-Image-2024-02-21-at-12.18.07.jpeg","contentUrl":"https:\/\/webdesign.freshlab.com.br\/ccpa\/wp-content\/uploads\/2024\/02\/WhatsApp-Image-2024-02-21-at-12.18.07.jpeg","width":1280,"height":720},{"@type":"BreadcrumbList","@id":"https:\/\/webdesign.freshlab.com.br\/ccpa\/projeto-liv-promove-o-desenvolvimento-de-habilidades-socioemoconais\/#breadcrumb","itemListElement":[{"@type":"ListItem","position":1,"name":"In\u00edcio","item":"https:\/\/webdesign.freshlab.com.br\/ccpa\/"},{"@type":"ListItem","position":2,"name":"Projeto LIV promove o desenvolvimento de habilidades s\u00f3cio emocionais"}]},{"@type":"WebSite","@id":"https:\/\/webdesign.freshlab.com.br\/ccpa\/#website","url":"https:\/\/webdesign.freshlab.com.br\/ccpa\/","name":"Col\u00e9gio CCPA","description":"","publisher":{"@id":"https:\/\/webdesign.freshlab.com.br\/ccpa\/#organization"},"potentialAction":[{"@type":"SearchAction","target":{"@type":"EntryPoint","urlTemplate":"https:\/\/webdesign.freshlab.com.br\/ccpa\/?s={search_term_string}"},"query-input":{"@type":"PropertyValueSpecification","valueRequired":true,"valueName":"search_term_string"}}],"inLanguage":"pt-BR"},{"@type":"Organization","@id":"https:\/\/webdesign.freshlab.com.br\/ccpa\/#organization","name":"Col\u00e9gio CCPA","url":"https:\/\/webdesign.freshlab.com.br\/ccpa\/","logo":{"@type":"ImageObject","inLanguage":"pt-BR","@id":"https:\/\/webdesign.freshlab.com.br\/ccpa\/#\/schema\/logo\/image\/","url":"https:\/\/webdesign.freshlab.com.br\/ccpa\/wp-content\/uploads\/2022\/11\/logo.svg","contentUrl":"https:\/\/webdesign.freshlab.com.br\/ccpa\/wp-content\/uploads\/2022\/11\/logo.svg","width":147,"height":38,"caption":"Col\u00e9gio CCPA"},"image":{"@id":"https:\/\/webdesign.freshlab.com.br\/ccpa\/#\/schema\/logo\/image\/"},"sameAs":["https:\/\/www.facebook.com\/colegioccpa","https:\/\/x.com\/colegio_ccpa","https:\/\/www.tiktok.com\/@colegioccpa","https:\/\/www.instagram.com\/colegio_ccpa\/","https:\/\/www.linkedin.com\/company\/colgio-ccpa","https:\/\/www.youtube.com\/user\/colegioccpa"]},{"@type":"Person","@id":"https:\/\/webdesign.freshlab.com.br\/ccpa\/#\/schema\/person\/6efb71a9ea1819fb05a70d22d51eeb98","name":"Roberta Dias","url":"https:\/\/webdesign.freshlab.com.br\/ccpa\/author\/robertadias\/"}]}},"_links":{"self":[{"href":"https:\/\/webdesign.freshlab.com.br\/ccpa\/wp-json\/wp\/v2\/posts\/2418","targetHints":{"allow":["GET"]}}],"collection":[{"href":"https:\/\/webdesign.freshlab.com.br\/ccpa\/wp-json\/wp\/v2\/posts"}],"about":[{"href":"https:\/\/webdesign.freshlab.com.br\/ccpa\/wp-json\/wp\/v2\/types\/post"}],"author":[{"embeddable":true,"href":"https:\/\/webdesign.freshlab.com.br\/ccpa\/wp-json\/wp\/v2\/users\/4"}],"replies":[{"embeddable":true,"href":"https:\/\/webdesign.freshlab.com.br\/ccpa\/wp-json\/wp\/v2\/comments?post=2418"}],"version-history":[{"count":2,"href":"https:\/\/webdesign.freshlab.com.br\/ccpa\/wp-json\/wp\/v2\/posts\/2418\/revisions"}],"predecessor-version":[{"id":2427,"href":"https:\/\/webdesign.freshlab.com.br\/ccpa\/wp-json\/wp\/v2\/posts\/2418\/revisions\/2427"}],"wp:featuredmedia":[{"embeddable":true,"href":"https:\/\/webdesign.freshlab.com.br\/ccpa\/wp-json\/wp\/v2\/media\/2419"}],"wp:attachment":[{"href":"https:\/\/webdesign.freshlab.com.br\/ccpa\/wp-json\/wp\/v2\/media?parent=2418"}],"wp:term":[{"taxonomy":"category","embeddable":true,"href":"https:\/\/webdesign.freshlab.com.br\/ccpa\/wp-json\/wp\/v2\/categories?post=2418"},{"taxonomy":"post_tag","embeddable":true,"href":"https:\/\/webdesign.freshlab.com.br\/ccpa\/wp-json\/wp\/v2\/tags?post=2418"}],"curies":[{"name":"wp","href":"https:\/\/api.w.org\/{rel}","templated":true}]}}