{"id":2537,"date":"2024-04-04T13:36:21","date_gmt":"2024-04-04T13:36:21","guid":{"rendered":"https:\/\/ccpa.com.br\/?p=2537"},"modified":"2024-04-04T13:37:21","modified_gmt":"2024-04-04T13:37:21","slug":"ccpa-realiza-roda-de-conversa-para-conscientizar-sobre-o-autismo","status":"publish","type":"post","link":"https:\/\/webdesign.freshlab.com.br\/ccpa\/ccpa-realiza-roda-de-conversa-para-conscientizar-sobre-o-autismo\/","title":{"rendered":"CCPA realiza roda de conversa sobre o autismo"},"content":{"rendered":"\n<p>Em alus\u00e3o ao Dia Mundial da Conscientiza\u00e7\u00e3o do Autismo, o CCPA realizou no dia 02 de abril, uma roda de conversa para discutir sobre os mitos e verdades relacionados ao autismo. O bate-papo foi realizado na livraria Escariz, e contou com a participa\u00e7\u00e3o de pais de alunos e do p\u00fablico externo.&nbsp;<\/p>\n\n\n\n<p>A roda de conversa foi mediada pelo N\u00facleo de Sa\u00fade Mental do CCPA, que conta com duas psicopedagogas e psic\u00f3logas. O evento, foi um momento de desmistificar sobre o temas relacionados ao Autismo&nbsp; e trocar experi\u00eancias.&nbsp;<\/p>\n\n\n\n<p>Discutir sobre o tema \u00e9 de extrema import\u00e2ncia, pois o Transtorno do Espectro Autista (TEA) , segundo a Organiza\u00e7\u00e3o das Na\u00e7\u00f5es Unidas (ONU), afeta uma em cada 100 crian\u00e7as em todo o mundo. Al\u00e9m disso, de acordo com o Censo de Educa\u00e7\u00e3o B\u00e1sica, de 2022 a 2023, no Brasil, o n\u00famero de crian\u00e7as e adolescentes com TEA matriculados em salas de aula comuns, ou seja, junto com alunos sem defici\u00eancia, aumentou 50%.&nbsp;<\/p>\n\n\n\n<p>A conviv\u00eancia entre pessoas com e sem defici\u00eancia \u00e9 ben\u00e9fica para todos, pois desenvolve o ponto de<strong> <\/strong>vista social, auxiliando na compreens\u00e3o das diferen\u00e7as e cidadania. Assim como melhora o cognitivo, j\u00e1 que a escola apresenta conte\u00fados de maneira que todos os estudantes possam aprender e se desenvolver.<\/p>\n","protected":false},"excerpt":{"rendered":"<p>A roda de conversa contou com a participa\u00e7\u00e3o do N\u00facleo de Sa\u00fade Mental do CCPA, que conta com duas psicopedagogas e psic\u00f3logas.<\/p>\n","protected":false},"author":4,"featured_media":2538,"comment_status":"closed","ping_status":"closed","sticky":false,"template":"","format":"standard","meta":{"inline_featured_image":false,"footnotes":""},"categories":[8],"tags":[],"class_list":["post-2537","post","type-post","status-publish","format-standard","has-post-thumbnail","hentry","category-eventos"],"acf":[],"yoast_head":"<!-- This site is optimized with the Yoast SEO plugin v27.3 - https:\/\/yoast.com\/product\/yoast-seo-wordpress\/ -->\n<title>CCPA realiza roda de conversa sobre o autismo - Col\u00e9gio CCPA<\/title>\n<meta name=\"robots\" content=\"index, follow, max-snippet:-1, max-image-preview:large, max-video-preview:-1\" \/>\n<link rel=\"canonical\" href=\"https:\/\/webdesign.freshlab.com.br\/ccpa\/ccpa-realiza-roda-de-conversa-para-conscientizar-sobre-o-autismo\/\" \/>\n<meta property=\"og:locale\" content=\"pt_BR\" \/>\n<meta property=\"og:type\" content=\"article\" \/>\n<meta property=\"og:title\" content=\"CCPA realiza roda de conversa sobre o autismo - Col\u00e9gio CCPA\" \/>\n<meta property=\"og:description\" content=\"A roda de conversa contou com a participa\u00e7\u00e3o do N\u00facleo de Sa\u00fade Mental do CCPA, que conta com duas psicopedagogas e psic\u00f3logas.\" \/>\n<meta property=\"og:url\" content=\"https:\/\/webdesign.freshlab.com.br\/ccpa\/ccpa-realiza-roda-de-conversa-para-conscientizar-sobre-o-autismo\/\" \/>\n<meta property=\"og:site_name\" content=\"Col\u00e9gio CCPA\" \/>\n<meta property=\"article:publisher\" content=\"https:\/\/www.facebook.com\/colegioccpa\" \/>\n<meta property=\"article:published_time\" content=\"2024-04-04T13:36:21+00:00\" \/>\n<meta property=\"article:modified_time\" content=\"2024-04-04T13:37:21+00:00\" \/>\n<meta property=\"og:image\" content=\"https:\/\/webdesign.freshlab.com.br\/ccpa\/wp-content\/uploads\/2024\/04\/WhatsApp-Image-2024-04-03-at-8.52.52-AM.jpeg\" \/>\n\t<meta property=\"og:image:width\" content=\"1280\" \/>\n\t<meta property=\"og:image:height\" content=\"960\" \/>\n\t<meta property=\"og:image:type\" content=\"image\/jpeg\" \/>\n<meta name=\"author\" content=\"Roberta Dias\" \/>\n<meta name=\"twitter:card\" content=\"summary_large_image\" \/>\n<meta name=\"twitter:creator\" content=\"@colegio_ccpa\" \/>\n<meta name=\"twitter:site\" content=\"@colegio_ccpa\" \/>\n<meta name=\"twitter:label1\" content=\"Written by\" \/>\n\t<meta name=\"twitter:data1\" content=\"Roberta Dias\" \/>\n\t<meta name=\"twitter:label2\" content=\"Est. reading time\" \/>\n\t<meta name=\"twitter:data2\" content=\"2 minutos\" \/>\n<script type=\"application\/ld+json\" class=\"yoast-schema-graph\">{\"@context\":\"https:\\\/\\\/schema.org\",\"@graph\":[{\"@type\":\"Article\",\"@id\":\"https:\\\/\\\/webdesign.freshlab.com.br\\\/ccpa\\\/ccpa-realiza-roda-de-conversa-para-conscientizar-sobre-o-autismo\\\/#article\",\"isPartOf\":{\"@id\":\"https:\\\/\\\/webdesign.freshlab.com.br\\\/ccpa\\\/ccpa-realiza-roda-de-conversa-para-conscientizar-sobre-o-autismo\\\/\"},\"author\":{\"name\":\"Roberta Dias\",\"@id\":\"https:\\\/\\\/webdesign.freshlab.com.br\\\/ccpa\\\/#\\\/schema\\\/person\\\/6efb71a9ea1819fb05a70d22d51eeb98\"},\"headline\":\"CCPA realiza roda de conversa sobre o autismo\",\"datePublished\":\"2024-04-04T13:36:21+00:00\",\"dateModified\":\"2024-04-04T13:37:21+00:00\",\"mainEntityOfPage\":{\"@id\":\"https:\\\/\\\/webdesign.freshlab.com.br\\\/ccpa\\\/ccpa-realiza-roda-de-conversa-para-conscientizar-sobre-o-autismo\\\/\"},\"wordCount\":235,\"publisher\":{\"@id\":\"https:\\\/\\\/webdesign.freshlab.com.br\\\/ccpa\\\/#organization\"},\"image\":{\"@id\":\"https:\\\/\\\/webdesign.freshlab.com.br\\\/ccpa\\\/ccpa-realiza-roda-de-conversa-para-conscientizar-sobre-o-autismo\\\/#primaryimage\"},\"thumbnailUrl\":\"https:\\\/\\\/webdesign.freshlab.com.br\\\/ccpa\\\/wp-content\\\/uploads\\\/2024\\\/04\\\/WhatsApp-Image-2024-04-03-at-8.52.52-AM.jpeg\",\"articleSection\":[\"Eventos\"],\"inLanguage\":\"pt-BR\"},{\"@type\":\"WebPage\",\"@id\":\"https:\\\/\\\/webdesign.freshlab.com.br\\\/ccpa\\\/ccpa-realiza-roda-de-conversa-para-conscientizar-sobre-o-autismo\\\/\",\"url\":\"https:\\\/\\\/webdesign.freshlab.com.br\\\/ccpa\\\/ccpa-realiza-roda-de-conversa-para-conscientizar-sobre-o-autismo\\\/\",\"name\":\"CCPA realiza roda de conversa sobre o autismo - Col\u00e9gio CCPA\",\"isPartOf\":{\"@id\":\"https:\\\/\\\/webdesign.freshlab.com.br\\\/ccpa\\\/#website\"},\"primaryImageOfPage\":{\"@id\":\"https:\\\/\\\/webdesign.freshlab.com.br\\\/ccpa\\\/ccpa-realiza-roda-de-conversa-para-conscientizar-sobre-o-autismo\\\/#primaryimage\"},\"image\":{\"@id\":\"https:\\\/\\\/webdesign.freshlab.com.br\\\/ccpa\\\/ccpa-realiza-roda-de-conversa-para-conscientizar-sobre-o-autismo\\\/#primaryimage\"},\"thumbnailUrl\":\"https:\\\/\\\/webdesign.freshlab.com.br\\\/ccpa\\\/wp-content\\\/uploads\\\/2024\\\/04\\\/WhatsApp-Image-2024-04-03-at-8.52.52-AM.jpeg\",\"datePublished\":\"2024-04-04T13:36:21+00:00\",\"dateModified\":\"2024-04-04T13:37:21+00:00\",\"breadcrumb\":{\"@id\":\"https:\\\/\\\/webdesign.freshlab.com.br\\\/ccpa\\\/ccpa-realiza-roda-de-conversa-para-conscientizar-sobre-o-autismo\\\/#breadcrumb\"},\"inLanguage\":\"pt-BR\",\"potentialAction\":[{\"@type\":\"ReadAction\",\"target\":[\"https:\\\/\\\/webdesign.freshlab.com.br\\\/ccpa\\\/ccpa-realiza-roda-de-conversa-para-conscientizar-sobre-o-autismo\\\/\"]}]},{\"@type\":\"ImageObject\",\"inLanguage\":\"pt-BR\",\"@id\":\"https:\\\/\\\/webdesign.freshlab.com.br\\\/ccpa\\\/ccpa-realiza-roda-de-conversa-para-conscientizar-sobre-o-autismo\\\/#primaryimage\",\"url\":\"https:\\\/\\\/webdesign.freshlab.com.br\\\/ccpa\\\/wp-content\\\/uploads\\\/2024\\\/04\\\/WhatsApp-Image-2024-04-03-at-8.52.52-AM.jpeg\",\"contentUrl\":\"https:\\\/\\\/webdesign.freshlab.com.br\\\/ccpa\\\/wp-content\\\/uploads\\\/2024\\\/04\\\/WhatsApp-Image-2024-04-03-at-8.52.52-AM.jpeg\",\"width\":1280,\"height\":960},{\"@type\":\"BreadcrumbList\",\"@id\":\"https:\\\/\\\/webdesign.freshlab.com.br\\\/ccpa\\\/ccpa-realiza-roda-de-conversa-para-conscientizar-sobre-o-autismo\\\/#breadcrumb\",\"itemListElement\":[{\"@type\":\"ListItem\",\"position\":1,\"name\":\"In\u00edcio\",\"item\":\"https:\\\/\\\/webdesign.freshlab.com.br\\\/ccpa\\\/\"},{\"@type\":\"ListItem\",\"position\":2,\"name\":\"CCPA realiza roda de conversa sobre o autismo\"}]},{\"@type\":\"WebSite\",\"@id\":\"https:\\\/\\\/webdesign.freshlab.com.br\\\/ccpa\\\/#website\",\"url\":\"https:\\\/\\\/webdesign.freshlab.com.br\\\/ccpa\\\/\",\"name\":\"Col\u00e9gio CCPA\",\"description\":\"\",\"publisher\":{\"@id\":\"https:\\\/\\\/webdesign.freshlab.com.br\\\/ccpa\\\/#organization\"},\"potentialAction\":[{\"@type\":\"SearchAction\",\"target\":{\"@type\":\"EntryPoint\",\"urlTemplate\":\"https:\\\/\\\/webdesign.freshlab.com.br\\\/ccpa\\\/?s={search_term_string}\"},\"query-input\":{\"@type\":\"PropertyValueSpecification\",\"valueRequired\":true,\"valueName\":\"search_term_string\"}}],\"inLanguage\":\"pt-BR\"},{\"@type\":\"Organization\",\"@id\":\"https:\\\/\\\/webdesign.freshlab.com.br\\\/ccpa\\\/#organization\",\"name\":\"Col\u00e9gio CCPA\",\"url\":\"https:\\\/\\\/webdesign.freshlab.com.br\\\/ccpa\\\/\",\"logo\":{\"@type\":\"ImageObject\",\"inLanguage\":\"pt-BR\",\"@id\":\"https:\\\/\\\/webdesign.freshlab.com.br\\\/ccpa\\\/#\\\/schema\\\/logo\\\/image\\\/\",\"url\":\"https:\\\/\\\/webdesign.freshlab.com.br\\\/ccpa\\\/wp-content\\\/uploads\\\/2022\\\/11\\\/logo.svg\",\"contentUrl\":\"https:\\\/\\\/webdesign.freshlab.com.br\\\/ccpa\\\/wp-content\\\/uploads\\\/2022\\\/11\\\/logo.svg\",\"width\":147,\"height\":38,\"caption\":\"Col\u00e9gio CCPA\"},\"image\":{\"@id\":\"https:\\\/\\\/webdesign.freshlab.com.br\\\/ccpa\\\/#\\\/schema\\\/logo\\\/image\\\/\"},\"sameAs\":[\"https:\\\/\\\/www.facebook.com\\\/colegioccpa\",\"https:\\\/\\\/x.com\\\/colegio_ccpa\",\"https:\\\/\\\/www.tiktok.com\\\/@colegioccpa\",\"https:\\\/\\\/www.instagram.com\\\/colegio_ccpa\\\/\",\"https:\\\/\\\/www.linkedin.com\\\/company\\\/colgio-ccpa\",\"https:\\\/\\\/www.youtube.com\\\/user\\\/colegioccpa\"]},{\"@type\":\"Person\",\"@id\":\"https:\\\/\\\/webdesign.freshlab.com.br\\\/ccpa\\\/#\\\/schema\\\/person\\\/6efb71a9ea1819fb05a70d22d51eeb98\",\"name\":\"Roberta Dias\",\"url\":\"https:\\\/\\\/webdesign.freshlab.com.br\\\/ccpa\\\/author\\\/robertadias\\\/\"}]}<\/script>\n<!-- \/ Yoast SEO plugin. -->","yoast_head_json":{"title":"CCPA realiza roda de conversa sobre o autismo - Col\u00e9gio CCPA","robots":{"index":"index","follow":"follow","max-snippet":"max-snippet:-1","max-image-preview":"max-image-preview:large","max-video-preview":"max-video-preview:-1"},"canonical":"https:\/\/webdesign.freshlab.com.br\/ccpa\/ccpa-realiza-roda-de-conversa-para-conscientizar-sobre-o-autismo\/","og_locale":"pt_BR","og_type":"article","og_title":"CCPA realiza roda de conversa sobre o autismo - Col\u00e9gio CCPA","og_description":"A roda de conversa contou com a participa\u00e7\u00e3o do N\u00facleo de Sa\u00fade Mental do CCPA, que conta com duas psicopedagogas e psic\u00f3logas.","og_url":"https:\/\/webdesign.freshlab.com.br\/ccpa\/ccpa-realiza-roda-de-conversa-para-conscientizar-sobre-o-autismo\/","og_site_name":"Col\u00e9gio CCPA","article_publisher":"https:\/\/www.facebook.com\/colegioccpa","article_published_time":"2024-04-04T13:36:21+00:00","article_modified_time":"2024-04-04T13:37:21+00:00","og_image":[{"width":1280,"height":960,"url":"https:\/\/webdesign.freshlab.com.br\/ccpa\/wp-content\/uploads\/2024\/04\/WhatsApp-Image-2024-04-03-at-8.52.52-AM.jpeg","type":"image\/jpeg"}],"author":"Roberta Dias","twitter_card":"summary_large_image","twitter_creator":"@colegio_ccpa","twitter_site":"@colegio_ccpa","twitter_misc":{"Written by":"Roberta Dias","Est. reading time":"2 minutos"},"schema":{"@context":"https:\/\/schema.org","@graph":[{"@type":"Article","@id":"https:\/\/webdesign.freshlab.com.br\/ccpa\/ccpa-realiza-roda-de-conversa-para-conscientizar-sobre-o-autismo\/#article","isPartOf":{"@id":"https:\/\/webdesign.freshlab.com.br\/ccpa\/ccpa-realiza-roda-de-conversa-para-conscientizar-sobre-o-autismo\/"},"author":{"name":"Roberta Dias","@id":"https:\/\/webdesign.freshlab.com.br\/ccpa\/#\/schema\/person\/6efb71a9ea1819fb05a70d22d51eeb98"},"headline":"CCPA realiza roda de conversa sobre o autismo","datePublished":"2024-04-04T13:36:21+00:00","dateModified":"2024-04-04T13:37:21+00:00","mainEntityOfPage":{"@id":"https:\/\/webdesign.freshlab.com.br\/ccpa\/ccpa-realiza-roda-de-conversa-para-conscientizar-sobre-o-autismo\/"},"wordCount":235,"publisher":{"@id":"https:\/\/webdesign.freshlab.com.br\/ccpa\/#organization"},"image":{"@id":"https:\/\/webdesign.freshlab.com.br\/ccpa\/ccpa-realiza-roda-de-conversa-para-conscientizar-sobre-o-autismo\/#primaryimage"},"thumbnailUrl":"https:\/\/webdesign.freshlab.com.br\/ccpa\/wp-content\/uploads\/2024\/04\/WhatsApp-Image-2024-04-03-at-8.52.52-AM.jpeg","articleSection":["Eventos"],"inLanguage":"pt-BR"},{"@type":"WebPage","@id":"https:\/\/webdesign.freshlab.com.br\/ccpa\/ccpa-realiza-roda-de-conversa-para-conscientizar-sobre-o-autismo\/","url":"https:\/\/webdesign.freshlab.com.br\/ccpa\/ccpa-realiza-roda-de-conversa-para-conscientizar-sobre-o-autismo\/","name":"CCPA realiza roda de conversa sobre o autismo - Col\u00e9gio CCPA","isPartOf":{"@id":"https:\/\/webdesign.freshlab.com.br\/ccpa\/#website"},"primaryImageOfPage":{"@id":"https:\/\/webdesign.freshlab.com.br\/ccpa\/ccpa-realiza-roda-de-conversa-para-conscientizar-sobre-o-autismo\/#primaryimage"},"image":{"@id":"https:\/\/webdesign.freshlab.com.br\/ccpa\/ccpa-realiza-roda-de-conversa-para-conscientizar-sobre-o-autismo\/#primaryimage"},"thumbnailUrl":"https:\/\/webdesign.freshlab.com.br\/ccpa\/wp-content\/uploads\/2024\/04\/WhatsApp-Image-2024-04-03-at-8.52.52-AM.jpeg","datePublished":"2024-04-04T13:36:21+00:00","dateModified":"2024-04-04T13:37:21+00:00","breadcrumb":{"@id":"https:\/\/webdesign.freshlab.com.br\/ccpa\/ccpa-realiza-roda-de-conversa-para-conscientizar-sobre-o-autismo\/#breadcrumb"},"inLanguage":"pt-BR","potentialAction":[{"@type":"ReadAction","target":["https:\/\/webdesign.freshlab.com.br\/ccpa\/ccpa-realiza-roda-de-conversa-para-conscientizar-sobre-o-autismo\/"]}]},{"@type":"ImageObject","inLanguage":"pt-BR","@id":"https:\/\/webdesign.freshlab.com.br\/ccpa\/ccpa-realiza-roda-de-conversa-para-conscientizar-sobre-o-autismo\/#primaryimage","url":"https:\/\/webdesign.freshlab.com.br\/ccpa\/wp-content\/uploads\/2024\/04\/WhatsApp-Image-2024-04-03-at-8.52.52-AM.jpeg","contentUrl":"https:\/\/webdesign.freshlab.com.br\/ccpa\/wp-content\/uploads\/2024\/04\/WhatsApp-Image-2024-04-03-at-8.52.52-AM.jpeg","width":1280,"height":960},{"@type":"BreadcrumbList","@id":"https:\/\/webdesign.freshlab.com.br\/ccpa\/ccpa-realiza-roda-de-conversa-para-conscientizar-sobre-o-autismo\/#breadcrumb","itemListElement":[{"@type":"ListItem","position":1,"name":"In\u00edcio","item":"https:\/\/webdesign.freshlab.com.br\/ccpa\/"},{"@type":"ListItem","position":2,"name":"CCPA realiza roda de conversa sobre o autismo"}]},{"@type":"WebSite","@id":"https:\/\/webdesign.freshlab.com.br\/ccpa\/#website","url":"https:\/\/webdesign.freshlab.com.br\/ccpa\/","name":"Col\u00e9gio CCPA","description":"","publisher":{"@id":"https:\/\/webdesign.freshlab.com.br\/ccpa\/#organization"},"potentialAction":[{"@type":"SearchAction","target":{"@type":"EntryPoint","urlTemplate":"https:\/\/webdesign.freshlab.com.br\/ccpa\/?s={search_term_string}"},"query-input":{"@type":"PropertyValueSpecification","valueRequired":true,"valueName":"search_term_string"}}],"inLanguage":"pt-BR"},{"@type":"Organization","@id":"https:\/\/webdesign.freshlab.com.br\/ccpa\/#organization","name":"Col\u00e9gio CCPA","url":"https:\/\/webdesign.freshlab.com.br\/ccpa\/","logo":{"@type":"ImageObject","inLanguage":"pt-BR","@id":"https:\/\/webdesign.freshlab.com.br\/ccpa\/#\/schema\/logo\/image\/","url":"https:\/\/webdesign.freshlab.com.br\/ccpa\/wp-content\/uploads\/2022\/11\/logo.svg","contentUrl":"https:\/\/webdesign.freshlab.com.br\/ccpa\/wp-content\/uploads\/2022\/11\/logo.svg","width":147,"height":38,"caption":"Col\u00e9gio CCPA"},"image":{"@id":"https:\/\/webdesign.freshlab.com.br\/ccpa\/#\/schema\/logo\/image\/"},"sameAs":["https:\/\/www.facebook.com\/colegioccpa","https:\/\/x.com\/colegio_ccpa","https:\/\/www.tiktok.com\/@colegioccpa","https:\/\/www.instagram.com\/colegio_ccpa\/","https:\/\/www.linkedin.com\/company\/colgio-ccpa","https:\/\/www.youtube.com\/user\/colegioccpa"]},{"@type":"Person","@id":"https:\/\/webdesign.freshlab.com.br\/ccpa\/#\/schema\/person\/6efb71a9ea1819fb05a70d22d51eeb98","name":"Roberta Dias","url":"https:\/\/webdesign.freshlab.com.br\/ccpa\/author\/robertadias\/"}]}},"_links":{"self":[{"href":"https:\/\/webdesign.freshlab.com.br\/ccpa\/wp-json\/wp\/v2\/posts\/2537","targetHints":{"allow":["GET"]}}],"collection":[{"href":"https:\/\/webdesign.freshlab.com.br\/ccpa\/wp-json\/wp\/v2\/posts"}],"about":[{"href":"https:\/\/webdesign.freshlab.com.br\/ccpa\/wp-json\/wp\/v2\/types\/post"}],"author":[{"embeddable":true,"href":"https:\/\/webdesign.freshlab.com.br\/ccpa\/wp-json\/wp\/v2\/users\/4"}],"replies":[{"embeddable":true,"href":"https:\/\/webdesign.freshlab.com.br\/ccpa\/wp-json\/wp\/v2\/comments?post=2537"}],"version-history":[{"count":2,"href":"https:\/\/webdesign.freshlab.com.br\/ccpa\/wp-json\/wp\/v2\/posts\/2537\/revisions"}],"predecessor-version":[{"id":2540,"href":"https:\/\/webdesign.freshlab.com.br\/ccpa\/wp-json\/wp\/v2\/posts\/2537\/revisions\/2540"}],"wp:featuredmedia":[{"embeddable":true,"href":"https:\/\/webdesign.freshlab.com.br\/ccpa\/wp-json\/wp\/v2\/media\/2538"}],"wp:attachment":[{"href":"https:\/\/webdesign.freshlab.com.br\/ccpa\/wp-json\/wp\/v2\/media?parent=2537"}],"wp:term":[{"taxonomy":"category","embeddable":true,"href":"https:\/\/webdesign.freshlab.com.br\/ccpa\/wp-json\/wp\/v2\/categories?post=2537"},{"taxonomy":"post_tag","embeddable":true,"href":"https:\/\/webdesign.freshlab.com.br\/ccpa\/wp-json\/wp\/v2\/tags?post=2537"}],"curies":[{"name":"wp","href":"https:\/\/api.w.org\/{rel}","templated":true}]}}