{"id":2584,"date":"2024-04-12T17:05:21","date_gmt":"2024-04-12T17:05:21","guid":{"rendered":"https:\/\/ccpa.com.br\/?p=2584"},"modified":"2024-04-12T17:06:09","modified_gmt":"2024-04-12T17:06:09","slug":"aluna-do-9o-e-vice-campea-em-campeonato-de-judo","status":"publish","type":"post","link":"https:\/\/webdesign.freshlab.com.br\/ccpa\/aluna-do-9o-e-vice-campea-em-campeonato-de-judo\/","title":{"rendered":"Aluna do 9\u00ba \u00e9 vice-campe\u00e3 em Campeonato de Jud\u00f4"},"content":{"rendered":"\n<p>A aluna do 9\u00ba ano do CCPA, Cila Rafaella, brilhou no \u00faltimo final de semana durante o Campeonato Brasileiro de Jud\u00f4 - Regi\u00e3o II, a atleta foi vice-campe\u00e3 na categoria meio-pesado do Sub15. A competi\u00e7\u00e3o, que reuniu representantes de seis estados do nordeste, \u00e9 a primeira fase do Campeonato Brasileiro.<\/p>\n\n\n\n<p>De acordo com o professor de Jud\u00f4 do col\u00e9gio, Adrieder Fontes, a aluna teve um excelente participa\u00e7\u00e3o, das quatro lutas, s\u00f3 perdeu a \u00faltima, para uma atleta j\u00e1 experiente. \u201cEla treina h\u00e1 tr\u00eas anos e esse \u00e9 o segundo ano de competi\u00e7\u00f5es, sendo o primeiro evento do Campeonato Brasileiro. Foi muito expressiva a participa\u00e7\u00e3o diante de advers\u00e1rias de alto n\u00edvel\u201d, destacou.<\/p>\n\n\n\n<p>Ainda segundo o professor, no ano passado Sergipe n\u00e3o ganhou medalha nessa categoria. \u201cSa\u00edmos vitoriosos dessa competi\u00e7\u00e3o e estou empolgado para a pr\u00f3xima fase, que com certeza ela vai dar o seu melhor\u201d,finalizou.<\/p>\n\n\n\n<p>A fase final do Campeonato Brasileiro de Jud\u00f4 ser\u00e1 realizada no in\u00edcio de setembro, em Curitiba. Os finalistas se classificam para o Pan-americano, que ser\u00e1 em Cuba.<\/p>\n\n\n\n<figure class=\"wp-block-gallery has-nested-images columns-default is-cropped wp-block-gallery-1 is-layout-flex wp-block-gallery-is-layout-flex\">\n<figure class=\"wp-block-image size-large\"><img loading=\"lazy\" decoding=\"async\" width=\"1024\" height=\"576\" data-id=\"2585\" src=\"https:\/\/webdesign.freshlab.com.br\/ccpa\/wp-content\/uploads\/2024\/04\/WhatsApp-Image-2024-04-09-at-07.47.32-1024x576.jpeg\" alt=\"\" class=\"wp-image-2585\" srcset=\"https:\/\/webdesign.freshlab.com.br\/ccpa\/wp-content\/uploads\/2024\/04\/WhatsApp-Image-2024-04-09-at-07.47.32-1024x576.jpeg 1024w, https:\/\/webdesign.freshlab.com.br\/ccpa\/wp-content\/uploads\/2024\/04\/WhatsApp-Image-2024-04-09-at-07.47.32-300x169.jpeg 300w, https:\/\/webdesign.freshlab.com.br\/ccpa\/wp-content\/uploads\/2024\/04\/WhatsApp-Image-2024-04-09-at-07.47.32-768x432.jpeg 768w, https:\/\/webdesign.freshlab.com.br\/ccpa\/wp-content\/uploads\/2024\/04\/WhatsApp-Image-2024-04-09-at-07.47.32-1536x864.jpeg 1536w, https:\/\/webdesign.freshlab.com.br\/ccpa\/wp-content\/uploads\/2024\/04\/WhatsApp-Image-2024-04-09-at-07.47.32.jpeg 1600w\" sizes=\"auto, (max-width: 1024px) 100vw, 1024px\" \/><\/figure>\n\n\n\n<figure class=\"wp-block-image size-large\"><img loading=\"lazy\" decoding=\"async\" width=\"1024\" height=\"682\" data-id=\"2586\" src=\"https:\/\/webdesign.freshlab.com.br\/ccpa\/wp-content\/uploads\/2024\/04\/WhatsApp-Image-2024-04-09-at-07.47.19-1024x682.jpeg\" alt=\"\" class=\"wp-image-2586\" srcset=\"https:\/\/webdesign.freshlab.com.br\/ccpa\/wp-content\/uploads\/2024\/04\/WhatsApp-Image-2024-04-09-at-07.47.19-1024x682.jpeg 1024w, https:\/\/webdesign.freshlab.com.br\/ccpa\/wp-content\/uploads\/2024\/04\/WhatsApp-Image-2024-04-09-at-07.47.19-300x200.jpeg 300w, https:\/\/webdesign.freshlab.com.br\/ccpa\/wp-content\/uploads\/2024\/04\/WhatsApp-Image-2024-04-09-at-07.47.19-768x512.jpeg 768w, https:\/\/webdesign.freshlab.com.br\/ccpa\/wp-content\/uploads\/2024\/04\/WhatsApp-Image-2024-04-09-at-07.47.19-1536x1023.jpeg 1536w, https:\/\/webdesign.freshlab.com.br\/ccpa\/wp-content\/uploads\/2024\/04\/WhatsApp-Image-2024-04-09-at-07.47.19.jpeg 1600w\" sizes=\"auto, (max-width: 1024px) 100vw, 1024px\" \/><\/figure>\n\n\n\n<figure class=\"wp-block-image size-large\"><img loading=\"lazy\" decoding=\"async\" width=\"1024\" height=\"682\" data-id=\"2587\" src=\"https:\/\/webdesign.freshlab.com.br\/ccpa\/wp-content\/uploads\/2024\/04\/WhatsApp-Image-2024-04-09-at-07.47.18-1024x682.jpeg\" alt=\"\" class=\"wp-image-2587\" srcset=\"https:\/\/webdesign.freshlab.com.br\/ccpa\/wp-content\/uploads\/2024\/04\/WhatsApp-Image-2024-04-09-at-07.47.18-1024x682.jpeg 1024w, https:\/\/webdesign.freshlab.com.br\/ccpa\/wp-content\/uploads\/2024\/04\/WhatsApp-Image-2024-04-09-at-07.47.18-300x200.jpeg 300w, https:\/\/webdesign.freshlab.com.br\/ccpa\/wp-content\/uploads\/2024\/04\/WhatsApp-Image-2024-04-09-at-07.47.18-768x512.jpeg 768w, https:\/\/webdesign.freshlab.com.br\/ccpa\/wp-content\/uploads\/2024\/04\/WhatsApp-Image-2024-04-09-at-07.47.18-1536x1023.jpeg 1536w, https:\/\/webdesign.freshlab.com.br\/ccpa\/wp-content\/uploads\/2024\/04\/WhatsApp-Image-2024-04-09-at-07.47.18.jpeg 1600w\" sizes=\"auto, (max-width: 1024px) 100vw, 1024px\" \/><\/figure>\n\n\n\n<figure class=\"wp-block-image size-large\"><img loading=\"lazy\" decoding=\"async\" width=\"770\" height=\"1024\" data-id=\"2588\" src=\"https:\/\/webdesign.freshlab.com.br\/ccpa\/wp-content\/uploads\/2024\/04\/WhatsApp-Image-2024-04-09-at-07.48.48-770x1024.jpeg\" alt=\"\" class=\"wp-image-2588\" srcset=\"https:\/\/webdesign.freshlab.com.br\/ccpa\/wp-content\/uploads\/2024\/04\/WhatsApp-Image-2024-04-09-at-07.48.48-770x1024.jpeg 770w, https:\/\/webdesign.freshlab.com.br\/ccpa\/wp-content\/uploads\/2024\/04\/WhatsApp-Image-2024-04-09-at-07.48.48-226x300.jpeg 226w, https:\/\/webdesign.freshlab.com.br\/ccpa\/wp-content\/uploads\/2024\/04\/WhatsApp-Image-2024-04-09-at-07.48.48-768x1021.jpeg 768w, https:\/\/webdesign.freshlab.com.br\/ccpa\/wp-content\/uploads\/2024\/04\/WhatsApp-Image-2024-04-09-at-07.48.48.jpeg 963w\" sizes=\"auto, (max-width: 770px) 100vw, 770px\" \/><\/figure>\n\n\n\n<figure class=\"wp-block-image size-large\"><img loading=\"lazy\" decoding=\"async\" width=\"1024\" height=\"770\" data-id=\"2589\" src=\"https:\/\/webdesign.freshlab.com.br\/ccpa\/wp-content\/uploads\/2024\/04\/WhatsApp-Image-2024-04-09-at-07.49.04-1024x770.jpeg\" alt=\"\" class=\"wp-image-2589\" srcset=\"https:\/\/webdesign.freshlab.com.br\/ccpa\/wp-content\/uploads\/2024\/04\/WhatsApp-Image-2024-04-09-at-07.49.04-1024x770.jpeg 1024w, https:\/\/webdesign.freshlab.com.br\/ccpa\/wp-content\/uploads\/2024\/04\/WhatsApp-Image-2024-04-09-at-07.49.04-300x226.jpeg 300w, https:\/\/webdesign.freshlab.com.br\/ccpa\/wp-content\/uploads\/2024\/04\/WhatsApp-Image-2024-04-09-at-07.49.04-768x578.jpeg 768w, https:\/\/webdesign.freshlab.com.br\/ccpa\/wp-content\/uploads\/2024\/04\/WhatsApp-Image-2024-04-09-at-07.49.04.jpeg 1280w\" sizes=\"auto, (max-width: 1024px) 100vw, 1024px\" \/><\/figure>\n\n\n\n<figure class=\"wp-block-image size-large\"><img loading=\"lazy\" decoding=\"async\" width=\"771\" height=\"1024\" data-id=\"2590\" src=\"https:\/\/webdesign.freshlab.com.br\/ccpa\/wp-content\/uploads\/2024\/04\/WhatsApp-Image-2024-04-09-at-07.49.05-771x1024.jpeg\" alt=\"\" class=\"wp-image-2590\" srcset=\"https:\/\/webdesign.freshlab.com.br\/ccpa\/wp-content\/uploads\/2024\/04\/WhatsApp-Image-2024-04-09-at-07.49.05-771x1024.jpeg 771w, https:\/\/webdesign.freshlab.com.br\/ccpa\/wp-content\/uploads\/2024\/04\/WhatsApp-Image-2024-04-09-at-07.49.05-226x300.jpeg 226w, https:\/\/webdesign.freshlab.com.br\/ccpa\/wp-content\/uploads\/2024\/04\/WhatsApp-Image-2024-04-09-at-07.49.05-768x1021.jpeg 768w, https:\/\/webdesign.freshlab.com.br\/ccpa\/wp-content\/uploads\/2024\/04\/WhatsApp-Image-2024-04-09-at-07.49.05-1156x1536.jpeg 1156w, https:\/\/webdesign.freshlab.com.br\/ccpa\/wp-content\/uploads\/2024\/04\/WhatsApp-Image-2024-04-09-at-07.49.05.jpeg 1204w\" sizes=\"auto, (max-width: 771px) 100vw, 771px\" \/><\/figure>\n<\/figure>\n","protected":false},"excerpt":{"rendered":"<p>Cila Rafaella, brilhou no \u00faltimo final de semana durante o Campeonato Brasileiro de Jud\u00f4 - Regi\u00e3o II<\/p>\n","protected":false},"author":4,"featured_media":2593,"comment_status":"closed","ping_status":"closed","sticky":false,"template":"","format":"standard","meta":{"inline_featured_image":false,"footnotes":""},"categories":[12],"tags":[110,15,109,104,112],"class_list":["post-2584","post","type-post","status-publish","format-standard","has-post-thumbnail","hentry","category-esportes","tag-campeonato","tag-ccpa","tag-esporte","tag-judo","tag-medalha"],"acf":[],"yoast_head":"<!-- This site is optimized with the Yoast SEO plugin v27.3 - https:\/\/yoast.com\/product\/yoast-seo-wordpress\/ -->\n<title>Aluna do 9\u00ba \u00e9 vice-campe\u00e3 em Campeonato de Jud\u00f4 - Col\u00e9gio CCPA<\/title>\n<meta name=\"robots\" content=\"index, follow, max-snippet:-1, max-image-preview:large, max-video-preview:-1\" \/>\n<link rel=\"canonical\" href=\"https:\/\/webdesign.freshlab.com.br\/ccpa\/aluna-do-9o-e-vice-campea-em-campeonato-de-judo\/\" \/>\n<meta property=\"og:locale\" content=\"pt_BR\" \/>\n<meta property=\"og:type\" content=\"article\" \/>\n<meta property=\"og:title\" content=\"Aluna do 9\u00ba \u00e9 vice-campe\u00e3 em Campeonato de Jud\u00f4 - Col\u00e9gio CCPA\" \/>\n<meta property=\"og:description\" content=\"Cila Rafaella, brilhou no \u00faltimo final de semana durante o Campeonato Brasileiro de Jud\u00f4 - Regi\u00e3o II\" \/>\n<meta property=\"og:url\" content=\"https:\/\/webdesign.freshlab.com.br\/ccpa\/aluna-do-9o-e-vice-campea-em-campeonato-de-judo\/\" \/>\n<meta property=\"og:site_name\" content=\"Col\u00e9gio CCPA\" \/>\n<meta property=\"article:publisher\" content=\"https:\/\/www.facebook.com\/colegioccpa\" \/>\n<meta property=\"article:published_time\" content=\"2024-04-12T17:05:21+00:00\" \/>\n<meta property=\"article:modified_time\" content=\"2024-04-12T17:06:09+00:00\" \/>\n<meta property=\"og:image\" content=\"https:\/\/webdesign.freshlab.com.br\/ccpa\/wp-content\/uploads\/2024\/04\/WhatsApp-Image-2024-04-09-at-07.49.04-2.jpeg\" \/>\n\t<meta property=\"og:image:width\" content=\"1259\" \/>\n\t<meta property=\"og:image:height\" content=\"419\" \/>\n\t<meta property=\"og:image:type\" content=\"image\/jpeg\" \/>\n<meta name=\"author\" content=\"Roberta Dias\" \/>\n<meta name=\"twitter:card\" content=\"summary_large_image\" \/>\n<meta name=\"twitter:creator\" content=\"@colegio_ccpa\" \/>\n<meta name=\"twitter:site\" content=\"@colegio_ccpa\" \/>\n<meta name=\"twitter:label1\" content=\"Written by\" \/>\n\t<meta name=\"twitter:data1\" content=\"Roberta Dias\" \/>\n\t<meta name=\"twitter:label2\" content=\"Est. reading time\" \/>\n\t<meta name=\"twitter:data2\" content=\"3 minutos\" \/>\n<script type=\"application\/ld+json\" class=\"yoast-schema-graph\">{\"@context\":\"https:\\\/\\\/schema.org\",\"@graph\":[{\"@type\":\"Article\",\"@id\":\"https:\\\/\\\/webdesign.freshlab.com.br\\\/ccpa\\\/aluna-do-9o-e-vice-campea-em-campeonato-de-judo\\\/#article\",\"isPartOf\":{\"@id\":\"https:\\\/\\\/webdesign.freshlab.com.br\\\/ccpa\\\/aluna-do-9o-e-vice-campea-em-campeonato-de-judo\\\/\"},\"author\":{\"name\":\"Roberta Dias\",\"@id\":\"https:\\\/\\\/webdesign.freshlab.com.br\\\/ccpa\\\/#\\\/schema\\\/person\\\/6efb71a9ea1819fb05a70d22d51eeb98\"},\"headline\":\"Aluna do 9\u00ba \u00e9 vice-campe\u00e3 em Campeonato de Jud\u00f4\",\"datePublished\":\"2024-04-12T17:05:21+00:00\",\"dateModified\":\"2024-04-12T17:06:09+00:00\",\"mainEntityOfPage\":{\"@id\":\"https:\\\/\\\/webdesign.freshlab.com.br\\\/ccpa\\\/aluna-do-9o-e-vice-campea-em-campeonato-de-judo\\\/\"},\"wordCount\":190,\"publisher\":{\"@id\":\"https:\\\/\\\/webdesign.freshlab.com.br\\\/ccpa\\\/#organization\"},\"image\":{\"@id\":\"https:\\\/\\\/webdesign.freshlab.com.br\\\/ccpa\\\/aluna-do-9o-e-vice-campea-em-campeonato-de-judo\\\/#primaryimage\"},\"thumbnailUrl\":\"https:\\\/\\\/webdesign.freshlab.com.br\\\/ccpa\\\/wp-content\\\/uploads\\\/2024\\\/04\\\/WhatsApp-Image-2024-04-09-at-07.49.04-2.jpeg\",\"keywords\":[\"campeonato\",\"ccpa\",\"esporte\",\"jud\u00f4\",\"medalha\"],\"articleSection\":[\"Esportes\"],\"inLanguage\":\"pt-BR\"},{\"@type\":\"WebPage\",\"@id\":\"https:\\\/\\\/webdesign.freshlab.com.br\\\/ccpa\\\/aluna-do-9o-e-vice-campea-em-campeonato-de-judo\\\/\",\"url\":\"https:\\\/\\\/webdesign.freshlab.com.br\\\/ccpa\\\/aluna-do-9o-e-vice-campea-em-campeonato-de-judo\\\/\",\"name\":\"Aluna do 9\u00ba \u00e9 vice-campe\u00e3 em Campeonato de Jud\u00f4 - Col\u00e9gio CCPA\",\"isPartOf\":{\"@id\":\"https:\\\/\\\/webdesign.freshlab.com.br\\\/ccpa\\\/#website\"},\"primaryImageOfPage\":{\"@id\":\"https:\\\/\\\/webdesign.freshlab.com.br\\\/ccpa\\\/aluna-do-9o-e-vice-campea-em-campeonato-de-judo\\\/#primaryimage\"},\"image\":{\"@id\":\"https:\\\/\\\/webdesign.freshlab.com.br\\\/ccpa\\\/aluna-do-9o-e-vice-campea-em-campeonato-de-judo\\\/#primaryimage\"},\"thumbnailUrl\":\"https:\\\/\\\/webdesign.freshlab.com.br\\\/ccpa\\\/wp-content\\\/uploads\\\/2024\\\/04\\\/WhatsApp-Image-2024-04-09-at-07.49.04-2.jpeg\",\"datePublished\":\"2024-04-12T17:05:21+00:00\",\"dateModified\":\"2024-04-12T17:06:09+00:00\",\"breadcrumb\":{\"@id\":\"https:\\\/\\\/webdesign.freshlab.com.br\\\/ccpa\\\/aluna-do-9o-e-vice-campea-em-campeonato-de-judo\\\/#breadcrumb\"},\"inLanguage\":\"pt-BR\",\"potentialAction\":[{\"@type\":\"ReadAction\",\"target\":[\"https:\\\/\\\/webdesign.freshlab.com.br\\\/ccpa\\\/aluna-do-9o-e-vice-campea-em-campeonato-de-judo\\\/\"]}]},{\"@type\":\"ImageObject\",\"inLanguage\":\"pt-BR\",\"@id\":\"https:\\\/\\\/webdesign.freshlab.com.br\\\/ccpa\\\/aluna-do-9o-e-vice-campea-em-campeonato-de-judo\\\/#primaryimage\",\"url\":\"https:\\\/\\\/webdesign.freshlab.com.br\\\/ccpa\\\/wp-content\\\/uploads\\\/2024\\\/04\\\/WhatsApp-Image-2024-04-09-at-07.49.04-2.jpeg\",\"contentUrl\":\"https:\\\/\\\/webdesign.freshlab.com.br\\\/ccpa\\\/wp-content\\\/uploads\\\/2024\\\/04\\\/WhatsApp-Image-2024-04-09-at-07.49.04-2.jpeg\",\"width\":1259,\"height\":419},{\"@type\":\"BreadcrumbList\",\"@id\":\"https:\\\/\\\/webdesign.freshlab.com.br\\\/ccpa\\\/aluna-do-9o-e-vice-campea-em-campeonato-de-judo\\\/#breadcrumb\",\"itemListElement\":[{\"@type\":\"ListItem\",\"position\":1,\"name\":\"In\u00edcio\",\"item\":\"https:\\\/\\\/webdesign.freshlab.com.br\\\/ccpa\\\/\"},{\"@type\":\"ListItem\",\"position\":2,\"name\":\"Aluna do 9\u00ba \u00e9 vice-campe\u00e3 em Campeonato de Jud\u00f4\"}]},{\"@type\":\"WebSite\",\"@id\":\"https:\\\/\\\/webdesign.freshlab.com.br\\\/ccpa\\\/#website\",\"url\":\"https:\\\/\\\/webdesign.freshlab.com.br\\\/ccpa\\\/\",\"name\":\"Col\u00e9gio CCPA\",\"description\":\"\",\"publisher\":{\"@id\":\"https:\\\/\\\/webdesign.freshlab.com.br\\\/ccpa\\\/#organization\"},\"potentialAction\":[{\"@type\":\"SearchAction\",\"target\":{\"@type\":\"EntryPoint\",\"urlTemplate\":\"https:\\\/\\\/webdesign.freshlab.com.br\\\/ccpa\\\/?s={search_term_string}\"},\"query-input\":{\"@type\":\"PropertyValueSpecification\",\"valueRequired\":true,\"valueName\":\"search_term_string\"}}],\"inLanguage\":\"pt-BR\"},{\"@type\":\"Organization\",\"@id\":\"https:\\\/\\\/webdesign.freshlab.com.br\\\/ccpa\\\/#organization\",\"name\":\"Col\u00e9gio CCPA\",\"url\":\"https:\\\/\\\/webdesign.freshlab.com.br\\\/ccpa\\\/\",\"logo\":{\"@type\":\"ImageObject\",\"inLanguage\":\"pt-BR\",\"@id\":\"https:\\\/\\\/webdesign.freshlab.com.br\\\/ccpa\\\/#\\\/schema\\\/logo\\\/image\\\/\",\"url\":\"https:\\\/\\\/webdesign.freshlab.com.br\\\/ccpa\\\/wp-content\\\/uploads\\\/2022\\\/11\\\/logo.svg\",\"contentUrl\":\"https:\\\/\\\/webdesign.freshlab.com.br\\\/ccpa\\\/wp-content\\\/uploads\\\/2022\\\/11\\\/logo.svg\",\"width\":147,\"height\":38,\"caption\":\"Col\u00e9gio CCPA\"},\"image\":{\"@id\":\"https:\\\/\\\/webdesign.freshlab.com.br\\\/ccpa\\\/#\\\/schema\\\/logo\\\/image\\\/\"},\"sameAs\":[\"https:\\\/\\\/www.facebook.com\\\/colegioccpa\",\"https:\\\/\\\/x.com\\\/colegio_ccpa\",\"https:\\\/\\\/www.tiktok.com\\\/@colegioccpa\",\"https:\\\/\\\/www.instagram.com\\\/colegio_ccpa\\\/\",\"https:\\\/\\\/www.linkedin.com\\\/company\\\/colgio-ccpa\",\"https:\\\/\\\/www.youtube.com\\\/user\\\/colegioccpa\"]},{\"@type\":\"Person\",\"@id\":\"https:\\\/\\\/webdesign.freshlab.com.br\\\/ccpa\\\/#\\\/schema\\\/person\\\/6efb71a9ea1819fb05a70d22d51eeb98\",\"name\":\"Roberta Dias\",\"url\":\"https:\\\/\\\/webdesign.freshlab.com.br\\\/ccpa\\\/author\\\/robertadias\\\/\"}]}<\/script>\n<!-- \/ Yoast SEO plugin. -->","yoast_head_json":{"title":"Aluna do 9\u00ba \u00e9 vice-campe\u00e3 em Campeonato de Jud\u00f4 - Col\u00e9gio CCPA","robots":{"index":"index","follow":"follow","max-snippet":"max-snippet:-1","max-image-preview":"max-image-preview:large","max-video-preview":"max-video-preview:-1"},"canonical":"https:\/\/webdesign.freshlab.com.br\/ccpa\/aluna-do-9o-e-vice-campea-em-campeonato-de-judo\/","og_locale":"pt_BR","og_type":"article","og_title":"Aluna do 9\u00ba \u00e9 vice-campe\u00e3 em Campeonato de Jud\u00f4 - Col\u00e9gio CCPA","og_description":"Cila Rafaella, brilhou no \u00faltimo final de semana durante o Campeonato Brasileiro de Jud\u00f4 - Regi\u00e3o II","og_url":"https:\/\/webdesign.freshlab.com.br\/ccpa\/aluna-do-9o-e-vice-campea-em-campeonato-de-judo\/","og_site_name":"Col\u00e9gio CCPA","article_publisher":"https:\/\/www.facebook.com\/colegioccpa","article_published_time":"2024-04-12T17:05:21+00:00","article_modified_time":"2024-04-12T17:06:09+00:00","og_image":[{"width":1259,"height":419,"url":"https:\/\/webdesign.freshlab.com.br\/ccpa\/wp-content\/uploads\/2024\/04\/WhatsApp-Image-2024-04-09-at-07.49.04-2.jpeg","type":"image\/jpeg"}],"author":"Roberta Dias","twitter_card":"summary_large_image","twitter_creator":"@colegio_ccpa","twitter_site":"@colegio_ccpa","twitter_misc":{"Written by":"Roberta Dias","Est. reading time":"3 minutos"},"schema":{"@context":"https:\/\/schema.org","@graph":[{"@type":"Article","@id":"https:\/\/webdesign.freshlab.com.br\/ccpa\/aluna-do-9o-e-vice-campea-em-campeonato-de-judo\/#article","isPartOf":{"@id":"https:\/\/webdesign.freshlab.com.br\/ccpa\/aluna-do-9o-e-vice-campea-em-campeonato-de-judo\/"},"author":{"name":"Roberta Dias","@id":"https:\/\/webdesign.freshlab.com.br\/ccpa\/#\/schema\/person\/6efb71a9ea1819fb05a70d22d51eeb98"},"headline":"Aluna do 9\u00ba \u00e9 vice-campe\u00e3 em Campeonato de Jud\u00f4","datePublished":"2024-04-12T17:05:21+00:00","dateModified":"2024-04-12T17:06:09+00:00","mainEntityOfPage":{"@id":"https:\/\/webdesign.freshlab.com.br\/ccpa\/aluna-do-9o-e-vice-campea-em-campeonato-de-judo\/"},"wordCount":190,"publisher":{"@id":"https:\/\/webdesign.freshlab.com.br\/ccpa\/#organization"},"image":{"@id":"https:\/\/webdesign.freshlab.com.br\/ccpa\/aluna-do-9o-e-vice-campea-em-campeonato-de-judo\/#primaryimage"},"thumbnailUrl":"https:\/\/webdesign.freshlab.com.br\/ccpa\/wp-content\/uploads\/2024\/04\/WhatsApp-Image-2024-04-09-at-07.49.04-2.jpeg","keywords":["campeonato","ccpa","esporte","jud\u00f4","medalha"],"articleSection":["Esportes"],"inLanguage":"pt-BR"},{"@type":"WebPage","@id":"https:\/\/webdesign.freshlab.com.br\/ccpa\/aluna-do-9o-e-vice-campea-em-campeonato-de-judo\/","url":"https:\/\/webdesign.freshlab.com.br\/ccpa\/aluna-do-9o-e-vice-campea-em-campeonato-de-judo\/","name":"Aluna do 9\u00ba \u00e9 vice-campe\u00e3 em Campeonato de Jud\u00f4 - Col\u00e9gio CCPA","isPartOf":{"@id":"https:\/\/webdesign.freshlab.com.br\/ccpa\/#website"},"primaryImageOfPage":{"@id":"https:\/\/webdesign.freshlab.com.br\/ccpa\/aluna-do-9o-e-vice-campea-em-campeonato-de-judo\/#primaryimage"},"image":{"@id":"https:\/\/webdesign.freshlab.com.br\/ccpa\/aluna-do-9o-e-vice-campea-em-campeonato-de-judo\/#primaryimage"},"thumbnailUrl":"https:\/\/webdesign.freshlab.com.br\/ccpa\/wp-content\/uploads\/2024\/04\/WhatsApp-Image-2024-04-09-at-07.49.04-2.jpeg","datePublished":"2024-04-12T17:05:21+00:00","dateModified":"2024-04-12T17:06:09+00:00","breadcrumb":{"@id":"https:\/\/webdesign.freshlab.com.br\/ccpa\/aluna-do-9o-e-vice-campea-em-campeonato-de-judo\/#breadcrumb"},"inLanguage":"pt-BR","potentialAction":[{"@type":"ReadAction","target":["https:\/\/webdesign.freshlab.com.br\/ccpa\/aluna-do-9o-e-vice-campea-em-campeonato-de-judo\/"]}]},{"@type":"ImageObject","inLanguage":"pt-BR","@id":"https:\/\/webdesign.freshlab.com.br\/ccpa\/aluna-do-9o-e-vice-campea-em-campeonato-de-judo\/#primaryimage","url":"https:\/\/webdesign.freshlab.com.br\/ccpa\/wp-content\/uploads\/2024\/04\/WhatsApp-Image-2024-04-09-at-07.49.04-2.jpeg","contentUrl":"https:\/\/webdesign.freshlab.com.br\/ccpa\/wp-content\/uploads\/2024\/04\/WhatsApp-Image-2024-04-09-at-07.49.04-2.jpeg","width":1259,"height":419},{"@type":"BreadcrumbList","@id":"https:\/\/webdesign.freshlab.com.br\/ccpa\/aluna-do-9o-e-vice-campea-em-campeonato-de-judo\/#breadcrumb","itemListElement":[{"@type":"ListItem","position":1,"name":"In\u00edcio","item":"https:\/\/webdesign.freshlab.com.br\/ccpa\/"},{"@type":"ListItem","position":2,"name":"Aluna do 9\u00ba \u00e9 vice-campe\u00e3 em Campeonato de Jud\u00f4"}]},{"@type":"WebSite","@id":"https:\/\/webdesign.freshlab.com.br\/ccpa\/#website","url":"https:\/\/webdesign.freshlab.com.br\/ccpa\/","name":"Col\u00e9gio CCPA","description":"","publisher":{"@id":"https:\/\/webdesign.freshlab.com.br\/ccpa\/#organization"},"potentialAction":[{"@type":"SearchAction","target":{"@type":"EntryPoint","urlTemplate":"https:\/\/webdesign.freshlab.com.br\/ccpa\/?s={search_term_string}"},"query-input":{"@type":"PropertyValueSpecification","valueRequired":true,"valueName":"search_term_string"}}],"inLanguage":"pt-BR"},{"@type":"Organization","@id":"https:\/\/webdesign.freshlab.com.br\/ccpa\/#organization","name":"Col\u00e9gio CCPA","url":"https:\/\/webdesign.freshlab.com.br\/ccpa\/","logo":{"@type":"ImageObject","inLanguage":"pt-BR","@id":"https:\/\/webdesign.freshlab.com.br\/ccpa\/#\/schema\/logo\/image\/","url":"https:\/\/webdesign.freshlab.com.br\/ccpa\/wp-content\/uploads\/2022\/11\/logo.svg","contentUrl":"https:\/\/webdesign.freshlab.com.br\/ccpa\/wp-content\/uploads\/2022\/11\/logo.svg","width":147,"height":38,"caption":"Col\u00e9gio CCPA"},"image":{"@id":"https:\/\/webdesign.freshlab.com.br\/ccpa\/#\/schema\/logo\/image\/"},"sameAs":["https:\/\/www.facebook.com\/colegioccpa","https:\/\/x.com\/colegio_ccpa","https:\/\/www.tiktok.com\/@colegioccpa","https:\/\/www.instagram.com\/colegio_ccpa\/","https:\/\/www.linkedin.com\/company\/colgio-ccpa","https:\/\/www.youtube.com\/user\/colegioccpa"]},{"@type":"Person","@id":"https:\/\/webdesign.freshlab.com.br\/ccpa\/#\/schema\/person\/6efb71a9ea1819fb05a70d22d51eeb98","name":"Roberta Dias","url":"https:\/\/webdesign.freshlab.com.br\/ccpa\/author\/robertadias\/"}]}},"_links":{"self":[{"href":"https:\/\/webdesign.freshlab.com.br\/ccpa\/wp-json\/wp\/v2\/posts\/2584","targetHints":{"allow":["GET"]}}],"collection":[{"href":"https:\/\/webdesign.freshlab.com.br\/ccpa\/wp-json\/wp\/v2\/posts"}],"about":[{"href":"https:\/\/webdesign.freshlab.com.br\/ccpa\/wp-json\/wp\/v2\/types\/post"}],"author":[{"embeddable":true,"href":"https:\/\/webdesign.freshlab.com.br\/ccpa\/wp-json\/wp\/v2\/users\/4"}],"replies":[{"embeddable":true,"href":"https:\/\/webdesign.freshlab.com.br\/ccpa\/wp-json\/wp\/v2\/comments?post=2584"}],"version-history":[{"count":1,"href":"https:\/\/webdesign.freshlab.com.br\/ccpa\/wp-json\/wp\/v2\/posts\/2584\/revisions"}],"predecessor-version":[{"id":2592,"href":"https:\/\/webdesign.freshlab.com.br\/ccpa\/wp-json\/wp\/v2\/posts\/2584\/revisions\/2592"}],"wp:featuredmedia":[{"embeddable":true,"href":"https:\/\/webdesign.freshlab.com.br\/ccpa\/wp-json\/wp\/v2\/media\/2593"}],"wp:attachment":[{"href":"https:\/\/webdesign.freshlab.com.br\/ccpa\/wp-json\/wp\/v2\/media?parent=2584"}],"wp:term":[{"taxonomy":"category","embeddable":true,"href":"https:\/\/webdesign.freshlab.com.br\/ccpa\/wp-json\/wp\/v2\/categories?post=2584"},{"taxonomy":"post_tag","embeddable":true,"href":"https:\/\/webdesign.freshlab.com.br\/ccpa\/wp-json\/wp\/v2\/tags?post=2584"}],"curies":[{"name":"wp","href":"https:\/\/api.w.org\/{rel}","templated":true}]}}