{"id":2750,"date":"2024-06-10T08:37:00","date_gmt":"2024-06-10T08:37:00","guid":{"rendered":"https:\/\/ccpa.com.br\/?p=2750"},"modified":"2024-06-10T15:42:21","modified_gmt":"2024-06-10T15:42:21","slug":"ccpa-realiza-cafe-junino-para-iniciar-as-festividades-do-mes-de-junho","status":"publish","type":"post","link":"https:\/\/webdesign.freshlab.com.br\/ccpa\/ccpa-realiza-cafe-junino-para-iniciar-as-festividades-do-mes-de-junho\/","title":{"rendered":"CCPA realiza caf\u00e9 junino para iniciar as festividades do m\u00eas de junho"},"content":{"rendered":"\n<p>O m\u00eas de junho chegou trazendo uma das maiores tradi\u00e7\u00f5es do povo nordestino, as festas juninas. Por isso, o CCPA j\u00e1 come\u00e7ou o m\u00eas com um super caf\u00e9 da manh\u00e3 nordestino, que reuniu os alunos da Educa\u00e7\u00e3o Infantil e do Fundamental I.<\/p>\n\n\n\n<p>Al\u00e9m de muito sabor, os alunos puderam compartilhar durante o caf\u00e9 da manh\u00e3 muita tradi\u00e7\u00e3o. Criando la\u00e7os e mem\u00f3rias, ao som de muito forr\u00f3 e saboreando as del\u00edcias t\u00edpicas juninas.<\/p>\n\n\n\n<p>De acordo com a coordenadora do Fundamental 1, N\u00edvea Melo, a participa\u00e7\u00e3o das crian\u00e7as nesses momentos \u00e9 muito positiva, pois elas brincam e aprendem. \u201cA miss\u00e3o da escola \u00e9 envolver os alunos com ludicidade e estreitar mais esse v\u00ednculo da escola, da vida da crian\u00e7a com a cultura\u201d, ressaltou.<\/p>\n\n\n\n<p>A coordenadora tamb\u00e9m destacou que o projeto base da escola \u00e9 o \u2018Projeto Sergipanidade\u2019, em que ao longo do ano os eventos escolares envolvem as tradi\u00e7\u00f5es e a cultura sergipana, de acordo com cada data comemorativa e na festa junina n\u00e3o \u00e9 diferente.<\/p>\n\n\n\n<p>\u201cAs crian\u00e7as pesquisam, dan\u00e7am, se divertem, mas aprendem muito, pois s\u00e3o estimuladas a viver literalmente o sentido da nossa cultura. Ent\u00e3o, n\u00e3o \u00e9 somente um caf\u00e9 da manh\u00e3, \u00e9 um momento onde podemos explorar cores, sabores cheiros e todo conhecimento envolvido nesse tema. Dessa forma eles aprendem livremente e criam mem\u00f3rias afetivas que s\u00e3o constru\u00eddas naturalmente\u201d, afirmou a coordenadora.<\/p>\n\n\n\n<p>Os pequenos da Educa\u00e7\u00e3o Infantil tamb\u00e9m se deliciaram com as comidas t\u00edpicas e se animaram com a chegada do m\u00eas de junho. Para a coordenadora Karla Val\u00e9ria, esse resgate \u00e9 muito importante, pois se torna um momento de vivenciar e experimentar nossos costumes. \u201cTodo esse ambiente decorado, o som das bandeirinhas, isso tudo traz uma emo\u00e7\u00e3o que a crian\u00e7a se sente pertencente e se contagia. E viver isso com eles \u00e9 muito emocionante\u201d.<\/p>\n\n\n\n<p>Val\u00e9ria tamb\u00e9m relatou que o foco \u00e9 sempre aliar o pedag\u00f3gico com o l\u00fadico. \u201cIncentivamos a compreens\u00e3o das mensagens das m\u00fasicas, a intera\u00e7\u00e3o social, todo esse olhar mais apurado no sentido pedag\u00f3gico para que possamos internalizar esse momento junino nos cora\u00e7\u00f5es das crian\u00e7as\u201d, finalizou.<\/p>\n\n\n\n<p>A programa\u00e7\u00e3o da manh\u00e3 ficou completa com a visita do cantor sergipano Erivaldo de Carira, que compartilhou com os alunos um pouco de sua vida, respondendo curiosidades e cantando suas can\u00e7\u00f5es autorais.<\/p>\n\n\n\n<figure class=\"wp-block-gallery has-nested-images columns-default is-cropped wp-block-gallery-1 is-layout-flex wp-block-gallery-is-layout-flex\">\n<figure class=\"wp-block-image size-large\"><img loading=\"lazy\" decoding=\"async\" width=\"768\" height=\"1024\" data-id=\"2752\" src=\"https:\/\/webdesign.freshlab.com.br\/ccpa\/wp-content\/uploads\/2024\/06\/WhatsApp-Image-2024-06-07-at-15.32.46-768x1024.jpeg\" alt=\"\" class=\"wp-image-2752\" srcset=\"https:\/\/webdesign.freshlab.com.br\/ccpa\/wp-content\/uploads\/2024\/06\/WhatsApp-Image-2024-06-07-at-15.32.46-768x1024.jpeg 768w, https:\/\/webdesign.freshlab.com.br\/ccpa\/wp-content\/uploads\/2024\/06\/WhatsApp-Image-2024-06-07-at-15.32.46-225x300.jpeg 225w, https:\/\/webdesign.freshlab.com.br\/ccpa\/wp-content\/uploads\/2024\/06\/WhatsApp-Image-2024-06-07-at-15.32.46-1152x1536.jpeg 1152w, https:\/\/webdesign.freshlab.com.br\/ccpa\/wp-content\/uploads\/2024\/06\/WhatsApp-Image-2024-06-07-at-15.32.46.jpeg 1536w\" sizes=\"auto, (max-width: 768px) 100vw, 768px\" \/><\/figure>\n\n\n\n<figure class=\"wp-block-image size-large\"><img loading=\"lazy\" decoding=\"async\" width=\"576\" height=\"1024\" data-id=\"2753\" src=\"https:\/\/webdesign.freshlab.com.br\/ccpa\/wp-content\/uploads\/2024\/06\/WhatsApp-Image-2024-06-07-at-15.32.45-2-576x1024.jpeg\" alt=\"\" class=\"wp-image-2753\" srcset=\"https:\/\/webdesign.freshlab.com.br\/ccpa\/wp-content\/uploads\/2024\/06\/WhatsApp-Image-2024-06-07-at-15.32.45-2-576x1024.jpeg 576w, https:\/\/webdesign.freshlab.com.br\/ccpa\/wp-content\/uploads\/2024\/06\/WhatsApp-Image-2024-06-07-at-15.32.45-2-169x300.jpeg 169w, https:\/\/webdesign.freshlab.com.br\/ccpa\/wp-content\/uploads\/2024\/06\/WhatsApp-Image-2024-06-07-at-15.32.45-2-768x1365.jpeg 768w, https:\/\/webdesign.freshlab.com.br\/ccpa\/wp-content\/uploads\/2024\/06\/WhatsApp-Image-2024-06-07-at-15.32.45-2-864x1536.jpeg 864w, https:\/\/webdesign.freshlab.com.br\/ccpa\/wp-content\/uploads\/2024\/06\/WhatsApp-Image-2024-06-07-at-15.32.45-2.jpeg 1152w\" sizes=\"auto, (max-width: 576px) 100vw, 576px\" \/><\/figure>\n\n\n\n<figure class=\"wp-block-image size-large\"><img loading=\"lazy\" decoding=\"async\" width=\"1024\" height=\"576\" data-id=\"2754\" src=\"https:\/\/webdesign.freshlab.com.br\/ccpa\/wp-content\/uploads\/2024\/06\/WhatsApp-Image-2024-06-07-at-15.32.45-1-1024x576.jpeg\" alt=\"\" class=\"wp-image-2754\" srcset=\"https:\/\/webdesign.freshlab.com.br\/ccpa\/wp-content\/uploads\/2024\/06\/WhatsApp-Image-2024-06-07-at-15.32.45-1-1024x576.jpeg 1024w, https:\/\/webdesign.freshlab.com.br\/ccpa\/wp-content\/uploads\/2024\/06\/WhatsApp-Image-2024-06-07-at-15.32.45-1-300x169.jpeg 300w, https:\/\/webdesign.freshlab.com.br\/ccpa\/wp-content\/uploads\/2024\/06\/WhatsApp-Image-2024-06-07-at-15.32.45-1-768x432.jpeg 768w, https:\/\/webdesign.freshlab.com.br\/ccpa\/wp-content\/uploads\/2024\/06\/WhatsApp-Image-2024-06-07-at-15.32.45-1-1536x864.jpeg 1536w, https:\/\/webdesign.freshlab.com.br\/ccpa\/wp-content\/uploads\/2024\/06\/WhatsApp-Image-2024-06-07-at-15.32.45-1.jpeg 2048w\" sizes=\"auto, (max-width: 1024px) 100vw, 1024px\" \/><\/figure>\n\n\n\n<figure class=\"wp-block-image size-large\"><img loading=\"lazy\" decoding=\"async\" width=\"576\" height=\"1024\" data-id=\"2755\" src=\"https:\/\/webdesign.freshlab.com.br\/ccpa\/wp-content\/uploads\/2024\/06\/WhatsApp-Image-2024-06-07-at-15.32.45-576x1024.jpeg\" alt=\"\" class=\"wp-image-2755\" srcset=\"https:\/\/webdesign.freshlab.com.br\/ccpa\/wp-content\/uploads\/2024\/06\/WhatsApp-Image-2024-06-07-at-15.32.45-576x1024.jpeg 576w, https:\/\/webdesign.freshlab.com.br\/ccpa\/wp-content\/uploads\/2024\/06\/WhatsApp-Image-2024-06-07-at-15.32.45-169x300.jpeg 169w, https:\/\/webdesign.freshlab.com.br\/ccpa\/wp-content\/uploads\/2024\/06\/WhatsApp-Image-2024-06-07-at-15.32.45-768x1365.jpeg 768w, https:\/\/webdesign.freshlab.com.br\/ccpa\/wp-content\/uploads\/2024\/06\/WhatsApp-Image-2024-06-07-at-15.32.45-864x1536.jpeg 864w, https:\/\/webdesign.freshlab.com.br\/ccpa\/wp-content\/uploads\/2024\/06\/WhatsApp-Image-2024-06-07-at-15.32.45.jpeg 1152w\" sizes=\"auto, (max-width: 576px) 100vw, 576px\" \/><\/figure>\n\n\n\n<figure class=\"wp-block-image size-large\"><img loading=\"lazy\" decoding=\"async\" width=\"576\" height=\"1024\" data-id=\"2756\" src=\"https:\/\/webdesign.freshlab.com.br\/ccpa\/wp-content\/uploads\/2024\/06\/WhatsApp-Image-2024-06-07-at-15.32.44-2-576x1024.jpeg\" alt=\"\" class=\"wp-image-2756\" srcset=\"https:\/\/webdesign.freshlab.com.br\/ccpa\/wp-content\/uploads\/2024\/06\/WhatsApp-Image-2024-06-07-at-15.32.44-2-576x1024.jpeg 576w, https:\/\/webdesign.freshlab.com.br\/ccpa\/wp-content\/uploads\/2024\/06\/WhatsApp-Image-2024-06-07-at-15.32.44-2-169x300.jpeg 169w, https:\/\/webdesign.freshlab.com.br\/ccpa\/wp-content\/uploads\/2024\/06\/WhatsApp-Image-2024-06-07-at-15.32.44-2-768x1365.jpeg 768w, https:\/\/webdesign.freshlab.com.br\/ccpa\/wp-content\/uploads\/2024\/06\/WhatsApp-Image-2024-06-07-at-15.32.44-2-864x1536.jpeg 864w, https:\/\/webdesign.freshlab.com.br\/ccpa\/wp-content\/uploads\/2024\/06\/WhatsApp-Image-2024-06-07-at-15.32.44-2.jpeg 1152w\" sizes=\"auto, (max-width: 576px) 100vw, 576px\" \/><\/figure>\n\n\n\n<figure class=\"wp-block-image size-large\"><img loading=\"lazy\" decoding=\"async\" width=\"576\" height=\"1024\" data-id=\"2757\" src=\"https:\/\/webdesign.freshlab.com.br\/ccpa\/wp-content\/uploads\/2024\/06\/WhatsApp-Image-2024-06-07-at-15.32.44-1-576x1024.jpeg\" alt=\"\" class=\"wp-image-2757\" srcset=\"https:\/\/webdesign.freshlab.com.br\/ccpa\/wp-content\/uploads\/2024\/06\/WhatsApp-Image-2024-06-07-at-15.32.44-1-576x1024.jpeg 576w, https:\/\/webdesign.freshlab.com.br\/ccpa\/wp-content\/uploads\/2024\/06\/WhatsApp-Image-2024-06-07-at-15.32.44-1-169x300.jpeg 169w, https:\/\/webdesign.freshlab.com.br\/ccpa\/wp-content\/uploads\/2024\/06\/WhatsApp-Image-2024-06-07-at-15.32.44-1-768x1365.jpeg 768w, https:\/\/webdesign.freshlab.com.br\/ccpa\/wp-content\/uploads\/2024\/06\/WhatsApp-Image-2024-06-07-at-15.32.44-1-864x1536.jpeg 864w, https:\/\/webdesign.freshlab.com.br\/ccpa\/wp-content\/uploads\/2024\/06\/WhatsApp-Image-2024-06-07-at-15.32.44-1.jpeg 1152w\" sizes=\"auto, (max-width: 576px) 100vw, 576px\" \/><\/figure>\n\n\n\n<figure class=\"wp-block-image size-large\"><img loading=\"lazy\" decoding=\"async\" width=\"576\" height=\"1024\" data-id=\"2758\" src=\"https:\/\/webdesign.freshlab.com.br\/ccpa\/wp-content\/uploads\/2024\/06\/WhatsApp-Image-2024-06-07-at-15.32.44-576x1024.jpeg\" alt=\"\" class=\"wp-image-2758\" srcset=\"https:\/\/webdesign.freshlab.com.br\/ccpa\/wp-content\/uploads\/2024\/06\/WhatsApp-Image-2024-06-07-at-15.32.44-576x1024.jpeg 576w, https:\/\/webdesign.freshlab.com.br\/ccpa\/wp-content\/uploads\/2024\/06\/WhatsApp-Image-2024-06-07-at-15.32.44-169x300.jpeg 169w, https:\/\/webdesign.freshlab.com.br\/ccpa\/wp-content\/uploads\/2024\/06\/WhatsApp-Image-2024-06-07-at-15.32.44-768x1365.jpeg 768w, https:\/\/webdesign.freshlab.com.br\/ccpa\/wp-content\/uploads\/2024\/06\/WhatsApp-Image-2024-06-07-at-15.32.44-864x1536.jpeg 864w, https:\/\/webdesign.freshlab.com.br\/ccpa\/wp-content\/uploads\/2024\/06\/WhatsApp-Image-2024-06-07-at-15.32.44.jpeg 1152w\" sizes=\"auto, (max-width: 576px) 100vw, 576px\" \/><\/figure>\n<\/figure>\n","protected":false},"excerpt":{"rendered":"<p>O m\u00eas de junho chegou trazendo uma das maiores tradi\u00e7\u00f5es do povo nordestino, as festas juninas. Por isso, o CCPA j\u00e1 come\u00e7ou o m\u00eas com um super caf\u00e9 da manh\u00e3 nordestino, que reuniu os alunos da Educa\u00e7\u00e3o Infantil e do Fundamental I. Al\u00e9m de muito sabor, os alunos puderam compartilhar durante o caf\u00e9 da manh\u00e3 [&hellip;]<\/p>\n","protected":false},"author":4,"featured_media":2751,"comment_status":"closed","ping_status":"closed","sticky":false,"template":"","format":"standard","meta":{"inline_featured_image":false,"footnotes":""},"categories":[68],"tags":[],"class_list":["post-2750","post","type-post","status-publish","format-standard","has-post-thumbnail","hentry","category-noticias"],"acf":[],"yoast_head":"<!-- This site is optimized with the Yoast SEO plugin v27.3 - https:\/\/yoast.com\/product\/yoast-seo-wordpress\/ -->\n<title>CCPA realiza caf\u00e9 junino para iniciar as festividades do m\u00eas de junho - Col\u00e9gio CCPA<\/title>\n<meta name=\"robots\" content=\"index, follow, max-snippet:-1, max-image-preview:large, max-video-preview:-1\" \/>\n<link rel=\"canonical\" href=\"https:\/\/webdesign.freshlab.com.br\/ccpa\/ccpa-realiza-cafe-junino-para-iniciar-as-festividades-do-mes-de-junho\/\" \/>\n<meta property=\"og:locale\" content=\"pt_BR\" \/>\n<meta property=\"og:type\" content=\"article\" \/>\n<meta property=\"og:title\" content=\"CCPA realiza caf\u00e9 junino para iniciar as festividades do m\u00eas de junho - Col\u00e9gio CCPA\" \/>\n<meta property=\"og:description\" content=\"O m\u00eas de junho chegou trazendo uma das maiores tradi\u00e7\u00f5es do povo nordestino, as festas juninas. Por isso, o CCPA j\u00e1 come\u00e7ou o m\u00eas com um super caf\u00e9 da manh\u00e3 nordestino, que reuniu os alunos da Educa\u00e7\u00e3o Infantil e do Fundamental I. Al\u00e9m de muito sabor, os alunos puderam compartilhar durante o caf\u00e9 da manh\u00e3 [&hellip;]\" \/>\n<meta property=\"og:url\" content=\"https:\/\/webdesign.freshlab.com.br\/ccpa\/ccpa-realiza-cafe-junino-para-iniciar-as-festividades-do-mes-de-junho\/\" \/>\n<meta property=\"og:site_name\" content=\"Col\u00e9gio CCPA\" \/>\n<meta property=\"article:publisher\" content=\"https:\/\/www.facebook.com\/colegioccpa\" \/>\n<meta property=\"article:published_time\" content=\"2024-06-10T08:37:00+00:00\" \/>\n<meta property=\"article:modified_time\" content=\"2024-06-10T15:42:21+00:00\" \/>\n<meta property=\"og:image\" content=\"https:\/\/webdesign.freshlab.com.br\/ccpa\/wp-content\/uploads\/2024\/06\/cafe.jpg\" \/>\n\t<meta property=\"og:image:width\" content=\"1870\" \/>\n\t<meta property=\"og:image:height\" content=\"504\" \/>\n\t<meta property=\"og:image:type\" content=\"image\/jpeg\" \/>\n<meta name=\"author\" content=\"Roberta Dias\" \/>\n<meta name=\"twitter:card\" content=\"summary_large_image\" \/>\n<meta name=\"twitter:creator\" content=\"@colegio_ccpa\" \/>\n<meta name=\"twitter:site\" content=\"@colegio_ccpa\" \/>\n<meta name=\"twitter:label1\" content=\"Written by\" \/>\n\t<meta name=\"twitter:data1\" content=\"Roberta Dias\" \/>\n\t<meta name=\"twitter:label2\" content=\"Est. reading time\" \/>\n\t<meta name=\"twitter:data2\" content=\"4 minutos\" \/>\n<script type=\"application\/ld+json\" class=\"yoast-schema-graph\">{\"@context\":\"https:\\\/\\\/schema.org\",\"@graph\":[{\"@type\":\"Article\",\"@id\":\"https:\\\/\\\/webdesign.freshlab.com.br\\\/ccpa\\\/ccpa-realiza-cafe-junino-para-iniciar-as-festividades-do-mes-de-junho\\\/#article\",\"isPartOf\":{\"@id\":\"https:\\\/\\\/webdesign.freshlab.com.br\\\/ccpa\\\/ccpa-realiza-cafe-junino-para-iniciar-as-festividades-do-mes-de-junho\\\/\"},\"author\":{\"name\":\"Roberta Dias\",\"@id\":\"https:\\\/\\\/webdesign.freshlab.com.br\\\/ccpa\\\/#\\\/schema\\\/person\\\/6efb71a9ea1819fb05a70d22d51eeb98\"},\"headline\":\"CCPA realiza caf\u00e9 junino para iniciar as festividades do m\u00eas de junho\",\"datePublished\":\"2024-06-10T08:37:00+00:00\",\"dateModified\":\"2024-06-10T15:42:21+00:00\",\"mainEntityOfPage\":{\"@id\":\"https:\\\/\\\/webdesign.freshlab.com.br\\\/ccpa\\\/ccpa-realiza-cafe-junino-para-iniciar-as-festividades-do-mes-de-junho\\\/\"},\"wordCount\":422,\"publisher\":{\"@id\":\"https:\\\/\\\/webdesign.freshlab.com.br\\\/ccpa\\\/#organization\"},\"image\":{\"@id\":\"https:\\\/\\\/webdesign.freshlab.com.br\\\/ccpa\\\/ccpa-realiza-cafe-junino-para-iniciar-as-festividades-do-mes-de-junho\\\/#primaryimage\"},\"thumbnailUrl\":\"https:\\\/\\\/webdesign.freshlab.com.br\\\/ccpa\\\/wp-content\\\/uploads\\\/2024\\\/06\\\/cafe.jpg\",\"articleSection\":[\"NOT\u00cdCIAS\"],\"inLanguage\":\"pt-BR\"},{\"@type\":\"WebPage\",\"@id\":\"https:\\\/\\\/webdesign.freshlab.com.br\\\/ccpa\\\/ccpa-realiza-cafe-junino-para-iniciar-as-festividades-do-mes-de-junho\\\/\",\"url\":\"https:\\\/\\\/webdesign.freshlab.com.br\\\/ccpa\\\/ccpa-realiza-cafe-junino-para-iniciar-as-festividades-do-mes-de-junho\\\/\",\"name\":\"CCPA realiza caf\u00e9 junino para iniciar as festividades do m\u00eas de junho - Col\u00e9gio CCPA\",\"isPartOf\":{\"@id\":\"https:\\\/\\\/webdesign.freshlab.com.br\\\/ccpa\\\/#website\"},\"primaryImageOfPage\":{\"@id\":\"https:\\\/\\\/webdesign.freshlab.com.br\\\/ccpa\\\/ccpa-realiza-cafe-junino-para-iniciar-as-festividades-do-mes-de-junho\\\/#primaryimage\"},\"image\":{\"@id\":\"https:\\\/\\\/webdesign.freshlab.com.br\\\/ccpa\\\/ccpa-realiza-cafe-junino-para-iniciar-as-festividades-do-mes-de-junho\\\/#primaryimage\"},\"thumbnailUrl\":\"https:\\\/\\\/webdesign.freshlab.com.br\\\/ccpa\\\/wp-content\\\/uploads\\\/2024\\\/06\\\/cafe.jpg\",\"datePublished\":\"2024-06-10T08:37:00+00:00\",\"dateModified\":\"2024-06-10T15:42:21+00:00\",\"breadcrumb\":{\"@id\":\"https:\\\/\\\/webdesign.freshlab.com.br\\\/ccpa\\\/ccpa-realiza-cafe-junino-para-iniciar-as-festividades-do-mes-de-junho\\\/#breadcrumb\"},\"inLanguage\":\"pt-BR\",\"potentialAction\":[{\"@type\":\"ReadAction\",\"target\":[\"https:\\\/\\\/webdesign.freshlab.com.br\\\/ccpa\\\/ccpa-realiza-cafe-junino-para-iniciar-as-festividades-do-mes-de-junho\\\/\"]}]},{\"@type\":\"ImageObject\",\"inLanguage\":\"pt-BR\",\"@id\":\"https:\\\/\\\/webdesign.freshlab.com.br\\\/ccpa\\\/ccpa-realiza-cafe-junino-para-iniciar-as-festividades-do-mes-de-junho\\\/#primaryimage\",\"url\":\"https:\\\/\\\/webdesign.freshlab.com.br\\\/ccpa\\\/wp-content\\\/uploads\\\/2024\\\/06\\\/cafe.jpg\",\"contentUrl\":\"https:\\\/\\\/webdesign.freshlab.com.br\\\/ccpa\\\/wp-content\\\/uploads\\\/2024\\\/06\\\/cafe.jpg\",\"width\":1870,\"height\":504},{\"@type\":\"BreadcrumbList\",\"@id\":\"https:\\\/\\\/webdesign.freshlab.com.br\\\/ccpa\\\/ccpa-realiza-cafe-junino-para-iniciar-as-festividades-do-mes-de-junho\\\/#breadcrumb\",\"itemListElement\":[{\"@type\":\"ListItem\",\"position\":1,\"name\":\"In\u00edcio\",\"item\":\"https:\\\/\\\/webdesign.freshlab.com.br\\\/ccpa\\\/\"},{\"@type\":\"ListItem\",\"position\":2,\"name\":\"CCPA realiza caf\u00e9 junino para iniciar as festividades do m\u00eas de junho\"}]},{\"@type\":\"WebSite\",\"@id\":\"https:\\\/\\\/webdesign.freshlab.com.br\\\/ccpa\\\/#website\",\"url\":\"https:\\\/\\\/webdesign.freshlab.com.br\\\/ccpa\\\/\",\"name\":\"Col\u00e9gio CCPA\",\"description\":\"\",\"publisher\":{\"@id\":\"https:\\\/\\\/webdesign.freshlab.com.br\\\/ccpa\\\/#organization\"},\"potentialAction\":[{\"@type\":\"SearchAction\",\"target\":{\"@type\":\"EntryPoint\",\"urlTemplate\":\"https:\\\/\\\/webdesign.freshlab.com.br\\\/ccpa\\\/?s={search_term_string}\"},\"query-input\":{\"@type\":\"PropertyValueSpecification\",\"valueRequired\":true,\"valueName\":\"search_term_string\"}}],\"inLanguage\":\"pt-BR\"},{\"@type\":\"Organization\",\"@id\":\"https:\\\/\\\/webdesign.freshlab.com.br\\\/ccpa\\\/#organization\",\"name\":\"Col\u00e9gio CCPA\",\"url\":\"https:\\\/\\\/webdesign.freshlab.com.br\\\/ccpa\\\/\",\"logo\":{\"@type\":\"ImageObject\",\"inLanguage\":\"pt-BR\",\"@id\":\"https:\\\/\\\/webdesign.freshlab.com.br\\\/ccpa\\\/#\\\/schema\\\/logo\\\/image\\\/\",\"url\":\"https:\\\/\\\/webdesign.freshlab.com.br\\\/ccpa\\\/wp-content\\\/uploads\\\/2022\\\/11\\\/logo.svg\",\"contentUrl\":\"https:\\\/\\\/webdesign.freshlab.com.br\\\/ccpa\\\/wp-content\\\/uploads\\\/2022\\\/11\\\/logo.svg\",\"width\":147,\"height\":38,\"caption\":\"Col\u00e9gio CCPA\"},\"image\":{\"@id\":\"https:\\\/\\\/webdesign.freshlab.com.br\\\/ccpa\\\/#\\\/schema\\\/logo\\\/image\\\/\"},\"sameAs\":[\"https:\\\/\\\/www.facebook.com\\\/colegioccpa\",\"https:\\\/\\\/x.com\\\/colegio_ccpa\",\"https:\\\/\\\/www.tiktok.com\\\/@colegioccpa\",\"https:\\\/\\\/www.instagram.com\\\/colegio_ccpa\\\/\",\"https:\\\/\\\/www.linkedin.com\\\/company\\\/colgio-ccpa\",\"https:\\\/\\\/www.youtube.com\\\/user\\\/colegioccpa\"]},{\"@type\":\"Person\",\"@id\":\"https:\\\/\\\/webdesign.freshlab.com.br\\\/ccpa\\\/#\\\/schema\\\/person\\\/6efb71a9ea1819fb05a70d22d51eeb98\",\"name\":\"Roberta Dias\",\"url\":\"https:\\\/\\\/webdesign.freshlab.com.br\\\/ccpa\\\/author\\\/robertadias\\\/\"}]}<\/script>\n<!-- \/ Yoast SEO plugin. -->","yoast_head_json":{"title":"CCPA realiza caf\u00e9 junino para iniciar as festividades do m\u00eas de junho - Col\u00e9gio CCPA","robots":{"index":"index","follow":"follow","max-snippet":"max-snippet:-1","max-image-preview":"max-image-preview:large","max-video-preview":"max-video-preview:-1"},"canonical":"https:\/\/webdesign.freshlab.com.br\/ccpa\/ccpa-realiza-cafe-junino-para-iniciar-as-festividades-do-mes-de-junho\/","og_locale":"pt_BR","og_type":"article","og_title":"CCPA realiza caf\u00e9 junino para iniciar as festividades do m\u00eas de junho - Col\u00e9gio CCPA","og_description":"O m\u00eas de junho chegou trazendo uma das maiores tradi\u00e7\u00f5es do povo nordestino, as festas juninas. Por isso, o CCPA j\u00e1 come\u00e7ou o m\u00eas com um super caf\u00e9 da manh\u00e3 nordestino, que reuniu os alunos da Educa\u00e7\u00e3o Infantil e do Fundamental I. Al\u00e9m de muito sabor, os alunos puderam compartilhar durante o caf\u00e9 da manh\u00e3 [&hellip;]","og_url":"https:\/\/webdesign.freshlab.com.br\/ccpa\/ccpa-realiza-cafe-junino-para-iniciar-as-festividades-do-mes-de-junho\/","og_site_name":"Col\u00e9gio CCPA","article_publisher":"https:\/\/www.facebook.com\/colegioccpa","article_published_time":"2024-06-10T08:37:00+00:00","article_modified_time":"2024-06-10T15:42:21+00:00","og_image":[{"width":1870,"height":504,"url":"https:\/\/webdesign.freshlab.com.br\/ccpa\/wp-content\/uploads\/2024\/06\/cafe.jpg","type":"image\/jpeg"}],"author":"Roberta Dias","twitter_card":"summary_large_image","twitter_creator":"@colegio_ccpa","twitter_site":"@colegio_ccpa","twitter_misc":{"Written by":"Roberta Dias","Est. reading time":"4 minutos"},"schema":{"@context":"https:\/\/schema.org","@graph":[{"@type":"Article","@id":"https:\/\/webdesign.freshlab.com.br\/ccpa\/ccpa-realiza-cafe-junino-para-iniciar-as-festividades-do-mes-de-junho\/#article","isPartOf":{"@id":"https:\/\/webdesign.freshlab.com.br\/ccpa\/ccpa-realiza-cafe-junino-para-iniciar-as-festividades-do-mes-de-junho\/"},"author":{"name":"Roberta Dias","@id":"https:\/\/webdesign.freshlab.com.br\/ccpa\/#\/schema\/person\/6efb71a9ea1819fb05a70d22d51eeb98"},"headline":"CCPA realiza caf\u00e9 junino para iniciar as festividades do m\u00eas de junho","datePublished":"2024-06-10T08:37:00+00:00","dateModified":"2024-06-10T15:42:21+00:00","mainEntityOfPage":{"@id":"https:\/\/webdesign.freshlab.com.br\/ccpa\/ccpa-realiza-cafe-junino-para-iniciar-as-festividades-do-mes-de-junho\/"},"wordCount":422,"publisher":{"@id":"https:\/\/webdesign.freshlab.com.br\/ccpa\/#organization"},"image":{"@id":"https:\/\/webdesign.freshlab.com.br\/ccpa\/ccpa-realiza-cafe-junino-para-iniciar-as-festividades-do-mes-de-junho\/#primaryimage"},"thumbnailUrl":"https:\/\/webdesign.freshlab.com.br\/ccpa\/wp-content\/uploads\/2024\/06\/cafe.jpg","articleSection":["NOT\u00cdCIAS"],"inLanguage":"pt-BR"},{"@type":"WebPage","@id":"https:\/\/webdesign.freshlab.com.br\/ccpa\/ccpa-realiza-cafe-junino-para-iniciar-as-festividades-do-mes-de-junho\/","url":"https:\/\/webdesign.freshlab.com.br\/ccpa\/ccpa-realiza-cafe-junino-para-iniciar-as-festividades-do-mes-de-junho\/","name":"CCPA realiza caf\u00e9 junino para iniciar as festividades do m\u00eas de junho - Col\u00e9gio CCPA","isPartOf":{"@id":"https:\/\/webdesign.freshlab.com.br\/ccpa\/#website"},"primaryImageOfPage":{"@id":"https:\/\/webdesign.freshlab.com.br\/ccpa\/ccpa-realiza-cafe-junino-para-iniciar-as-festividades-do-mes-de-junho\/#primaryimage"},"image":{"@id":"https:\/\/webdesign.freshlab.com.br\/ccpa\/ccpa-realiza-cafe-junino-para-iniciar-as-festividades-do-mes-de-junho\/#primaryimage"},"thumbnailUrl":"https:\/\/webdesign.freshlab.com.br\/ccpa\/wp-content\/uploads\/2024\/06\/cafe.jpg","datePublished":"2024-06-10T08:37:00+00:00","dateModified":"2024-06-10T15:42:21+00:00","breadcrumb":{"@id":"https:\/\/webdesign.freshlab.com.br\/ccpa\/ccpa-realiza-cafe-junino-para-iniciar-as-festividades-do-mes-de-junho\/#breadcrumb"},"inLanguage":"pt-BR","potentialAction":[{"@type":"ReadAction","target":["https:\/\/webdesign.freshlab.com.br\/ccpa\/ccpa-realiza-cafe-junino-para-iniciar-as-festividades-do-mes-de-junho\/"]}]},{"@type":"ImageObject","inLanguage":"pt-BR","@id":"https:\/\/webdesign.freshlab.com.br\/ccpa\/ccpa-realiza-cafe-junino-para-iniciar-as-festividades-do-mes-de-junho\/#primaryimage","url":"https:\/\/webdesign.freshlab.com.br\/ccpa\/wp-content\/uploads\/2024\/06\/cafe.jpg","contentUrl":"https:\/\/webdesign.freshlab.com.br\/ccpa\/wp-content\/uploads\/2024\/06\/cafe.jpg","width":1870,"height":504},{"@type":"BreadcrumbList","@id":"https:\/\/webdesign.freshlab.com.br\/ccpa\/ccpa-realiza-cafe-junino-para-iniciar-as-festividades-do-mes-de-junho\/#breadcrumb","itemListElement":[{"@type":"ListItem","position":1,"name":"In\u00edcio","item":"https:\/\/webdesign.freshlab.com.br\/ccpa\/"},{"@type":"ListItem","position":2,"name":"CCPA realiza caf\u00e9 junino para iniciar as festividades do m\u00eas de junho"}]},{"@type":"WebSite","@id":"https:\/\/webdesign.freshlab.com.br\/ccpa\/#website","url":"https:\/\/webdesign.freshlab.com.br\/ccpa\/","name":"Col\u00e9gio CCPA","description":"","publisher":{"@id":"https:\/\/webdesign.freshlab.com.br\/ccpa\/#organization"},"potentialAction":[{"@type":"SearchAction","target":{"@type":"EntryPoint","urlTemplate":"https:\/\/webdesign.freshlab.com.br\/ccpa\/?s={search_term_string}"},"query-input":{"@type":"PropertyValueSpecification","valueRequired":true,"valueName":"search_term_string"}}],"inLanguage":"pt-BR"},{"@type":"Organization","@id":"https:\/\/webdesign.freshlab.com.br\/ccpa\/#organization","name":"Col\u00e9gio CCPA","url":"https:\/\/webdesign.freshlab.com.br\/ccpa\/","logo":{"@type":"ImageObject","inLanguage":"pt-BR","@id":"https:\/\/webdesign.freshlab.com.br\/ccpa\/#\/schema\/logo\/image\/","url":"https:\/\/webdesign.freshlab.com.br\/ccpa\/wp-content\/uploads\/2022\/11\/logo.svg","contentUrl":"https:\/\/webdesign.freshlab.com.br\/ccpa\/wp-content\/uploads\/2022\/11\/logo.svg","width":147,"height":38,"caption":"Col\u00e9gio CCPA"},"image":{"@id":"https:\/\/webdesign.freshlab.com.br\/ccpa\/#\/schema\/logo\/image\/"},"sameAs":["https:\/\/www.facebook.com\/colegioccpa","https:\/\/x.com\/colegio_ccpa","https:\/\/www.tiktok.com\/@colegioccpa","https:\/\/www.instagram.com\/colegio_ccpa\/","https:\/\/www.linkedin.com\/company\/colgio-ccpa","https:\/\/www.youtube.com\/user\/colegioccpa"]},{"@type":"Person","@id":"https:\/\/webdesign.freshlab.com.br\/ccpa\/#\/schema\/person\/6efb71a9ea1819fb05a70d22d51eeb98","name":"Roberta Dias","url":"https:\/\/webdesign.freshlab.com.br\/ccpa\/author\/robertadias\/"}]}},"_links":{"self":[{"href":"https:\/\/webdesign.freshlab.com.br\/ccpa\/wp-json\/wp\/v2\/posts\/2750","targetHints":{"allow":["GET"]}}],"collection":[{"href":"https:\/\/webdesign.freshlab.com.br\/ccpa\/wp-json\/wp\/v2\/posts"}],"about":[{"href":"https:\/\/webdesign.freshlab.com.br\/ccpa\/wp-json\/wp\/v2\/types\/post"}],"author":[{"embeddable":true,"href":"https:\/\/webdesign.freshlab.com.br\/ccpa\/wp-json\/wp\/v2\/users\/4"}],"replies":[{"embeddable":true,"href":"https:\/\/webdesign.freshlab.com.br\/ccpa\/wp-json\/wp\/v2\/comments?post=2750"}],"version-history":[{"count":1,"href":"https:\/\/webdesign.freshlab.com.br\/ccpa\/wp-json\/wp\/v2\/posts\/2750\/revisions"}],"predecessor-version":[{"id":2759,"href":"https:\/\/webdesign.freshlab.com.br\/ccpa\/wp-json\/wp\/v2\/posts\/2750\/revisions\/2759"}],"wp:featuredmedia":[{"embeddable":true,"href":"https:\/\/webdesign.freshlab.com.br\/ccpa\/wp-json\/wp\/v2\/media\/2751"}],"wp:attachment":[{"href":"https:\/\/webdesign.freshlab.com.br\/ccpa\/wp-json\/wp\/v2\/media?parent=2750"}],"wp:term":[{"taxonomy":"category","embeddable":true,"href":"https:\/\/webdesign.freshlab.com.br\/ccpa\/wp-json\/wp\/v2\/categories?post=2750"},{"taxonomy":"post_tag","embeddable":true,"href":"https:\/\/webdesign.freshlab.com.br\/ccpa\/wp-json\/wp\/v2\/tags?post=2750"}],"curies":[{"name":"wp","href":"https:\/\/api.w.org\/{rel}","templated":true}]}}