{"id":2795,"date":"2024-07-01T11:28:13","date_gmt":"2024-07-01T11:28:13","guid":{"rendered":"https:\/\/ccpa.com.br\/?p=2795"},"modified":"2024-07-01T11:28:14","modified_gmt":"2024-07-01T11:28:14","slug":"diversao-colonia-de-ferias-do-ccpa-esta-com-inscricoes-abertas","status":"publish","type":"post","link":"https:\/\/webdesign.freshlab.com.br\/ccpa\/diversao-colonia-de-ferias-do-ccpa-esta-com-inscricoes-abertas\/","title":{"rendered":"Divers\u00e3o: Col\u00f4nia de F\u00e9rias do CCPA est\u00e1 com inscri\u00e7\u00f5es abertas"},"content":{"rendered":"\n<p>Final de semestre chegando e a crian\u00e7ada s\u00f3 quer saber de aproveitar o per\u00edodo de pausa dos estudos da melhor forma, ou seja, com muita divers\u00e3o. Por isso, a Col\u00f4nia de F\u00e9rias do CCPA \u00e9 uma \u00f3tima op\u00e7\u00e3o, pois re\u00fane em um s\u00f3 lugar muitas brincadeiras, em um ambiente acolhedor e seguro para os pequenos.<\/p>\n\n\n\n<p>As matr\u00edculas para a Col\u00f4nia de F\u00e9rias j\u00e1 est\u00e3o abertas e mesmo que a crian\u00e7a n\u00e3o seja aluna do col\u00e9gio poder\u00e1 participar. No per\u00edodo de 01 a 19 de julho, o Col\u00e9gio estar\u00e1 de portas abertas para crian\u00e7as de 1 a 12 anos, que v\u00e3o aproveitar dias de divers\u00e3o, aventura e aprendizado.<br><br>Al\u00e9m de brincadeiras, ser\u00e3o realizadas oficinas projetadas para estimular o desenvolvimento das crian\u00e7as de forma 100% l\u00fadica. Elas poder\u00e3o explorar, criar e aprender por meio de atividades manuais e jogos educativos, cada experi\u00eancia ser\u00e1 uma oportunidade para crescer e se divertir!<\/p>\n\n\n\n<p>Algumas das atividades que fazem parte da programa\u00e7\u00e3o das tr\u00eas semanas de Col\u00f4nia de F\u00e9rias s\u00e3o: baladinha kids, artes circenses, oficinas de culin\u00e1ria, brinquedos Infl\u00e1veis, oficina de pintura, banho de piscina, aero dance, oficina de fantoche, entre outras. S\u00e3o mais de 40 tipos de atividades diferenciadas, distribu\u00eddas ao longo da Col\u00f4nia.<\/p>\n\n\n\n<p>Gostou? Garanta j\u00e1 a vaga do seu pequeno e proporcione a ele f\u00e9rias inesquec\u00edveis, repleta de descobertas e novas amizades. Mais informa\u00e7\u00f5es acesse: <a href=\"https:\/\/webdesign.freshlab.com.br\/ccpa\/coloniadeferias\/\">https:\/\/webdesign.freshlab.com.br\/ccpa\/coloniadeferias\/<\/a><\/p>\n\n\n\n<figure class=\"wp-block-image size-large\"><img loading=\"lazy\" decoding=\"async\" width=\"1024\" height=\"981\" src=\"https:\/\/webdesign.freshlab.com.br\/ccpa\/wp-content\/uploads\/2024\/07\/WhatsApp-Image-2024-07-01-at-08.26.22-1-1024x981.jpeg\" alt=\"\" class=\"wp-image-2797\" srcset=\"https:\/\/webdesign.freshlab.com.br\/ccpa\/wp-content\/uploads\/2024\/07\/WhatsApp-Image-2024-07-01-at-08.26.22-1-1024x981.jpeg 1024w, https:\/\/webdesign.freshlab.com.br\/ccpa\/wp-content\/uploads\/2024\/07\/WhatsApp-Image-2024-07-01-at-08.26.22-1-300x287.jpeg 300w, https:\/\/webdesign.freshlab.com.br\/ccpa\/wp-content\/uploads\/2024\/07\/WhatsApp-Image-2024-07-01-at-08.26.22-1-768x736.jpeg 768w, https:\/\/webdesign.freshlab.com.br\/ccpa\/wp-content\/uploads\/2024\/07\/WhatsApp-Image-2024-07-01-at-08.26.22-1.jpeg 1170w\" sizes=\"auto, (max-width: 1024px) 100vw, 1024px\" \/><\/figure>\n","protected":false},"excerpt":{"rendered":"<p>Final de semestre chegando e a crian\u00e7ada s\u00f3 quer saber de aproveitar o per\u00edodo de pausa dos estudos da melhor forma, ou seja, com muita divers\u00e3o. Por isso, a Col\u00f4nia de F\u00e9rias do CCPA \u00e9 uma \u00f3tima op\u00e7\u00e3o, pois re\u00fane em um s\u00f3 lugar muitas brincadeiras, em um ambiente acolhedor e seguro para os pequenos. [&hellip;]<\/p>\n","protected":false},"author":4,"featured_media":2796,"comment_status":"closed","ping_status":"closed","sticky":false,"template":"","format":"standard","meta":{"inline_featured_image":false,"footnotes":""},"categories":[9],"tags":[],"class_list":["post-2795","post","type-post","status-publish","format-standard","has-post-thumbnail","hentry","category-ensino-infantil"],"acf":[],"yoast_head":"<!-- This site is optimized with the Yoast SEO plugin v27.3 - https:\/\/yoast.com\/product\/yoast-seo-wordpress\/ -->\n<title>Divers\u00e3o: Col\u00f4nia de F\u00e9rias do CCPA est\u00e1 com inscri\u00e7\u00f5es abertas - Col\u00e9gio CCPA<\/title>\n<meta name=\"robots\" content=\"index, follow, max-snippet:-1, max-image-preview:large, max-video-preview:-1\" \/>\n<link rel=\"canonical\" href=\"https:\/\/webdesign.freshlab.com.br\/ccpa\/diversao-colonia-de-ferias-do-ccpa-esta-com-inscricoes-abertas\/\" \/>\n<meta property=\"og:locale\" content=\"pt_BR\" \/>\n<meta property=\"og:type\" content=\"article\" \/>\n<meta property=\"og:title\" content=\"Divers\u00e3o: Col\u00f4nia de F\u00e9rias do CCPA est\u00e1 com inscri\u00e7\u00f5es abertas - Col\u00e9gio CCPA\" \/>\n<meta property=\"og:description\" content=\"Final de semestre chegando e a crian\u00e7ada s\u00f3 quer saber de aproveitar o per\u00edodo de pausa dos estudos da melhor forma, ou seja, com muita divers\u00e3o. Por isso, a Col\u00f4nia de F\u00e9rias do CCPA \u00e9 uma \u00f3tima op\u00e7\u00e3o, pois re\u00fane em um s\u00f3 lugar muitas brincadeiras, em um ambiente acolhedor e seguro para os pequenos. [&hellip;]\" \/>\n<meta property=\"og:url\" content=\"https:\/\/webdesign.freshlab.com.br\/ccpa\/diversao-colonia-de-ferias-do-ccpa-esta-com-inscricoes-abertas\/\" \/>\n<meta property=\"og:site_name\" content=\"Col\u00e9gio CCPA\" \/>\n<meta property=\"article:publisher\" content=\"https:\/\/www.facebook.com\/colegioccpa\" \/>\n<meta property=\"article:published_time\" content=\"2024-07-01T11:28:13+00:00\" \/>\n<meta property=\"article:modified_time\" content=\"2024-07-01T11:28:14+00:00\" \/>\n<meta property=\"og:image\" content=\"https:\/\/webdesign.freshlab.com.br\/ccpa\/wp-content\/uploads\/2024\/07\/WhatsApp-Image-2024-07-01-at-08.26.22.jpeg\" \/>\n\t<meta property=\"og:image:width\" content=\"1168\" \/>\n\t<meta property=\"og:image:height\" content=\"436\" \/>\n\t<meta property=\"og:image:type\" content=\"image\/jpeg\" \/>\n<meta name=\"author\" content=\"Roberta Dias\" \/>\n<meta name=\"twitter:card\" content=\"summary_large_image\" \/>\n<meta name=\"twitter:creator\" content=\"@colegio_ccpa\" \/>\n<meta name=\"twitter:site\" content=\"@colegio_ccpa\" \/>\n<meta name=\"twitter:label1\" content=\"Written by\" \/>\n\t<meta name=\"twitter:data1\" content=\"Roberta Dias\" \/>\n\t<meta name=\"twitter:label2\" content=\"Est. reading time\" \/>\n\t<meta name=\"twitter:data2\" content=\"2 minutos\" \/>\n<script type=\"application\/ld+json\" class=\"yoast-schema-graph\">{\"@context\":\"https:\\\/\\\/schema.org\",\"@graph\":[{\"@type\":\"Article\",\"@id\":\"https:\\\/\\\/webdesign.freshlab.com.br\\\/ccpa\\\/diversao-colonia-de-ferias-do-ccpa-esta-com-inscricoes-abertas\\\/#article\",\"isPartOf\":{\"@id\":\"https:\\\/\\\/webdesign.freshlab.com.br\\\/ccpa\\\/diversao-colonia-de-ferias-do-ccpa-esta-com-inscricoes-abertas\\\/\"},\"author\":{\"name\":\"Roberta Dias\",\"@id\":\"https:\\\/\\\/webdesign.freshlab.com.br\\\/ccpa\\\/#\\\/schema\\\/person\\\/6efb71a9ea1819fb05a70d22d51eeb98\"},\"headline\":\"Divers\u00e3o: Col\u00f4nia de F\u00e9rias do CCPA est\u00e1 com inscri\u00e7\u00f5es abertas\",\"datePublished\":\"2024-07-01T11:28:13+00:00\",\"dateModified\":\"2024-07-01T11:28:14+00:00\",\"mainEntityOfPage\":{\"@id\":\"https:\\\/\\\/webdesign.freshlab.com.br\\\/ccpa\\\/diversao-colonia-de-ferias-do-ccpa-esta-com-inscricoes-abertas\\\/\"},\"wordCount\":274,\"publisher\":{\"@id\":\"https:\\\/\\\/webdesign.freshlab.com.br\\\/ccpa\\\/#organization\"},\"image\":{\"@id\":\"https:\\\/\\\/webdesign.freshlab.com.br\\\/ccpa\\\/diversao-colonia-de-ferias-do-ccpa-esta-com-inscricoes-abertas\\\/#primaryimage\"},\"thumbnailUrl\":\"https:\\\/\\\/webdesign.freshlab.com.br\\\/ccpa\\\/wp-content\\\/uploads\\\/2024\\\/07\\\/WhatsApp-Image-2024-07-01-at-08.26.22.jpeg\",\"articleSection\":[\"Ensino Infantil\"],\"inLanguage\":\"pt-BR\"},{\"@type\":\"WebPage\",\"@id\":\"https:\\\/\\\/webdesign.freshlab.com.br\\\/ccpa\\\/diversao-colonia-de-ferias-do-ccpa-esta-com-inscricoes-abertas\\\/\",\"url\":\"https:\\\/\\\/webdesign.freshlab.com.br\\\/ccpa\\\/diversao-colonia-de-ferias-do-ccpa-esta-com-inscricoes-abertas\\\/\",\"name\":\"Divers\u00e3o: Col\u00f4nia de F\u00e9rias do CCPA est\u00e1 com inscri\u00e7\u00f5es abertas - Col\u00e9gio CCPA\",\"isPartOf\":{\"@id\":\"https:\\\/\\\/webdesign.freshlab.com.br\\\/ccpa\\\/#website\"},\"primaryImageOfPage\":{\"@id\":\"https:\\\/\\\/webdesign.freshlab.com.br\\\/ccpa\\\/diversao-colonia-de-ferias-do-ccpa-esta-com-inscricoes-abertas\\\/#primaryimage\"},\"image\":{\"@id\":\"https:\\\/\\\/webdesign.freshlab.com.br\\\/ccpa\\\/diversao-colonia-de-ferias-do-ccpa-esta-com-inscricoes-abertas\\\/#primaryimage\"},\"thumbnailUrl\":\"https:\\\/\\\/webdesign.freshlab.com.br\\\/ccpa\\\/wp-content\\\/uploads\\\/2024\\\/07\\\/WhatsApp-Image-2024-07-01-at-08.26.22.jpeg\",\"datePublished\":\"2024-07-01T11:28:13+00:00\",\"dateModified\":\"2024-07-01T11:28:14+00:00\",\"breadcrumb\":{\"@id\":\"https:\\\/\\\/webdesign.freshlab.com.br\\\/ccpa\\\/diversao-colonia-de-ferias-do-ccpa-esta-com-inscricoes-abertas\\\/#breadcrumb\"},\"inLanguage\":\"pt-BR\",\"potentialAction\":[{\"@type\":\"ReadAction\",\"target\":[\"https:\\\/\\\/webdesign.freshlab.com.br\\\/ccpa\\\/diversao-colonia-de-ferias-do-ccpa-esta-com-inscricoes-abertas\\\/\"]}]},{\"@type\":\"ImageObject\",\"inLanguage\":\"pt-BR\",\"@id\":\"https:\\\/\\\/webdesign.freshlab.com.br\\\/ccpa\\\/diversao-colonia-de-ferias-do-ccpa-esta-com-inscricoes-abertas\\\/#primaryimage\",\"url\":\"https:\\\/\\\/webdesign.freshlab.com.br\\\/ccpa\\\/wp-content\\\/uploads\\\/2024\\\/07\\\/WhatsApp-Image-2024-07-01-at-08.26.22.jpeg\",\"contentUrl\":\"https:\\\/\\\/webdesign.freshlab.com.br\\\/ccpa\\\/wp-content\\\/uploads\\\/2024\\\/07\\\/WhatsApp-Image-2024-07-01-at-08.26.22.jpeg\",\"width\":1168,\"height\":436},{\"@type\":\"BreadcrumbList\",\"@id\":\"https:\\\/\\\/webdesign.freshlab.com.br\\\/ccpa\\\/diversao-colonia-de-ferias-do-ccpa-esta-com-inscricoes-abertas\\\/#breadcrumb\",\"itemListElement\":[{\"@type\":\"ListItem\",\"position\":1,\"name\":\"In\u00edcio\",\"item\":\"https:\\\/\\\/webdesign.freshlab.com.br\\\/ccpa\\\/\"},{\"@type\":\"ListItem\",\"position\":2,\"name\":\"Divers\u00e3o: Col\u00f4nia de F\u00e9rias do CCPA est\u00e1 com inscri\u00e7\u00f5es abertas\"}]},{\"@type\":\"WebSite\",\"@id\":\"https:\\\/\\\/webdesign.freshlab.com.br\\\/ccpa\\\/#website\",\"url\":\"https:\\\/\\\/webdesign.freshlab.com.br\\\/ccpa\\\/\",\"name\":\"Col\u00e9gio CCPA\",\"description\":\"\",\"publisher\":{\"@id\":\"https:\\\/\\\/webdesign.freshlab.com.br\\\/ccpa\\\/#organization\"},\"potentialAction\":[{\"@type\":\"SearchAction\",\"target\":{\"@type\":\"EntryPoint\",\"urlTemplate\":\"https:\\\/\\\/webdesign.freshlab.com.br\\\/ccpa\\\/?s={search_term_string}\"},\"query-input\":{\"@type\":\"PropertyValueSpecification\",\"valueRequired\":true,\"valueName\":\"search_term_string\"}}],\"inLanguage\":\"pt-BR\"},{\"@type\":\"Organization\",\"@id\":\"https:\\\/\\\/webdesign.freshlab.com.br\\\/ccpa\\\/#organization\",\"name\":\"Col\u00e9gio CCPA\",\"url\":\"https:\\\/\\\/webdesign.freshlab.com.br\\\/ccpa\\\/\",\"logo\":{\"@type\":\"ImageObject\",\"inLanguage\":\"pt-BR\",\"@id\":\"https:\\\/\\\/webdesign.freshlab.com.br\\\/ccpa\\\/#\\\/schema\\\/logo\\\/image\\\/\",\"url\":\"https:\\\/\\\/webdesign.freshlab.com.br\\\/ccpa\\\/wp-content\\\/uploads\\\/2022\\\/11\\\/logo.svg\",\"contentUrl\":\"https:\\\/\\\/webdesign.freshlab.com.br\\\/ccpa\\\/wp-content\\\/uploads\\\/2022\\\/11\\\/logo.svg\",\"width\":147,\"height\":38,\"caption\":\"Col\u00e9gio CCPA\"},\"image\":{\"@id\":\"https:\\\/\\\/webdesign.freshlab.com.br\\\/ccpa\\\/#\\\/schema\\\/logo\\\/image\\\/\"},\"sameAs\":[\"https:\\\/\\\/www.facebook.com\\\/colegioccpa\",\"https:\\\/\\\/x.com\\\/colegio_ccpa\",\"https:\\\/\\\/www.tiktok.com\\\/@colegioccpa\",\"https:\\\/\\\/www.instagram.com\\\/colegio_ccpa\\\/\",\"https:\\\/\\\/www.linkedin.com\\\/company\\\/colgio-ccpa\",\"https:\\\/\\\/www.youtube.com\\\/user\\\/colegioccpa\"]},{\"@type\":\"Person\",\"@id\":\"https:\\\/\\\/webdesign.freshlab.com.br\\\/ccpa\\\/#\\\/schema\\\/person\\\/6efb71a9ea1819fb05a70d22d51eeb98\",\"name\":\"Roberta Dias\",\"url\":\"https:\\\/\\\/webdesign.freshlab.com.br\\\/ccpa\\\/author\\\/robertadias\\\/\"}]}<\/script>\n<!-- \/ Yoast SEO plugin. -->","yoast_head_json":{"title":"Divers\u00e3o: Col\u00f4nia de F\u00e9rias do CCPA est\u00e1 com inscri\u00e7\u00f5es abertas - Col\u00e9gio CCPA","robots":{"index":"index","follow":"follow","max-snippet":"max-snippet:-1","max-image-preview":"max-image-preview:large","max-video-preview":"max-video-preview:-1"},"canonical":"https:\/\/webdesign.freshlab.com.br\/ccpa\/diversao-colonia-de-ferias-do-ccpa-esta-com-inscricoes-abertas\/","og_locale":"pt_BR","og_type":"article","og_title":"Divers\u00e3o: Col\u00f4nia de F\u00e9rias do CCPA est\u00e1 com inscri\u00e7\u00f5es abertas - Col\u00e9gio CCPA","og_description":"Final de semestre chegando e a crian\u00e7ada s\u00f3 quer saber de aproveitar o per\u00edodo de pausa dos estudos da melhor forma, ou seja, com muita divers\u00e3o. Por isso, a Col\u00f4nia de F\u00e9rias do CCPA \u00e9 uma \u00f3tima op\u00e7\u00e3o, pois re\u00fane em um s\u00f3 lugar muitas brincadeiras, em um ambiente acolhedor e seguro para os pequenos. [&hellip;]","og_url":"https:\/\/webdesign.freshlab.com.br\/ccpa\/diversao-colonia-de-ferias-do-ccpa-esta-com-inscricoes-abertas\/","og_site_name":"Col\u00e9gio CCPA","article_publisher":"https:\/\/www.facebook.com\/colegioccpa","article_published_time":"2024-07-01T11:28:13+00:00","article_modified_time":"2024-07-01T11:28:14+00:00","og_image":[{"width":1168,"height":436,"url":"https:\/\/webdesign.freshlab.com.br\/ccpa\/wp-content\/uploads\/2024\/07\/WhatsApp-Image-2024-07-01-at-08.26.22.jpeg","type":"image\/jpeg"}],"author":"Roberta Dias","twitter_card":"summary_large_image","twitter_creator":"@colegio_ccpa","twitter_site":"@colegio_ccpa","twitter_misc":{"Written by":"Roberta Dias","Est. reading time":"2 minutos"},"schema":{"@context":"https:\/\/schema.org","@graph":[{"@type":"Article","@id":"https:\/\/webdesign.freshlab.com.br\/ccpa\/diversao-colonia-de-ferias-do-ccpa-esta-com-inscricoes-abertas\/#article","isPartOf":{"@id":"https:\/\/webdesign.freshlab.com.br\/ccpa\/diversao-colonia-de-ferias-do-ccpa-esta-com-inscricoes-abertas\/"},"author":{"name":"Roberta Dias","@id":"https:\/\/webdesign.freshlab.com.br\/ccpa\/#\/schema\/person\/6efb71a9ea1819fb05a70d22d51eeb98"},"headline":"Divers\u00e3o: Col\u00f4nia de F\u00e9rias do CCPA est\u00e1 com inscri\u00e7\u00f5es abertas","datePublished":"2024-07-01T11:28:13+00:00","dateModified":"2024-07-01T11:28:14+00:00","mainEntityOfPage":{"@id":"https:\/\/webdesign.freshlab.com.br\/ccpa\/diversao-colonia-de-ferias-do-ccpa-esta-com-inscricoes-abertas\/"},"wordCount":274,"publisher":{"@id":"https:\/\/webdesign.freshlab.com.br\/ccpa\/#organization"},"image":{"@id":"https:\/\/webdesign.freshlab.com.br\/ccpa\/diversao-colonia-de-ferias-do-ccpa-esta-com-inscricoes-abertas\/#primaryimage"},"thumbnailUrl":"https:\/\/webdesign.freshlab.com.br\/ccpa\/wp-content\/uploads\/2024\/07\/WhatsApp-Image-2024-07-01-at-08.26.22.jpeg","articleSection":["Ensino Infantil"],"inLanguage":"pt-BR"},{"@type":"WebPage","@id":"https:\/\/webdesign.freshlab.com.br\/ccpa\/diversao-colonia-de-ferias-do-ccpa-esta-com-inscricoes-abertas\/","url":"https:\/\/webdesign.freshlab.com.br\/ccpa\/diversao-colonia-de-ferias-do-ccpa-esta-com-inscricoes-abertas\/","name":"Divers\u00e3o: Col\u00f4nia de F\u00e9rias do CCPA est\u00e1 com inscri\u00e7\u00f5es abertas - Col\u00e9gio CCPA","isPartOf":{"@id":"https:\/\/webdesign.freshlab.com.br\/ccpa\/#website"},"primaryImageOfPage":{"@id":"https:\/\/webdesign.freshlab.com.br\/ccpa\/diversao-colonia-de-ferias-do-ccpa-esta-com-inscricoes-abertas\/#primaryimage"},"image":{"@id":"https:\/\/webdesign.freshlab.com.br\/ccpa\/diversao-colonia-de-ferias-do-ccpa-esta-com-inscricoes-abertas\/#primaryimage"},"thumbnailUrl":"https:\/\/webdesign.freshlab.com.br\/ccpa\/wp-content\/uploads\/2024\/07\/WhatsApp-Image-2024-07-01-at-08.26.22.jpeg","datePublished":"2024-07-01T11:28:13+00:00","dateModified":"2024-07-01T11:28:14+00:00","breadcrumb":{"@id":"https:\/\/webdesign.freshlab.com.br\/ccpa\/diversao-colonia-de-ferias-do-ccpa-esta-com-inscricoes-abertas\/#breadcrumb"},"inLanguage":"pt-BR","potentialAction":[{"@type":"ReadAction","target":["https:\/\/webdesign.freshlab.com.br\/ccpa\/diversao-colonia-de-ferias-do-ccpa-esta-com-inscricoes-abertas\/"]}]},{"@type":"ImageObject","inLanguage":"pt-BR","@id":"https:\/\/webdesign.freshlab.com.br\/ccpa\/diversao-colonia-de-ferias-do-ccpa-esta-com-inscricoes-abertas\/#primaryimage","url":"https:\/\/webdesign.freshlab.com.br\/ccpa\/wp-content\/uploads\/2024\/07\/WhatsApp-Image-2024-07-01-at-08.26.22.jpeg","contentUrl":"https:\/\/webdesign.freshlab.com.br\/ccpa\/wp-content\/uploads\/2024\/07\/WhatsApp-Image-2024-07-01-at-08.26.22.jpeg","width":1168,"height":436},{"@type":"BreadcrumbList","@id":"https:\/\/webdesign.freshlab.com.br\/ccpa\/diversao-colonia-de-ferias-do-ccpa-esta-com-inscricoes-abertas\/#breadcrumb","itemListElement":[{"@type":"ListItem","position":1,"name":"In\u00edcio","item":"https:\/\/webdesign.freshlab.com.br\/ccpa\/"},{"@type":"ListItem","position":2,"name":"Divers\u00e3o: Col\u00f4nia de F\u00e9rias do CCPA est\u00e1 com inscri\u00e7\u00f5es abertas"}]},{"@type":"WebSite","@id":"https:\/\/webdesign.freshlab.com.br\/ccpa\/#website","url":"https:\/\/webdesign.freshlab.com.br\/ccpa\/","name":"Col\u00e9gio CCPA","description":"","publisher":{"@id":"https:\/\/webdesign.freshlab.com.br\/ccpa\/#organization"},"potentialAction":[{"@type":"SearchAction","target":{"@type":"EntryPoint","urlTemplate":"https:\/\/webdesign.freshlab.com.br\/ccpa\/?s={search_term_string}"},"query-input":{"@type":"PropertyValueSpecification","valueRequired":true,"valueName":"search_term_string"}}],"inLanguage":"pt-BR"},{"@type":"Organization","@id":"https:\/\/webdesign.freshlab.com.br\/ccpa\/#organization","name":"Col\u00e9gio CCPA","url":"https:\/\/webdesign.freshlab.com.br\/ccpa\/","logo":{"@type":"ImageObject","inLanguage":"pt-BR","@id":"https:\/\/webdesign.freshlab.com.br\/ccpa\/#\/schema\/logo\/image\/","url":"https:\/\/webdesign.freshlab.com.br\/ccpa\/wp-content\/uploads\/2022\/11\/logo.svg","contentUrl":"https:\/\/webdesign.freshlab.com.br\/ccpa\/wp-content\/uploads\/2022\/11\/logo.svg","width":147,"height":38,"caption":"Col\u00e9gio CCPA"},"image":{"@id":"https:\/\/webdesign.freshlab.com.br\/ccpa\/#\/schema\/logo\/image\/"},"sameAs":["https:\/\/www.facebook.com\/colegioccpa","https:\/\/x.com\/colegio_ccpa","https:\/\/www.tiktok.com\/@colegioccpa","https:\/\/www.instagram.com\/colegio_ccpa\/","https:\/\/www.linkedin.com\/company\/colgio-ccpa","https:\/\/www.youtube.com\/user\/colegioccpa"]},{"@type":"Person","@id":"https:\/\/webdesign.freshlab.com.br\/ccpa\/#\/schema\/person\/6efb71a9ea1819fb05a70d22d51eeb98","name":"Roberta Dias","url":"https:\/\/webdesign.freshlab.com.br\/ccpa\/author\/robertadias\/"}]}},"_links":{"self":[{"href":"https:\/\/webdesign.freshlab.com.br\/ccpa\/wp-json\/wp\/v2\/posts\/2795","targetHints":{"allow":["GET"]}}],"collection":[{"href":"https:\/\/webdesign.freshlab.com.br\/ccpa\/wp-json\/wp\/v2\/posts"}],"about":[{"href":"https:\/\/webdesign.freshlab.com.br\/ccpa\/wp-json\/wp\/v2\/types\/post"}],"author":[{"embeddable":true,"href":"https:\/\/webdesign.freshlab.com.br\/ccpa\/wp-json\/wp\/v2\/users\/4"}],"replies":[{"embeddable":true,"href":"https:\/\/webdesign.freshlab.com.br\/ccpa\/wp-json\/wp\/v2\/comments?post=2795"}],"version-history":[{"count":1,"href":"https:\/\/webdesign.freshlab.com.br\/ccpa\/wp-json\/wp\/v2\/posts\/2795\/revisions"}],"predecessor-version":[{"id":2798,"href":"https:\/\/webdesign.freshlab.com.br\/ccpa\/wp-json\/wp\/v2\/posts\/2795\/revisions\/2798"}],"wp:featuredmedia":[{"embeddable":true,"href":"https:\/\/webdesign.freshlab.com.br\/ccpa\/wp-json\/wp\/v2\/media\/2796"}],"wp:attachment":[{"href":"https:\/\/webdesign.freshlab.com.br\/ccpa\/wp-json\/wp\/v2\/media?parent=2795"}],"wp:term":[{"taxonomy":"category","embeddable":true,"href":"https:\/\/webdesign.freshlab.com.br\/ccpa\/wp-json\/wp\/v2\/categories?post=2795"},{"taxonomy":"post_tag","embeddable":true,"href":"https:\/\/webdesign.freshlab.com.br\/ccpa\/wp-json\/wp\/v2\/tags?post=2795"}],"curies":[{"name":"wp","href":"https:\/\/api.w.org\/{rel}","templated":true}]}}