{"id":2817,"date":"2024-07-17T11:45:10","date_gmt":"2024-07-17T11:45:10","guid":{"rendered":"https:\/\/ccpa.com.br\/?p=2817"},"modified":"2024-07-17T11:46:07","modified_gmt":"2024-07-17T11:46:07","slug":"segunda-edicao-da-conferencia-ccpa-sera-realizada-entre-os-dias-17-e-19-de-julho","status":"publish","type":"post","link":"https:\/\/webdesign.freshlab.com.br\/ccpa\/segunda-edicao-da-conferencia-ccpa-sera-realizada-entre-os-dias-17-e-19-de-julho\/","title":{"rendered":"Confer\u00eancia CCPA ser\u00e1 realizada entre os dias 17 e 19 de julho"},"content":{"rendered":"\n<p>O segundo semestre j\u00e1 chegou e para seguir no caminho da excel\u00eancia quando o assunto \u00e9 educa\u00e7\u00e3o em Sergipe, o col\u00e9gio CCPA preparou a segunda edi\u00e7\u00e3o da \u2018Confer\u00eancia CCPA\u2019, um evento que ser\u00e1 realizado nos dias 17,18 e 19 de julho, no Inovation Center (Unit), reunindo toda a comunidade escolar em momentos diferentes da programa\u00e7\u00e3o.<\/p>\n\n\n\n<p>Com o tema central \u2018Preparando L\u00edderes para o futuro\u2019, a Confer\u00eancia ter\u00e1 workshops, palestras e viv\u00eancias pr\u00e1ticas com temas pertinentes \u00e0 educa\u00e7\u00e3o. No primeiro dia de evento, os gestores do col\u00e9gio, al\u00e9m de participarem de um debate sobre as a\u00e7\u00f5es que o CCPA tem desenvolvido nos \u00faltimos anos, tamb\u00e9m v\u00e3o participar do Workshop M\u00e9todos de gest\u00e3o, com Vin\u00edcius Freaza, autor do livro \u201cPor uma Evolu\u00e7\u00e3o da Gest\u00e3o Pedag\u00f3gica\u201d.<\/p>\n\n\n\n<p>No segundo dia, a programa\u00e7\u00e3o ser\u00e1 voltada para os professores da escola. Ser\u00e3o apresentadas as novas a\u00e7\u00f5es para o 2\u00ba semestre de 2024 e as perspectivas para 2025. Uma palestra com foco na \u2018Comunica\u00e7\u00e3o N\u00e3o Violenta e Diversidade\u2019 est\u00e1 prevista na programa\u00e7\u00e3o do dia, que tamb\u00e9m ir\u00e1 contar com um momento \u201cM\u00e3o na massa\u201d, com a aplica\u00e7\u00e3o dos ODS em projetos pedag\u00f3gicos.<\/p>\n\n\n\n<p>Na sexta-feira, \u00faltimo dia do evento, a programa\u00e7\u00e3o engloba atividades para gestores, professores e ser\u00e1 encerrada com uma mesa redonda voltada para toda a comunidade escolar, ministrada por Carolina Campos.<\/p>\n","protected":false},"excerpt":{"rendered":"<p>O segundo semestre j\u00e1 chegou e para seguir no caminho da excel\u00eancia quando o assunto \u00e9 educa\u00e7\u00e3o em Sergipe, o col\u00e9gio CCPA preparou a segunda edi\u00e7\u00e3o da \u2018Confer\u00eancia CCPA\u2019, um evento que ser\u00e1 realizado nos dias 17,18 e 19 de julho, no Inovation Center (Unit), reunindo toda a comunidade escolar em momentos diferentes da programa\u00e7\u00e3o. [&hellip;]<\/p>\n","protected":false},"author":4,"featured_media":2818,"comment_status":"closed","ping_status":"closed","sticky":false,"template":"","format":"standard","meta":{"inline_featured_image":false,"footnotes":""},"categories":[8],"tags":[],"class_list":["post-2817","post","type-post","status-publish","format-standard","has-post-thumbnail","hentry","category-eventos"],"acf":[],"yoast_head":"<!-- This site is optimized with the Yoast SEO plugin v27.3 - https:\/\/yoast.com\/product\/yoast-seo-wordpress\/ -->\n<title>Confer\u00eancia CCPA ser\u00e1 realizada entre os dias 17 e 19 de julho - Col\u00e9gio CCPA<\/title>\n<meta name=\"robots\" content=\"index, follow, max-snippet:-1, max-image-preview:large, max-video-preview:-1\" \/>\n<link rel=\"canonical\" href=\"https:\/\/webdesign.freshlab.com.br\/ccpa\/segunda-edicao-da-conferencia-ccpa-sera-realizada-entre-os-dias-17-e-19-de-julho\/\" \/>\n<meta property=\"og:locale\" content=\"pt_BR\" \/>\n<meta property=\"og:type\" content=\"article\" \/>\n<meta property=\"og:title\" content=\"Confer\u00eancia CCPA ser\u00e1 realizada entre os dias 17 e 19 de julho - Col\u00e9gio CCPA\" \/>\n<meta property=\"og:description\" content=\"O segundo semestre j\u00e1 chegou e para seguir no caminho da excel\u00eancia quando o assunto \u00e9 educa\u00e7\u00e3o em Sergipe, o col\u00e9gio CCPA preparou a segunda edi\u00e7\u00e3o da \u2018Confer\u00eancia CCPA\u2019, um evento que ser\u00e1 realizado nos dias 17,18 e 19 de julho, no Inovation Center (Unit), reunindo toda a comunidade escolar em momentos diferentes da programa\u00e7\u00e3o. [&hellip;]\" \/>\n<meta property=\"og:url\" content=\"https:\/\/webdesign.freshlab.com.br\/ccpa\/segunda-edicao-da-conferencia-ccpa-sera-realizada-entre-os-dias-17-e-19-de-julho\/\" \/>\n<meta property=\"og:site_name\" content=\"Col\u00e9gio CCPA\" \/>\n<meta property=\"article:publisher\" content=\"https:\/\/www.facebook.com\/colegioccpa\" \/>\n<meta property=\"article:published_time\" content=\"2024-07-17T11:45:10+00:00\" \/>\n<meta property=\"article:modified_time\" content=\"2024-07-17T11:46:07+00:00\" \/>\n<meta property=\"og:image\" content=\"https:\/\/webdesign.freshlab.com.br\/ccpa\/wp-content\/uploads\/2024\/07\/Sem-titulo.jpg\" \/>\n\t<meta property=\"og:image:width\" content=\"569\" \/>\n\t<meta property=\"og:image:height\" content=\"231\" \/>\n\t<meta property=\"og:image:type\" content=\"image\/jpeg\" \/>\n<meta name=\"author\" content=\"Roberta Dias\" \/>\n<meta name=\"twitter:card\" content=\"summary_large_image\" \/>\n<meta name=\"twitter:creator\" content=\"@colegio_ccpa\" \/>\n<meta name=\"twitter:site\" content=\"@colegio_ccpa\" \/>\n<meta name=\"twitter:label1\" content=\"Written by\" \/>\n\t<meta name=\"twitter:data1\" content=\"Roberta Dias\" \/>\n\t<meta name=\"twitter:label2\" content=\"Est. reading time\" \/>\n\t<meta name=\"twitter:data2\" content=\"2 minutos\" \/>\n<script type=\"application\/ld+json\" class=\"yoast-schema-graph\">{\"@context\":\"https:\\\/\\\/schema.org\",\"@graph\":[{\"@type\":\"Article\",\"@id\":\"https:\\\/\\\/webdesign.freshlab.com.br\\\/ccpa\\\/segunda-edicao-da-conferencia-ccpa-sera-realizada-entre-os-dias-17-e-19-de-julho\\\/#article\",\"isPartOf\":{\"@id\":\"https:\\\/\\\/webdesign.freshlab.com.br\\\/ccpa\\\/segunda-edicao-da-conferencia-ccpa-sera-realizada-entre-os-dias-17-e-19-de-julho\\\/\"},\"author\":{\"name\":\"Roberta Dias\",\"@id\":\"https:\\\/\\\/webdesign.freshlab.com.br\\\/ccpa\\\/#\\\/schema\\\/person\\\/6efb71a9ea1819fb05a70d22d51eeb98\"},\"headline\":\"Confer\u00eancia CCPA ser\u00e1 realizada entre os dias 17 e 19 de julho\",\"datePublished\":\"2024-07-17T11:45:10+00:00\",\"dateModified\":\"2024-07-17T11:46:07+00:00\",\"mainEntityOfPage\":{\"@id\":\"https:\\\/\\\/webdesign.freshlab.com.br\\\/ccpa\\\/segunda-edicao-da-conferencia-ccpa-sera-realizada-entre-os-dias-17-e-19-de-julho\\\/\"},\"wordCount\":252,\"publisher\":{\"@id\":\"https:\\\/\\\/webdesign.freshlab.com.br\\\/ccpa\\\/#organization\"},\"image\":{\"@id\":\"https:\\\/\\\/webdesign.freshlab.com.br\\\/ccpa\\\/segunda-edicao-da-conferencia-ccpa-sera-realizada-entre-os-dias-17-e-19-de-julho\\\/#primaryimage\"},\"thumbnailUrl\":\"https:\\\/\\\/webdesign.freshlab.com.br\\\/ccpa\\\/wp-content\\\/uploads\\\/2024\\\/07\\\/Sem-titulo.jpg\",\"articleSection\":[\"Eventos\"],\"inLanguage\":\"pt-BR\"},{\"@type\":\"WebPage\",\"@id\":\"https:\\\/\\\/webdesign.freshlab.com.br\\\/ccpa\\\/segunda-edicao-da-conferencia-ccpa-sera-realizada-entre-os-dias-17-e-19-de-julho\\\/\",\"url\":\"https:\\\/\\\/webdesign.freshlab.com.br\\\/ccpa\\\/segunda-edicao-da-conferencia-ccpa-sera-realizada-entre-os-dias-17-e-19-de-julho\\\/\",\"name\":\"Confer\u00eancia CCPA ser\u00e1 realizada entre os dias 17 e 19 de julho - Col\u00e9gio CCPA\",\"isPartOf\":{\"@id\":\"https:\\\/\\\/webdesign.freshlab.com.br\\\/ccpa\\\/#website\"},\"primaryImageOfPage\":{\"@id\":\"https:\\\/\\\/webdesign.freshlab.com.br\\\/ccpa\\\/segunda-edicao-da-conferencia-ccpa-sera-realizada-entre-os-dias-17-e-19-de-julho\\\/#primaryimage\"},\"image\":{\"@id\":\"https:\\\/\\\/webdesign.freshlab.com.br\\\/ccpa\\\/segunda-edicao-da-conferencia-ccpa-sera-realizada-entre-os-dias-17-e-19-de-julho\\\/#primaryimage\"},\"thumbnailUrl\":\"https:\\\/\\\/webdesign.freshlab.com.br\\\/ccpa\\\/wp-content\\\/uploads\\\/2024\\\/07\\\/Sem-titulo.jpg\",\"datePublished\":\"2024-07-17T11:45:10+00:00\",\"dateModified\":\"2024-07-17T11:46:07+00:00\",\"breadcrumb\":{\"@id\":\"https:\\\/\\\/webdesign.freshlab.com.br\\\/ccpa\\\/segunda-edicao-da-conferencia-ccpa-sera-realizada-entre-os-dias-17-e-19-de-julho\\\/#breadcrumb\"},\"inLanguage\":\"pt-BR\",\"potentialAction\":[{\"@type\":\"ReadAction\",\"target\":[\"https:\\\/\\\/webdesign.freshlab.com.br\\\/ccpa\\\/segunda-edicao-da-conferencia-ccpa-sera-realizada-entre-os-dias-17-e-19-de-julho\\\/\"]}]},{\"@type\":\"ImageObject\",\"inLanguage\":\"pt-BR\",\"@id\":\"https:\\\/\\\/webdesign.freshlab.com.br\\\/ccpa\\\/segunda-edicao-da-conferencia-ccpa-sera-realizada-entre-os-dias-17-e-19-de-julho\\\/#primaryimage\",\"url\":\"https:\\\/\\\/webdesign.freshlab.com.br\\\/ccpa\\\/wp-content\\\/uploads\\\/2024\\\/07\\\/Sem-titulo.jpg\",\"contentUrl\":\"https:\\\/\\\/webdesign.freshlab.com.br\\\/ccpa\\\/wp-content\\\/uploads\\\/2024\\\/07\\\/Sem-titulo.jpg\",\"width\":569,\"height\":231},{\"@type\":\"BreadcrumbList\",\"@id\":\"https:\\\/\\\/webdesign.freshlab.com.br\\\/ccpa\\\/segunda-edicao-da-conferencia-ccpa-sera-realizada-entre-os-dias-17-e-19-de-julho\\\/#breadcrumb\",\"itemListElement\":[{\"@type\":\"ListItem\",\"position\":1,\"name\":\"In\u00edcio\",\"item\":\"https:\\\/\\\/webdesign.freshlab.com.br\\\/ccpa\\\/\"},{\"@type\":\"ListItem\",\"position\":2,\"name\":\"Confer\u00eancia CCPA ser\u00e1 realizada entre os dias 17 e 19 de julho\"}]},{\"@type\":\"WebSite\",\"@id\":\"https:\\\/\\\/webdesign.freshlab.com.br\\\/ccpa\\\/#website\",\"url\":\"https:\\\/\\\/webdesign.freshlab.com.br\\\/ccpa\\\/\",\"name\":\"Col\u00e9gio CCPA\",\"description\":\"\",\"publisher\":{\"@id\":\"https:\\\/\\\/webdesign.freshlab.com.br\\\/ccpa\\\/#organization\"},\"potentialAction\":[{\"@type\":\"SearchAction\",\"target\":{\"@type\":\"EntryPoint\",\"urlTemplate\":\"https:\\\/\\\/webdesign.freshlab.com.br\\\/ccpa\\\/?s={search_term_string}\"},\"query-input\":{\"@type\":\"PropertyValueSpecification\",\"valueRequired\":true,\"valueName\":\"search_term_string\"}}],\"inLanguage\":\"pt-BR\"},{\"@type\":\"Organization\",\"@id\":\"https:\\\/\\\/webdesign.freshlab.com.br\\\/ccpa\\\/#organization\",\"name\":\"Col\u00e9gio CCPA\",\"url\":\"https:\\\/\\\/webdesign.freshlab.com.br\\\/ccpa\\\/\",\"logo\":{\"@type\":\"ImageObject\",\"inLanguage\":\"pt-BR\",\"@id\":\"https:\\\/\\\/webdesign.freshlab.com.br\\\/ccpa\\\/#\\\/schema\\\/logo\\\/image\\\/\",\"url\":\"https:\\\/\\\/webdesign.freshlab.com.br\\\/ccpa\\\/wp-content\\\/uploads\\\/2022\\\/11\\\/logo.svg\",\"contentUrl\":\"https:\\\/\\\/webdesign.freshlab.com.br\\\/ccpa\\\/wp-content\\\/uploads\\\/2022\\\/11\\\/logo.svg\",\"width\":147,\"height\":38,\"caption\":\"Col\u00e9gio CCPA\"},\"image\":{\"@id\":\"https:\\\/\\\/webdesign.freshlab.com.br\\\/ccpa\\\/#\\\/schema\\\/logo\\\/image\\\/\"},\"sameAs\":[\"https:\\\/\\\/www.facebook.com\\\/colegioccpa\",\"https:\\\/\\\/x.com\\\/colegio_ccpa\",\"https:\\\/\\\/www.tiktok.com\\\/@colegioccpa\",\"https:\\\/\\\/www.instagram.com\\\/colegio_ccpa\\\/\",\"https:\\\/\\\/www.linkedin.com\\\/company\\\/colgio-ccpa\",\"https:\\\/\\\/www.youtube.com\\\/user\\\/colegioccpa\"]},{\"@type\":\"Person\",\"@id\":\"https:\\\/\\\/webdesign.freshlab.com.br\\\/ccpa\\\/#\\\/schema\\\/person\\\/6efb71a9ea1819fb05a70d22d51eeb98\",\"name\":\"Roberta Dias\",\"url\":\"https:\\\/\\\/webdesign.freshlab.com.br\\\/ccpa\\\/author\\\/robertadias\\\/\"}]}<\/script>\n<!-- \/ Yoast SEO plugin. -->","yoast_head_json":{"title":"Confer\u00eancia CCPA ser\u00e1 realizada entre os dias 17 e 19 de julho - Col\u00e9gio CCPA","robots":{"index":"index","follow":"follow","max-snippet":"max-snippet:-1","max-image-preview":"max-image-preview:large","max-video-preview":"max-video-preview:-1"},"canonical":"https:\/\/webdesign.freshlab.com.br\/ccpa\/segunda-edicao-da-conferencia-ccpa-sera-realizada-entre-os-dias-17-e-19-de-julho\/","og_locale":"pt_BR","og_type":"article","og_title":"Confer\u00eancia CCPA ser\u00e1 realizada entre os dias 17 e 19 de julho - Col\u00e9gio CCPA","og_description":"O segundo semestre j\u00e1 chegou e para seguir no caminho da excel\u00eancia quando o assunto \u00e9 educa\u00e7\u00e3o em Sergipe, o col\u00e9gio CCPA preparou a segunda edi\u00e7\u00e3o da \u2018Confer\u00eancia CCPA\u2019, um evento que ser\u00e1 realizado nos dias 17,18 e 19 de julho, no Inovation Center (Unit), reunindo toda a comunidade escolar em momentos diferentes da programa\u00e7\u00e3o. [&hellip;]","og_url":"https:\/\/webdesign.freshlab.com.br\/ccpa\/segunda-edicao-da-conferencia-ccpa-sera-realizada-entre-os-dias-17-e-19-de-julho\/","og_site_name":"Col\u00e9gio CCPA","article_publisher":"https:\/\/www.facebook.com\/colegioccpa","article_published_time":"2024-07-17T11:45:10+00:00","article_modified_time":"2024-07-17T11:46:07+00:00","og_image":[{"width":569,"height":231,"url":"https:\/\/webdesign.freshlab.com.br\/ccpa\/wp-content\/uploads\/2024\/07\/Sem-titulo.jpg","type":"image\/jpeg"}],"author":"Roberta Dias","twitter_card":"summary_large_image","twitter_creator":"@colegio_ccpa","twitter_site":"@colegio_ccpa","twitter_misc":{"Written by":"Roberta Dias","Est. reading time":"2 minutos"},"schema":{"@context":"https:\/\/schema.org","@graph":[{"@type":"Article","@id":"https:\/\/webdesign.freshlab.com.br\/ccpa\/segunda-edicao-da-conferencia-ccpa-sera-realizada-entre-os-dias-17-e-19-de-julho\/#article","isPartOf":{"@id":"https:\/\/webdesign.freshlab.com.br\/ccpa\/segunda-edicao-da-conferencia-ccpa-sera-realizada-entre-os-dias-17-e-19-de-julho\/"},"author":{"name":"Roberta Dias","@id":"https:\/\/webdesign.freshlab.com.br\/ccpa\/#\/schema\/person\/6efb71a9ea1819fb05a70d22d51eeb98"},"headline":"Confer\u00eancia CCPA ser\u00e1 realizada entre os dias 17 e 19 de julho","datePublished":"2024-07-17T11:45:10+00:00","dateModified":"2024-07-17T11:46:07+00:00","mainEntityOfPage":{"@id":"https:\/\/webdesign.freshlab.com.br\/ccpa\/segunda-edicao-da-conferencia-ccpa-sera-realizada-entre-os-dias-17-e-19-de-julho\/"},"wordCount":252,"publisher":{"@id":"https:\/\/webdesign.freshlab.com.br\/ccpa\/#organization"},"image":{"@id":"https:\/\/webdesign.freshlab.com.br\/ccpa\/segunda-edicao-da-conferencia-ccpa-sera-realizada-entre-os-dias-17-e-19-de-julho\/#primaryimage"},"thumbnailUrl":"https:\/\/webdesign.freshlab.com.br\/ccpa\/wp-content\/uploads\/2024\/07\/Sem-titulo.jpg","articleSection":["Eventos"],"inLanguage":"pt-BR"},{"@type":"WebPage","@id":"https:\/\/webdesign.freshlab.com.br\/ccpa\/segunda-edicao-da-conferencia-ccpa-sera-realizada-entre-os-dias-17-e-19-de-julho\/","url":"https:\/\/webdesign.freshlab.com.br\/ccpa\/segunda-edicao-da-conferencia-ccpa-sera-realizada-entre-os-dias-17-e-19-de-julho\/","name":"Confer\u00eancia CCPA ser\u00e1 realizada entre os dias 17 e 19 de julho - Col\u00e9gio CCPA","isPartOf":{"@id":"https:\/\/webdesign.freshlab.com.br\/ccpa\/#website"},"primaryImageOfPage":{"@id":"https:\/\/webdesign.freshlab.com.br\/ccpa\/segunda-edicao-da-conferencia-ccpa-sera-realizada-entre-os-dias-17-e-19-de-julho\/#primaryimage"},"image":{"@id":"https:\/\/webdesign.freshlab.com.br\/ccpa\/segunda-edicao-da-conferencia-ccpa-sera-realizada-entre-os-dias-17-e-19-de-julho\/#primaryimage"},"thumbnailUrl":"https:\/\/webdesign.freshlab.com.br\/ccpa\/wp-content\/uploads\/2024\/07\/Sem-titulo.jpg","datePublished":"2024-07-17T11:45:10+00:00","dateModified":"2024-07-17T11:46:07+00:00","breadcrumb":{"@id":"https:\/\/webdesign.freshlab.com.br\/ccpa\/segunda-edicao-da-conferencia-ccpa-sera-realizada-entre-os-dias-17-e-19-de-julho\/#breadcrumb"},"inLanguage":"pt-BR","potentialAction":[{"@type":"ReadAction","target":["https:\/\/webdesign.freshlab.com.br\/ccpa\/segunda-edicao-da-conferencia-ccpa-sera-realizada-entre-os-dias-17-e-19-de-julho\/"]}]},{"@type":"ImageObject","inLanguage":"pt-BR","@id":"https:\/\/webdesign.freshlab.com.br\/ccpa\/segunda-edicao-da-conferencia-ccpa-sera-realizada-entre-os-dias-17-e-19-de-julho\/#primaryimage","url":"https:\/\/webdesign.freshlab.com.br\/ccpa\/wp-content\/uploads\/2024\/07\/Sem-titulo.jpg","contentUrl":"https:\/\/webdesign.freshlab.com.br\/ccpa\/wp-content\/uploads\/2024\/07\/Sem-titulo.jpg","width":569,"height":231},{"@type":"BreadcrumbList","@id":"https:\/\/webdesign.freshlab.com.br\/ccpa\/segunda-edicao-da-conferencia-ccpa-sera-realizada-entre-os-dias-17-e-19-de-julho\/#breadcrumb","itemListElement":[{"@type":"ListItem","position":1,"name":"In\u00edcio","item":"https:\/\/webdesign.freshlab.com.br\/ccpa\/"},{"@type":"ListItem","position":2,"name":"Confer\u00eancia CCPA ser\u00e1 realizada entre os dias 17 e 19 de julho"}]},{"@type":"WebSite","@id":"https:\/\/webdesign.freshlab.com.br\/ccpa\/#website","url":"https:\/\/webdesign.freshlab.com.br\/ccpa\/","name":"Col\u00e9gio CCPA","description":"","publisher":{"@id":"https:\/\/webdesign.freshlab.com.br\/ccpa\/#organization"},"potentialAction":[{"@type":"SearchAction","target":{"@type":"EntryPoint","urlTemplate":"https:\/\/webdesign.freshlab.com.br\/ccpa\/?s={search_term_string}"},"query-input":{"@type":"PropertyValueSpecification","valueRequired":true,"valueName":"search_term_string"}}],"inLanguage":"pt-BR"},{"@type":"Organization","@id":"https:\/\/webdesign.freshlab.com.br\/ccpa\/#organization","name":"Col\u00e9gio CCPA","url":"https:\/\/webdesign.freshlab.com.br\/ccpa\/","logo":{"@type":"ImageObject","inLanguage":"pt-BR","@id":"https:\/\/webdesign.freshlab.com.br\/ccpa\/#\/schema\/logo\/image\/","url":"https:\/\/webdesign.freshlab.com.br\/ccpa\/wp-content\/uploads\/2022\/11\/logo.svg","contentUrl":"https:\/\/webdesign.freshlab.com.br\/ccpa\/wp-content\/uploads\/2022\/11\/logo.svg","width":147,"height":38,"caption":"Col\u00e9gio CCPA"},"image":{"@id":"https:\/\/webdesign.freshlab.com.br\/ccpa\/#\/schema\/logo\/image\/"},"sameAs":["https:\/\/www.facebook.com\/colegioccpa","https:\/\/x.com\/colegio_ccpa","https:\/\/www.tiktok.com\/@colegioccpa","https:\/\/www.instagram.com\/colegio_ccpa\/","https:\/\/www.linkedin.com\/company\/colgio-ccpa","https:\/\/www.youtube.com\/user\/colegioccpa"]},{"@type":"Person","@id":"https:\/\/webdesign.freshlab.com.br\/ccpa\/#\/schema\/person\/6efb71a9ea1819fb05a70d22d51eeb98","name":"Roberta Dias","url":"https:\/\/webdesign.freshlab.com.br\/ccpa\/author\/robertadias\/"}]}},"_links":{"self":[{"href":"https:\/\/webdesign.freshlab.com.br\/ccpa\/wp-json\/wp\/v2\/posts\/2817","targetHints":{"allow":["GET"]}}],"collection":[{"href":"https:\/\/webdesign.freshlab.com.br\/ccpa\/wp-json\/wp\/v2\/posts"}],"about":[{"href":"https:\/\/webdesign.freshlab.com.br\/ccpa\/wp-json\/wp\/v2\/types\/post"}],"author":[{"embeddable":true,"href":"https:\/\/webdesign.freshlab.com.br\/ccpa\/wp-json\/wp\/v2\/users\/4"}],"replies":[{"embeddable":true,"href":"https:\/\/webdesign.freshlab.com.br\/ccpa\/wp-json\/wp\/v2\/comments?post=2817"}],"version-history":[{"count":2,"href":"https:\/\/webdesign.freshlab.com.br\/ccpa\/wp-json\/wp\/v2\/posts\/2817\/revisions"}],"predecessor-version":[{"id":2820,"href":"https:\/\/webdesign.freshlab.com.br\/ccpa\/wp-json\/wp\/v2\/posts\/2817\/revisions\/2820"}],"wp:featuredmedia":[{"embeddable":true,"href":"https:\/\/webdesign.freshlab.com.br\/ccpa\/wp-json\/wp\/v2\/media\/2818"}],"wp:attachment":[{"href":"https:\/\/webdesign.freshlab.com.br\/ccpa\/wp-json\/wp\/v2\/media?parent=2817"}],"wp:term":[{"taxonomy":"category","embeddable":true,"href":"https:\/\/webdesign.freshlab.com.br\/ccpa\/wp-json\/wp\/v2\/categories?post=2817"},{"taxonomy":"post_tag","embeddable":true,"href":"https:\/\/webdesign.freshlab.com.br\/ccpa\/wp-json\/wp\/v2\/tags?post=2817"}],"curies":[{"name":"wp","href":"https:\/\/api.w.org\/{rel}","templated":true}]}}