{"id":3242,"date":"2025-04-08T14:31:14","date_gmt":"2025-04-08T14:31:14","guid":{"rendered":"https:\/\/ccpa.com.br\/?p=3242"},"modified":"2025-04-08T14:31:15","modified_gmt":"2025-04-08T14:31:15","slug":"projeto-carreiras-ccpa-realiza-feira-das-profissoes-em-parceria-com-a-unit","status":"publish","type":"post","link":"https:\/\/webdesign.freshlab.com.br\/ccpa\/projeto-carreiras-ccpa-realiza-feira-das-profissoes-em-parceria-com-a-unit\/","title":{"rendered":"Projeto Carreiras: CCPA realiza Feira das Profiss\u00f5es em parceria com a Unit"},"content":{"rendered":"\n<p>No \u00faltimo dia 2, estudantes do Ensino M\u00e9dio do CCPA tiveram a oportunidade de explorar o mundo das profiss\u00f5es e vivenciar experi\u00eancias de cada \u00e1rea em mais uma a\u00e7\u00e3o do Projeto Carreiras, que desta vez, em parceria com a Universidade Tiradentes (Unit), realizou a Feira das Profiss\u00f5es. Na oportunidade, foram montados estandes dos mais diversos cursos de gradua\u00e7\u00e3o, nos quais foram apresentados por professores e estudantes da universidade.<\/p>\n\n\n\n<p>\"Este ano, resolvemos promover a Feira das Profiss\u00f5es em parceria com a Unit, dentro do nosso querido Projeto Carreias, no primeiro semestre para que nossos alunos possam conversar com os professores e universit\u00e1rios, ampliando as possibilidades, os horizontes de informa\u00e7\u00f5es de conhecimento para que eles consigam escolher com mais tranquilidade e cheguem no segundo semestre mais focados e direcionados no que eles querem\", destacou a psic\u00f3loga Juliana Gois.<\/p>\n\n\n\n<figure class=\"wp-block-embed is-type-video is-provider-youtube wp-block-embed-youtube wp-embed-aspect-16-9 wp-has-aspect-ratio\"><div class=\"wp-block-embed__wrapper\">\n<iframe loading=\"lazy\" title=\"Col\u00e9gio CCPA - CARREIRAS CCPA\" width=\"500\" height=\"281\" src=\"https:\/\/www.youtube.com\/embed\/cCcryBCGgyc?feature=oembed\" frameborder=\"0\" allow=\"accelerometer; autoplay; clipboard-write; encrypted-media; gyroscope; picture-in-picture; web-share\" referrerpolicy=\"strict-origin-when-cross-origin\" allowfullscreen><\/iframe>\n<\/div><\/figure>\n","protected":false},"excerpt":{"rendered":"<p>No \u00faltimo dia 2, estudantes do Ensino M\u00e9dio do CCPA tiveram a oportunidade de explorar o mundo das profiss\u00f5es e vivenciar experi\u00eancias de cada \u00e1rea em mais uma a\u00e7\u00e3o do Projeto Carreiras, que desta vez, em parceria com a Universidade Tiradentes (Unit), realizou a Feira das Profiss\u00f5es. Na oportunidade, foram montados estandes dos mais diversos [&hellip;]<\/p>\n","protected":false},"author":2,"featured_media":3243,"comment_status":"closed","ping_status":"closed","sticky":false,"template":"","format":"standard","meta":{"inline_featured_image":false,"footnotes":""},"categories":[8],"tags":[15,14,36],"class_list":["post-3242","post","type-post","status-publish","format-standard","has-post-thumbnail","hentry","category-eventos","tag-ccpa","tag-colegioccpa","tag-vestibular"],"acf":[],"yoast_head":"<!-- This site is optimized with the Yoast SEO plugin v27.3 - https:\/\/yoast.com\/product\/yoast-seo-wordpress\/ -->\n<title>Projeto Carreiras: CCPA realiza Feira das Profiss\u00f5es em parceria com a Unit - Col\u00e9gio CCPA<\/title>\n<meta name=\"robots\" content=\"index, follow, max-snippet:-1, max-image-preview:large, max-video-preview:-1\" \/>\n<link rel=\"canonical\" href=\"https:\/\/webdesign.freshlab.com.br\/ccpa\/projeto-carreiras-ccpa-realiza-feira-das-profissoes-em-parceria-com-a-unit\/\" \/>\n<meta property=\"og:locale\" content=\"pt_BR\" \/>\n<meta property=\"og:type\" content=\"article\" \/>\n<meta property=\"og:title\" content=\"Projeto Carreiras: CCPA realiza Feira das Profiss\u00f5es em parceria com a Unit - Col\u00e9gio CCPA\" \/>\n<meta property=\"og:description\" content=\"No \u00faltimo dia 2, estudantes do Ensino M\u00e9dio do CCPA tiveram a oportunidade de explorar o mundo das profiss\u00f5es e vivenciar experi\u00eancias de cada \u00e1rea em mais uma a\u00e7\u00e3o do Projeto Carreiras, que desta vez, em parceria com a Universidade Tiradentes (Unit), realizou a Feira das Profiss\u00f5es. Na oportunidade, foram montados estandes dos mais diversos [&hellip;]\" \/>\n<meta property=\"og:url\" content=\"https:\/\/webdesign.freshlab.com.br\/ccpa\/projeto-carreiras-ccpa-realiza-feira-das-profissoes-em-parceria-com-a-unit\/\" \/>\n<meta property=\"og:site_name\" content=\"Col\u00e9gio CCPA\" \/>\n<meta property=\"article:publisher\" content=\"https:\/\/www.facebook.com\/colegioccpa\" \/>\n<meta property=\"article:published_time\" content=\"2025-04-08T14:31:14+00:00\" \/>\n<meta property=\"article:modified_time\" content=\"2025-04-08T14:31:15+00:00\" \/>\n<meta property=\"og:image\" content=\"https:\/\/webdesign.freshlab.com.br\/ccpa\/wp-content\/uploads\/2025\/04\/carreirasblog.jpg\" \/>\n\t<meta property=\"og:image:width\" content=\"1500\" \/>\n\t<meta property=\"og:image:height\" content=\"780\" \/>\n\t<meta property=\"og:image:type\" content=\"image\/jpeg\" \/>\n<meta name=\"author\" content=\"CCPA\" \/>\n<meta name=\"twitter:card\" content=\"summary_large_image\" \/>\n<meta name=\"twitter:creator\" content=\"@colegio_ccpa\" \/>\n<meta name=\"twitter:site\" content=\"@colegio_ccpa\" \/>\n<meta name=\"twitter:label1\" content=\"Written by\" \/>\n\t<meta name=\"twitter:data1\" content=\"CCPA\" \/>\n\t<meta name=\"twitter:label2\" content=\"Est. reading time\" \/>\n\t<meta name=\"twitter:data2\" content=\"1 minuto\" \/>\n<script type=\"application\/ld+json\" class=\"yoast-schema-graph\">{\"@context\":\"https:\\\/\\\/schema.org\",\"@graph\":[{\"@type\":\"Article\",\"@id\":\"https:\\\/\\\/webdesign.freshlab.com.br\\\/ccpa\\\/projeto-carreiras-ccpa-realiza-feira-das-profissoes-em-parceria-com-a-unit\\\/#article\",\"isPartOf\":{\"@id\":\"https:\\\/\\\/webdesign.freshlab.com.br\\\/ccpa\\\/projeto-carreiras-ccpa-realiza-feira-das-profissoes-em-parceria-com-a-unit\\\/\"},\"author\":{\"name\":\"CCPA\",\"@id\":\"https:\\\/\\\/webdesign.freshlab.com.br\\\/ccpa\\\/#\\\/schema\\\/person\\\/db9da95383a87dd69dbcbc5948003d13\"},\"headline\":\"Projeto Carreiras: CCPA realiza Feira das Profiss\u00f5es em parceria com a Unit\",\"datePublished\":\"2025-04-08T14:31:14+00:00\",\"dateModified\":\"2025-04-08T14:31:15+00:00\",\"mainEntityOfPage\":{\"@id\":\"https:\\\/\\\/webdesign.freshlab.com.br\\\/ccpa\\\/projeto-carreiras-ccpa-realiza-feira-das-profissoes-em-parceria-com-a-unit\\\/\"},\"wordCount\":163,\"publisher\":{\"@id\":\"https:\\\/\\\/webdesign.freshlab.com.br\\\/ccpa\\\/#organization\"},\"image\":{\"@id\":\"https:\\\/\\\/webdesign.freshlab.com.br\\\/ccpa\\\/projeto-carreiras-ccpa-realiza-feira-das-profissoes-em-parceria-com-a-unit\\\/#primaryimage\"},\"thumbnailUrl\":\"https:\\\/\\\/webdesign.freshlab.com.br\\\/ccpa\\\/wp-content\\\/uploads\\\/2025\\\/04\\\/carreirasblog.jpg\",\"keywords\":[\"ccpa\",\"colegioccpa\",\"vestibular\"],\"articleSection\":[\"Eventos\"],\"inLanguage\":\"pt-BR\"},{\"@type\":\"WebPage\",\"@id\":\"https:\\\/\\\/webdesign.freshlab.com.br\\\/ccpa\\\/projeto-carreiras-ccpa-realiza-feira-das-profissoes-em-parceria-com-a-unit\\\/\",\"url\":\"https:\\\/\\\/webdesign.freshlab.com.br\\\/ccpa\\\/projeto-carreiras-ccpa-realiza-feira-das-profissoes-em-parceria-com-a-unit\\\/\",\"name\":\"Projeto Carreiras: CCPA realiza Feira das Profiss\u00f5es em parceria com a Unit - Col\u00e9gio CCPA\",\"isPartOf\":{\"@id\":\"https:\\\/\\\/webdesign.freshlab.com.br\\\/ccpa\\\/#website\"},\"primaryImageOfPage\":{\"@id\":\"https:\\\/\\\/webdesign.freshlab.com.br\\\/ccpa\\\/projeto-carreiras-ccpa-realiza-feira-das-profissoes-em-parceria-com-a-unit\\\/#primaryimage\"},\"image\":{\"@id\":\"https:\\\/\\\/webdesign.freshlab.com.br\\\/ccpa\\\/projeto-carreiras-ccpa-realiza-feira-das-profissoes-em-parceria-com-a-unit\\\/#primaryimage\"},\"thumbnailUrl\":\"https:\\\/\\\/webdesign.freshlab.com.br\\\/ccpa\\\/wp-content\\\/uploads\\\/2025\\\/04\\\/carreirasblog.jpg\",\"datePublished\":\"2025-04-08T14:31:14+00:00\",\"dateModified\":\"2025-04-08T14:31:15+00:00\",\"breadcrumb\":{\"@id\":\"https:\\\/\\\/webdesign.freshlab.com.br\\\/ccpa\\\/projeto-carreiras-ccpa-realiza-feira-das-profissoes-em-parceria-com-a-unit\\\/#breadcrumb\"},\"inLanguage\":\"pt-BR\",\"potentialAction\":[{\"@type\":\"ReadAction\",\"target\":[\"https:\\\/\\\/webdesign.freshlab.com.br\\\/ccpa\\\/projeto-carreiras-ccpa-realiza-feira-das-profissoes-em-parceria-com-a-unit\\\/\"]}]},{\"@type\":\"ImageObject\",\"inLanguage\":\"pt-BR\",\"@id\":\"https:\\\/\\\/webdesign.freshlab.com.br\\\/ccpa\\\/projeto-carreiras-ccpa-realiza-feira-das-profissoes-em-parceria-com-a-unit\\\/#primaryimage\",\"url\":\"https:\\\/\\\/webdesign.freshlab.com.br\\\/ccpa\\\/wp-content\\\/uploads\\\/2025\\\/04\\\/carreirasblog.jpg\",\"contentUrl\":\"https:\\\/\\\/webdesign.freshlab.com.br\\\/ccpa\\\/wp-content\\\/uploads\\\/2025\\\/04\\\/carreirasblog.jpg\",\"width\":1500,\"height\":780},{\"@type\":\"BreadcrumbList\",\"@id\":\"https:\\\/\\\/webdesign.freshlab.com.br\\\/ccpa\\\/projeto-carreiras-ccpa-realiza-feira-das-profissoes-em-parceria-com-a-unit\\\/#breadcrumb\",\"itemListElement\":[{\"@type\":\"ListItem\",\"position\":1,\"name\":\"In\u00edcio\",\"item\":\"https:\\\/\\\/webdesign.freshlab.com.br\\\/ccpa\\\/\"},{\"@type\":\"ListItem\",\"position\":2,\"name\":\"Projeto Carreiras: CCPA realiza Feira das Profiss\u00f5es em parceria com a Unit\"}]},{\"@type\":\"WebSite\",\"@id\":\"https:\\\/\\\/webdesign.freshlab.com.br\\\/ccpa\\\/#website\",\"url\":\"https:\\\/\\\/webdesign.freshlab.com.br\\\/ccpa\\\/\",\"name\":\"Col\u00e9gio CCPA\",\"description\":\"\",\"publisher\":{\"@id\":\"https:\\\/\\\/webdesign.freshlab.com.br\\\/ccpa\\\/#organization\"},\"potentialAction\":[{\"@type\":\"SearchAction\",\"target\":{\"@type\":\"EntryPoint\",\"urlTemplate\":\"https:\\\/\\\/webdesign.freshlab.com.br\\\/ccpa\\\/?s={search_term_string}\"},\"query-input\":{\"@type\":\"PropertyValueSpecification\",\"valueRequired\":true,\"valueName\":\"search_term_string\"}}],\"inLanguage\":\"pt-BR\"},{\"@type\":\"Organization\",\"@id\":\"https:\\\/\\\/webdesign.freshlab.com.br\\\/ccpa\\\/#organization\",\"name\":\"Col\u00e9gio CCPA\",\"url\":\"https:\\\/\\\/webdesign.freshlab.com.br\\\/ccpa\\\/\",\"logo\":{\"@type\":\"ImageObject\",\"inLanguage\":\"pt-BR\",\"@id\":\"https:\\\/\\\/webdesign.freshlab.com.br\\\/ccpa\\\/#\\\/schema\\\/logo\\\/image\\\/\",\"url\":\"https:\\\/\\\/webdesign.freshlab.com.br\\\/ccpa\\\/wp-content\\\/uploads\\\/2022\\\/11\\\/logo.svg\",\"contentUrl\":\"https:\\\/\\\/webdesign.freshlab.com.br\\\/ccpa\\\/wp-content\\\/uploads\\\/2022\\\/11\\\/logo.svg\",\"width\":147,\"height\":38,\"caption\":\"Col\u00e9gio CCPA\"},\"image\":{\"@id\":\"https:\\\/\\\/webdesign.freshlab.com.br\\\/ccpa\\\/#\\\/schema\\\/logo\\\/image\\\/\"},\"sameAs\":[\"https:\\\/\\\/www.facebook.com\\\/colegioccpa\",\"https:\\\/\\\/x.com\\\/colegio_ccpa\",\"https:\\\/\\\/www.tiktok.com\\\/@colegioccpa\",\"https:\\\/\\\/www.instagram.com\\\/colegio_ccpa\\\/\",\"https:\\\/\\\/www.linkedin.com\\\/company\\\/colgio-ccpa\",\"https:\\\/\\\/www.youtube.com\\\/user\\\/colegioccpa\"]},{\"@type\":\"Person\",\"@id\":\"https:\\\/\\\/webdesign.freshlab.com.br\\\/ccpa\\\/#\\\/schema\\\/person\\\/db9da95383a87dd69dbcbc5948003d13\",\"name\":\"CCPA\",\"url\":\"https:\\\/\\\/webdesign.freshlab.com.br\\\/ccpa\\\/author\\\/ccpa\\\/\"}]}<\/script>\n<!-- \/ Yoast SEO plugin. -->","yoast_head_json":{"title":"Projeto Carreiras: CCPA realiza Feira das Profiss\u00f5es em parceria com a Unit - Col\u00e9gio CCPA","robots":{"index":"index","follow":"follow","max-snippet":"max-snippet:-1","max-image-preview":"max-image-preview:large","max-video-preview":"max-video-preview:-1"},"canonical":"https:\/\/webdesign.freshlab.com.br\/ccpa\/projeto-carreiras-ccpa-realiza-feira-das-profissoes-em-parceria-com-a-unit\/","og_locale":"pt_BR","og_type":"article","og_title":"Projeto Carreiras: CCPA realiza Feira das Profiss\u00f5es em parceria com a Unit - Col\u00e9gio CCPA","og_description":"No \u00faltimo dia 2, estudantes do Ensino M\u00e9dio do CCPA tiveram a oportunidade de explorar o mundo das profiss\u00f5es e vivenciar experi\u00eancias de cada \u00e1rea em mais uma a\u00e7\u00e3o do Projeto Carreiras, que desta vez, em parceria com a Universidade Tiradentes (Unit), realizou a Feira das Profiss\u00f5es. Na oportunidade, foram montados estandes dos mais diversos [&hellip;]","og_url":"https:\/\/webdesign.freshlab.com.br\/ccpa\/projeto-carreiras-ccpa-realiza-feira-das-profissoes-em-parceria-com-a-unit\/","og_site_name":"Col\u00e9gio CCPA","article_publisher":"https:\/\/www.facebook.com\/colegioccpa","article_published_time":"2025-04-08T14:31:14+00:00","article_modified_time":"2025-04-08T14:31:15+00:00","og_image":[{"width":1500,"height":780,"url":"https:\/\/webdesign.freshlab.com.br\/ccpa\/wp-content\/uploads\/2025\/04\/carreirasblog.jpg","type":"image\/jpeg"}],"author":"CCPA","twitter_card":"summary_large_image","twitter_creator":"@colegio_ccpa","twitter_site":"@colegio_ccpa","twitter_misc":{"Written by":"CCPA","Est. reading time":"1 minuto"},"schema":{"@context":"https:\/\/schema.org","@graph":[{"@type":"Article","@id":"https:\/\/webdesign.freshlab.com.br\/ccpa\/projeto-carreiras-ccpa-realiza-feira-das-profissoes-em-parceria-com-a-unit\/#article","isPartOf":{"@id":"https:\/\/webdesign.freshlab.com.br\/ccpa\/projeto-carreiras-ccpa-realiza-feira-das-profissoes-em-parceria-com-a-unit\/"},"author":{"name":"CCPA","@id":"https:\/\/webdesign.freshlab.com.br\/ccpa\/#\/schema\/person\/db9da95383a87dd69dbcbc5948003d13"},"headline":"Projeto Carreiras: CCPA realiza Feira das Profiss\u00f5es em parceria com a Unit","datePublished":"2025-04-08T14:31:14+00:00","dateModified":"2025-04-08T14:31:15+00:00","mainEntityOfPage":{"@id":"https:\/\/webdesign.freshlab.com.br\/ccpa\/projeto-carreiras-ccpa-realiza-feira-das-profissoes-em-parceria-com-a-unit\/"},"wordCount":163,"publisher":{"@id":"https:\/\/webdesign.freshlab.com.br\/ccpa\/#organization"},"image":{"@id":"https:\/\/webdesign.freshlab.com.br\/ccpa\/projeto-carreiras-ccpa-realiza-feira-das-profissoes-em-parceria-com-a-unit\/#primaryimage"},"thumbnailUrl":"https:\/\/webdesign.freshlab.com.br\/ccpa\/wp-content\/uploads\/2025\/04\/carreirasblog.jpg","keywords":["ccpa","colegioccpa","vestibular"],"articleSection":["Eventos"],"inLanguage":"pt-BR"},{"@type":"WebPage","@id":"https:\/\/webdesign.freshlab.com.br\/ccpa\/projeto-carreiras-ccpa-realiza-feira-das-profissoes-em-parceria-com-a-unit\/","url":"https:\/\/webdesign.freshlab.com.br\/ccpa\/projeto-carreiras-ccpa-realiza-feira-das-profissoes-em-parceria-com-a-unit\/","name":"Projeto Carreiras: CCPA realiza Feira das Profiss\u00f5es em parceria com a Unit - Col\u00e9gio CCPA","isPartOf":{"@id":"https:\/\/webdesign.freshlab.com.br\/ccpa\/#website"},"primaryImageOfPage":{"@id":"https:\/\/webdesign.freshlab.com.br\/ccpa\/projeto-carreiras-ccpa-realiza-feira-das-profissoes-em-parceria-com-a-unit\/#primaryimage"},"image":{"@id":"https:\/\/webdesign.freshlab.com.br\/ccpa\/projeto-carreiras-ccpa-realiza-feira-das-profissoes-em-parceria-com-a-unit\/#primaryimage"},"thumbnailUrl":"https:\/\/webdesign.freshlab.com.br\/ccpa\/wp-content\/uploads\/2025\/04\/carreirasblog.jpg","datePublished":"2025-04-08T14:31:14+00:00","dateModified":"2025-04-08T14:31:15+00:00","breadcrumb":{"@id":"https:\/\/webdesign.freshlab.com.br\/ccpa\/projeto-carreiras-ccpa-realiza-feira-das-profissoes-em-parceria-com-a-unit\/#breadcrumb"},"inLanguage":"pt-BR","potentialAction":[{"@type":"ReadAction","target":["https:\/\/webdesign.freshlab.com.br\/ccpa\/projeto-carreiras-ccpa-realiza-feira-das-profissoes-em-parceria-com-a-unit\/"]}]},{"@type":"ImageObject","inLanguage":"pt-BR","@id":"https:\/\/webdesign.freshlab.com.br\/ccpa\/projeto-carreiras-ccpa-realiza-feira-das-profissoes-em-parceria-com-a-unit\/#primaryimage","url":"https:\/\/webdesign.freshlab.com.br\/ccpa\/wp-content\/uploads\/2025\/04\/carreirasblog.jpg","contentUrl":"https:\/\/webdesign.freshlab.com.br\/ccpa\/wp-content\/uploads\/2025\/04\/carreirasblog.jpg","width":1500,"height":780},{"@type":"BreadcrumbList","@id":"https:\/\/webdesign.freshlab.com.br\/ccpa\/projeto-carreiras-ccpa-realiza-feira-das-profissoes-em-parceria-com-a-unit\/#breadcrumb","itemListElement":[{"@type":"ListItem","position":1,"name":"In\u00edcio","item":"https:\/\/webdesign.freshlab.com.br\/ccpa\/"},{"@type":"ListItem","position":2,"name":"Projeto Carreiras: CCPA realiza Feira das Profiss\u00f5es em parceria com a Unit"}]},{"@type":"WebSite","@id":"https:\/\/webdesign.freshlab.com.br\/ccpa\/#website","url":"https:\/\/webdesign.freshlab.com.br\/ccpa\/","name":"Col\u00e9gio CCPA","description":"","publisher":{"@id":"https:\/\/webdesign.freshlab.com.br\/ccpa\/#organization"},"potentialAction":[{"@type":"SearchAction","target":{"@type":"EntryPoint","urlTemplate":"https:\/\/webdesign.freshlab.com.br\/ccpa\/?s={search_term_string}"},"query-input":{"@type":"PropertyValueSpecification","valueRequired":true,"valueName":"search_term_string"}}],"inLanguage":"pt-BR"},{"@type":"Organization","@id":"https:\/\/webdesign.freshlab.com.br\/ccpa\/#organization","name":"Col\u00e9gio CCPA","url":"https:\/\/webdesign.freshlab.com.br\/ccpa\/","logo":{"@type":"ImageObject","inLanguage":"pt-BR","@id":"https:\/\/webdesign.freshlab.com.br\/ccpa\/#\/schema\/logo\/image\/","url":"https:\/\/webdesign.freshlab.com.br\/ccpa\/wp-content\/uploads\/2022\/11\/logo.svg","contentUrl":"https:\/\/webdesign.freshlab.com.br\/ccpa\/wp-content\/uploads\/2022\/11\/logo.svg","width":147,"height":38,"caption":"Col\u00e9gio CCPA"},"image":{"@id":"https:\/\/webdesign.freshlab.com.br\/ccpa\/#\/schema\/logo\/image\/"},"sameAs":["https:\/\/www.facebook.com\/colegioccpa","https:\/\/x.com\/colegio_ccpa","https:\/\/www.tiktok.com\/@colegioccpa","https:\/\/www.instagram.com\/colegio_ccpa\/","https:\/\/www.linkedin.com\/company\/colgio-ccpa","https:\/\/www.youtube.com\/user\/colegioccpa"]},{"@type":"Person","@id":"https:\/\/webdesign.freshlab.com.br\/ccpa\/#\/schema\/person\/db9da95383a87dd69dbcbc5948003d13","name":"CCPA","url":"https:\/\/webdesign.freshlab.com.br\/ccpa\/author\/ccpa\/"}]}},"_links":{"self":[{"href":"https:\/\/webdesign.freshlab.com.br\/ccpa\/wp-json\/wp\/v2\/posts\/3242","targetHints":{"allow":["GET"]}}],"collection":[{"href":"https:\/\/webdesign.freshlab.com.br\/ccpa\/wp-json\/wp\/v2\/posts"}],"about":[{"href":"https:\/\/webdesign.freshlab.com.br\/ccpa\/wp-json\/wp\/v2\/types\/post"}],"author":[{"embeddable":true,"href":"https:\/\/webdesign.freshlab.com.br\/ccpa\/wp-json\/wp\/v2\/users\/2"}],"replies":[{"embeddable":true,"href":"https:\/\/webdesign.freshlab.com.br\/ccpa\/wp-json\/wp\/v2\/comments?post=3242"}],"version-history":[{"count":1,"href":"https:\/\/webdesign.freshlab.com.br\/ccpa\/wp-json\/wp\/v2\/posts\/3242\/revisions"}],"predecessor-version":[{"id":3244,"href":"https:\/\/webdesign.freshlab.com.br\/ccpa\/wp-json\/wp\/v2\/posts\/3242\/revisions\/3244"}],"wp:featuredmedia":[{"embeddable":true,"href":"https:\/\/webdesign.freshlab.com.br\/ccpa\/wp-json\/wp\/v2\/media\/3243"}],"wp:attachment":[{"href":"https:\/\/webdesign.freshlab.com.br\/ccpa\/wp-json\/wp\/v2\/media?parent=3242"}],"wp:term":[{"taxonomy":"category","embeddable":true,"href":"https:\/\/webdesign.freshlab.com.br\/ccpa\/wp-json\/wp\/v2\/categories?post=3242"},{"taxonomy":"post_tag","embeddable":true,"href":"https:\/\/webdesign.freshlab.com.br\/ccpa\/wp-json\/wp\/v2\/tags?post=3242"}],"curies":[{"name":"wp","href":"https:\/\/api.w.org\/{rel}","templated":true}]}}