{"id":3296,"date":"2025-05-22T19:06:30","date_gmt":"2025-05-22T19:06:30","guid":{"rendered":"https:\/\/ccpa.com.br\/?p=3296"},"modified":"2025-05-22T19:11:01","modified_gmt":"2025-05-22T19:11:01","slug":"educacao-infantil-do-ccpa-inicia-o-projeto-caminhos-da-fala","status":"publish","type":"post","link":"https:\/\/webdesign.freshlab.com.br\/ccpa\/educacao-infantil-do-ccpa-inicia-o-projeto-caminhos-da-fala\/","title":{"rendered":"Educa\u00e7\u00e3o Infantil do CCPA inicia o projeto \u2018Caminhos da Fala\u2019"},"content":{"rendered":"\n<p><\/p>\n\n\n\n<p>A iniciativa tem o intuito de acompanhar e estimular o desenvolvimento da comunica\u00e7\u00e3o das crian\u00e7as<\/p>\n\n\n\n<p>A Educa\u00e7\u00e3o Infantil do CCPA est\u00e1 recheada de novidades para tornar o aprendizado na primeira inf\u00e2ncia ainda mais prazeroso e cheio de boas descobertas. Agora sob a coordena\u00e7\u00e3o da professora Jamile Aguiar, novos projetos e atividades est\u00e3o sendo implementados com o objetivo de estimular o desenvolvimento integral da crian\u00e7a, abrangendo os aspectos f\u00edsicos, psicol\u00f3gicos, intelectuais e sociais, atrav\u00e9s de atividades l\u00fadicas e de cuidado. Prova disso, \u00e9 a aquisi\u00e7\u00e3o de novos brinquedos; realiza\u00e7\u00e3o de viv\u00eancias como a de planta\u00e7\u00e3o de sementes; aulas de culin\u00e1ria e tamb\u00e9m acompanhamento com fonoaudi\u00f3loga.<\/p>\n\n\n\n<p>\u201cEstamos iniciando o projeto fonoaudiol\u00f3gico \u2018Caminhos da Fala\u2019, com a fonoaudi\u00f3loga Thais Bittencourt. Essa iniciativa tem o intuito de acompanhar e estimular o desenvolvimento da comunica\u00e7\u00e3o das nossas crian\u00e7as, promovendo a\u00e7\u00f5es preventivas e interventivas no processo da fala e linguagem. Recentemente, as crian\u00e7as do G5 viveram a experi\u00eancia da \"Minha Hortinha\", em que plantaram folhas, a exemplo de salsa e coentro em garrafas pet, e levar\u00e3o para casa. E, a partir do segundo semestre, teremos aulas de culin\u00e1ria com a nutricionista da escola, Paula Carvalho no nosso programa de Educa\u00e7\u00e3o Integral, que \u00e9 o Mais CCPA, realizado no contraturno escolar, e que possui uma diversidade de atividades que ajudam no desenvolvimento da crian\u00e7a\u201d, destacou a coordenadora Jamile Aguiar.<\/p>\n\n\n\n<p>E para al\u00e9m das atividades escolares, Jamile ressalta a moderniza\u00e7\u00e3o da estrutura para melhor acolher os alunos, bem como a maior proximidade e interlocu\u00e7\u00e3o com todo o corpo docente para atender as necessidades de cada crian\u00e7a. \u201cMantemos a nossa ess\u00eancia que \u00e9 educar de maneira acolhedora e inovadora para que a crian\u00e7a tenha o conhecimento e aprendizado para o melhor desenvolvimento pessoal e profissional. Assim, estamos tornando o nosso ambiente ainda mais acolhedor, divertido e encantador para as crian\u00e7as e pais, os quais devem se sentir seguros e confiantes no cuidado que n\u00f3s, professores, temos com seus filhos. Ent\u00e3o, desde a qualifica\u00e7\u00e3o do nosso corpo docente \u00e0 estrutura de cada espa\u00e7o nosso \u00e9 pensado e projetado para uma educa\u00e7\u00e3o de qualidade e desenvolvimento integral dos nossos alunos\u201d, disse.<\/p>\n","protected":false},"excerpt":{"rendered":"<p>A iniciativa tem o intuito de acompanhar e estimular o desenvolvimento da comunica\u00e7\u00e3o das crian\u00e7as A Educa\u00e7\u00e3o Infantil do CCPA est\u00e1 recheada de novidades para tornar o aprendizado na primeira inf\u00e2ncia ainda mais prazeroso e cheio de boas descobertas. Agora sob a coordena\u00e7\u00e3o da professora Jamile Aguiar, novos projetos e atividades est\u00e3o sendo implementados com [&hellip;]<\/p>\n","protected":false},"author":2,"featured_media":3298,"comment_status":"closed","ping_status":"closed","sticky":false,"template":"","format":"standard","meta":{"inline_featured_image":false,"footnotes":""},"categories":[9,40],"tags":[15,14,138,42],"class_list":["post-3296","post","type-post","status-publish","format-standard","has-post-thumbnail","hentry","category-ensino-infantil","category-mais-ccpa","tag-ccpa","tag-colegioccpa","tag-fono","tag-infantil"],"acf":[],"yoast_head":"<!-- This site is optimized with the Yoast SEO plugin v27.3 - https:\/\/yoast.com\/product\/yoast-seo-wordpress\/ -->\n<title>Educa\u00e7\u00e3o Infantil do CCPA inicia o projeto \u2018Caminhos da Fala\u2019 - Col\u00e9gio CCPA<\/title>\n<meta name=\"robots\" content=\"index, follow, max-snippet:-1, max-image-preview:large, max-video-preview:-1\" \/>\n<link rel=\"canonical\" href=\"https:\/\/webdesign.freshlab.com.br\/ccpa\/educacao-infantil-do-ccpa-inicia-o-projeto-caminhos-da-fala\/\" \/>\n<meta property=\"og:locale\" content=\"pt_BR\" \/>\n<meta property=\"og:type\" content=\"article\" \/>\n<meta property=\"og:title\" content=\"Educa\u00e7\u00e3o Infantil do CCPA inicia o projeto \u2018Caminhos da Fala\u2019 - Col\u00e9gio CCPA\" \/>\n<meta property=\"og:description\" content=\"A iniciativa tem o intuito de acompanhar e estimular o desenvolvimento da comunica\u00e7\u00e3o das crian\u00e7as A Educa\u00e7\u00e3o Infantil do CCPA est\u00e1 recheada de novidades para tornar o aprendizado na primeira inf\u00e2ncia ainda mais prazeroso e cheio de boas descobertas. Agora sob a coordena\u00e7\u00e3o da professora Jamile Aguiar, novos projetos e atividades est\u00e3o sendo implementados com [&hellip;]\" \/>\n<meta property=\"og:url\" content=\"https:\/\/webdesign.freshlab.com.br\/ccpa\/educacao-infantil-do-ccpa-inicia-o-projeto-caminhos-da-fala\/\" \/>\n<meta property=\"og:site_name\" content=\"Col\u00e9gio CCPA\" \/>\n<meta property=\"article:publisher\" content=\"https:\/\/www.facebook.com\/colegioccpa\" \/>\n<meta property=\"article:published_time\" content=\"2025-05-22T19:06:30+00:00\" \/>\n<meta property=\"article:modified_time\" content=\"2025-05-22T19:11:01+00:00\" \/>\n<meta property=\"og:image\" content=\"https:\/\/webdesign.freshlab.com.br\/ccpa\/wp-content\/uploads\/2025\/05\/IMG_2116-2.jpg\" \/>\n\t<meta property=\"og:image:width\" content=\"1000\" \/>\n\t<meta property=\"og:image:height\" content=\"502\" \/>\n\t<meta property=\"og:image:type\" content=\"image\/jpeg\" \/>\n<meta name=\"author\" content=\"CCPA\" \/>\n<meta name=\"twitter:card\" content=\"summary_large_image\" \/>\n<meta name=\"twitter:creator\" content=\"@colegio_ccpa\" \/>\n<meta name=\"twitter:site\" content=\"@colegio_ccpa\" \/>\n<meta name=\"twitter:label1\" content=\"Written by\" \/>\n\t<meta name=\"twitter:data1\" content=\"CCPA\" \/>\n\t<meta name=\"twitter:label2\" content=\"Est. reading time\" \/>\n\t<meta name=\"twitter:data2\" content=\"3 minutos\" \/>\n<script type=\"application\/ld+json\" class=\"yoast-schema-graph\">{\"@context\":\"https:\\\/\\\/schema.org\",\"@graph\":[{\"@type\":\"Article\",\"@id\":\"https:\\\/\\\/webdesign.freshlab.com.br\\\/ccpa\\\/educacao-infantil-do-ccpa-inicia-o-projeto-caminhos-da-fala\\\/#article\",\"isPartOf\":{\"@id\":\"https:\\\/\\\/webdesign.freshlab.com.br\\\/ccpa\\\/educacao-infantil-do-ccpa-inicia-o-projeto-caminhos-da-fala\\\/\"},\"author\":{\"name\":\"CCPA\",\"@id\":\"https:\\\/\\\/webdesign.freshlab.com.br\\\/ccpa\\\/#\\\/schema\\\/person\\\/db9da95383a87dd69dbcbc5948003d13\"},\"headline\":\"Educa\u00e7\u00e3o Infantil do CCPA inicia o projeto \u2018Caminhos da Fala\u2019\",\"datePublished\":\"2025-05-22T19:06:30+00:00\",\"dateModified\":\"2025-05-22T19:11:01+00:00\",\"mainEntityOfPage\":{\"@id\":\"https:\\\/\\\/webdesign.freshlab.com.br\\\/ccpa\\\/educacao-infantil-do-ccpa-inicia-o-projeto-caminhos-da-fala\\\/\"},\"wordCount\":397,\"publisher\":{\"@id\":\"https:\\\/\\\/webdesign.freshlab.com.br\\\/ccpa\\\/#organization\"},\"image\":{\"@id\":\"https:\\\/\\\/webdesign.freshlab.com.br\\\/ccpa\\\/educacao-infantil-do-ccpa-inicia-o-projeto-caminhos-da-fala\\\/#primaryimage\"},\"thumbnailUrl\":\"https:\\\/\\\/webdesign.freshlab.com.br\\\/ccpa\\\/wp-content\\\/uploads\\\/2025\\\/05\\\/IMG_2116-2.jpg\",\"keywords\":[\"ccpa\",\"colegioccpa\",\"fono\",\"infantil\"],\"articleSection\":[\"Ensino Infantil\",\"Mais CCPA\"],\"inLanguage\":\"pt-BR\"},{\"@type\":\"WebPage\",\"@id\":\"https:\\\/\\\/webdesign.freshlab.com.br\\\/ccpa\\\/educacao-infantil-do-ccpa-inicia-o-projeto-caminhos-da-fala\\\/\",\"url\":\"https:\\\/\\\/webdesign.freshlab.com.br\\\/ccpa\\\/educacao-infantil-do-ccpa-inicia-o-projeto-caminhos-da-fala\\\/\",\"name\":\"Educa\u00e7\u00e3o Infantil do CCPA inicia o projeto \u2018Caminhos da Fala\u2019 - Col\u00e9gio CCPA\",\"isPartOf\":{\"@id\":\"https:\\\/\\\/webdesign.freshlab.com.br\\\/ccpa\\\/#website\"},\"primaryImageOfPage\":{\"@id\":\"https:\\\/\\\/webdesign.freshlab.com.br\\\/ccpa\\\/educacao-infantil-do-ccpa-inicia-o-projeto-caminhos-da-fala\\\/#primaryimage\"},\"image\":{\"@id\":\"https:\\\/\\\/webdesign.freshlab.com.br\\\/ccpa\\\/educacao-infantil-do-ccpa-inicia-o-projeto-caminhos-da-fala\\\/#primaryimage\"},\"thumbnailUrl\":\"https:\\\/\\\/webdesign.freshlab.com.br\\\/ccpa\\\/wp-content\\\/uploads\\\/2025\\\/05\\\/IMG_2116-2.jpg\",\"datePublished\":\"2025-05-22T19:06:30+00:00\",\"dateModified\":\"2025-05-22T19:11:01+00:00\",\"breadcrumb\":{\"@id\":\"https:\\\/\\\/webdesign.freshlab.com.br\\\/ccpa\\\/educacao-infantil-do-ccpa-inicia-o-projeto-caminhos-da-fala\\\/#breadcrumb\"},\"inLanguage\":\"pt-BR\",\"potentialAction\":[{\"@type\":\"ReadAction\",\"target\":[\"https:\\\/\\\/webdesign.freshlab.com.br\\\/ccpa\\\/educacao-infantil-do-ccpa-inicia-o-projeto-caminhos-da-fala\\\/\"]}]},{\"@type\":\"ImageObject\",\"inLanguage\":\"pt-BR\",\"@id\":\"https:\\\/\\\/webdesign.freshlab.com.br\\\/ccpa\\\/educacao-infantil-do-ccpa-inicia-o-projeto-caminhos-da-fala\\\/#primaryimage\",\"url\":\"https:\\\/\\\/webdesign.freshlab.com.br\\\/ccpa\\\/wp-content\\\/uploads\\\/2025\\\/05\\\/IMG_2116-2.jpg\",\"contentUrl\":\"https:\\\/\\\/webdesign.freshlab.com.br\\\/ccpa\\\/wp-content\\\/uploads\\\/2025\\\/05\\\/IMG_2116-2.jpg\",\"width\":1000,\"height\":502},{\"@type\":\"BreadcrumbList\",\"@id\":\"https:\\\/\\\/webdesign.freshlab.com.br\\\/ccpa\\\/educacao-infantil-do-ccpa-inicia-o-projeto-caminhos-da-fala\\\/#breadcrumb\",\"itemListElement\":[{\"@type\":\"ListItem\",\"position\":1,\"name\":\"In\u00edcio\",\"item\":\"https:\\\/\\\/webdesign.freshlab.com.br\\\/ccpa\\\/\"},{\"@type\":\"ListItem\",\"position\":2,\"name\":\"Educa\u00e7\u00e3o Infantil do CCPA inicia o projeto \u2018Caminhos da Fala\u2019\"}]},{\"@type\":\"WebSite\",\"@id\":\"https:\\\/\\\/webdesign.freshlab.com.br\\\/ccpa\\\/#website\",\"url\":\"https:\\\/\\\/webdesign.freshlab.com.br\\\/ccpa\\\/\",\"name\":\"Col\u00e9gio CCPA\",\"description\":\"\",\"publisher\":{\"@id\":\"https:\\\/\\\/webdesign.freshlab.com.br\\\/ccpa\\\/#organization\"},\"potentialAction\":[{\"@type\":\"SearchAction\",\"target\":{\"@type\":\"EntryPoint\",\"urlTemplate\":\"https:\\\/\\\/webdesign.freshlab.com.br\\\/ccpa\\\/?s={search_term_string}\"},\"query-input\":{\"@type\":\"PropertyValueSpecification\",\"valueRequired\":true,\"valueName\":\"search_term_string\"}}],\"inLanguage\":\"pt-BR\"},{\"@type\":\"Organization\",\"@id\":\"https:\\\/\\\/webdesign.freshlab.com.br\\\/ccpa\\\/#organization\",\"name\":\"Col\u00e9gio CCPA\",\"url\":\"https:\\\/\\\/webdesign.freshlab.com.br\\\/ccpa\\\/\",\"logo\":{\"@type\":\"ImageObject\",\"inLanguage\":\"pt-BR\",\"@id\":\"https:\\\/\\\/webdesign.freshlab.com.br\\\/ccpa\\\/#\\\/schema\\\/logo\\\/image\\\/\",\"url\":\"https:\\\/\\\/webdesign.freshlab.com.br\\\/ccpa\\\/wp-content\\\/uploads\\\/2022\\\/11\\\/logo.svg\",\"contentUrl\":\"https:\\\/\\\/webdesign.freshlab.com.br\\\/ccpa\\\/wp-content\\\/uploads\\\/2022\\\/11\\\/logo.svg\",\"width\":147,\"height\":38,\"caption\":\"Col\u00e9gio CCPA\"},\"image\":{\"@id\":\"https:\\\/\\\/webdesign.freshlab.com.br\\\/ccpa\\\/#\\\/schema\\\/logo\\\/image\\\/\"},\"sameAs\":[\"https:\\\/\\\/www.facebook.com\\\/colegioccpa\",\"https:\\\/\\\/x.com\\\/colegio_ccpa\",\"https:\\\/\\\/www.tiktok.com\\\/@colegioccpa\",\"https:\\\/\\\/www.instagram.com\\\/colegio_ccpa\\\/\",\"https:\\\/\\\/www.linkedin.com\\\/company\\\/colgio-ccpa\",\"https:\\\/\\\/www.youtube.com\\\/user\\\/colegioccpa\"]},{\"@type\":\"Person\",\"@id\":\"https:\\\/\\\/webdesign.freshlab.com.br\\\/ccpa\\\/#\\\/schema\\\/person\\\/db9da95383a87dd69dbcbc5948003d13\",\"name\":\"CCPA\",\"url\":\"https:\\\/\\\/webdesign.freshlab.com.br\\\/ccpa\\\/author\\\/ccpa\\\/\"}]}<\/script>\n<!-- \/ Yoast SEO plugin. -->","yoast_head_json":{"title":"Educa\u00e7\u00e3o Infantil do CCPA inicia o projeto \u2018Caminhos da Fala\u2019 - Col\u00e9gio CCPA","robots":{"index":"index","follow":"follow","max-snippet":"max-snippet:-1","max-image-preview":"max-image-preview:large","max-video-preview":"max-video-preview:-1"},"canonical":"https:\/\/webdesign.freshlab.com.br\/ccpa\/educacao-infantil-do-ccpa-inicia-o-projeto-caminhos-da-fala\/","og_locale":"pt_BR","og_type":"article","og_title":"Educa\u00e7\u00e3o Infantil do CCPA inicia o projeto \u2018Caminhos da Fala\u2019 - Col\u00e9gio CCPA","og_description":"A iniciativa tem o intuito de acompanhar e estimular o desenvolvimento da comunica\u00e7\u00e3o das crian\u00e7as A Educa\u00e7\u00e3o Infantil do CCPA est\u00e1 recheada de novidades para tornar o aprendizado na primeira inf\u00e2ncia ainda mais prazeroso e cheio de boas descobertas. Agora sob a coordena\u00e7\u00e3o da professora Jamile Aguiar, novos projetos e atividades est\u00e3o sendo implementados com [&hellip;]","og_url":"https:\/\/webdesign.freshlab.com.br\/ccpa\/educacao-infantil-do-ccpa-inicia-o-projeto-caminhos-da-fala\/","og_site_name":"Col\u00e9gio CCPA","article_publisher":"https:\/\/www.facebook.com\/colegioccpa","article_published_time":"2025-05-22T19:06:30+00:00","article_modified_time":"2025-05-22T19:11:01+00:00","og_image":[{"width":1000,"height":502,"url":"https:\/\/webdesign.freshlab.com.br\/ccpa\/wp-content\/uploads\/2025\/05\/IMG_2116-2.jpg","type":"image\/jpeg"}],"author":"CCPA","twitter_card":"summary_large_image","twitter_creator":"@colegio_ccpa","twitter_site":"@colegio_ccpa","twitter_misc":{"Written by":"CCPA","Est. reading time":"3 minutos"},"schema":{"@context":"https:\/\/schema.org","@graph":[{"@type":"Article","@id":"https:\/\/webdesign.freshlab.com.br\/ccpa\/educacao-infantil-do-ccpa-inicia-o-projeto-caminhos-da-fala\/#article","isPartOf":{"@id":"https:\/\/webdesign.freshlab.com.br\/ccpa\/educacao-infantil-do-ccpa-inicia-o-projeto-caminhos-da-fala\/"},"author":{"name":"CCPA","@id":"https:\/\/webdesign.freshlab.com.br\/ccpa\/#\/schema\/person\/db9da95383a87dd69dbcbc5948003d13"},"headline":"Educa\u00e7\u00e3o Infantil do CCPA inicia o projeto \u2018Caminhos da Fala\u2019","datePublished":"2025-05-22T19:06:30+00:00","dateModified":"2025-05-22T19:11:01+00:00","mainEntityOfPage":{"@id":"https:\/\/webdesign.freshlab.com.br\/ccpa\/educacao-infantil-do-ccpa-inicia-o-projeto-caminhos-da-fala\/"},"wordCount":397,"publisher":{"@id":"https:\/\/webdesign.freshlab.com.br\/ccpa\/#organization"},"image":{"@id":"https:\/\/webdesign.freshlab.com.br\/ccpa\/educacao-infantil-do-ccpa-inicia-o-projeto-caminhos-da-fala\/#primaryimage"},"thumbnailUrl":"https:\/\/webdesign.freshlab.com.br\/ccpa\/wp-content\/uploads\/2025\/05\/IMG_2116-2.jpg","keywords":["ccpa","colegioccpa","fono","infantil"],"articleSection":["Ensino Infantil","Mais CCPA"],"inLanguage":"pt-BR"},{"@type":"WebPage","@id":"https:\/\/webdesign.freshlab.com.br\/ccpa\/educacao-infantil-do-ccpa-inicia-o-projeto-caminhos-da-fala\/","url":"https:\/\/webdesign.freshlab.com.br\/ccpa\/educacao-infantil-do-ccpa-inicia-o-projeto-caminhos-da-fala\/","name":"Educa\u00e7\u00e3o Infantil do CCPA inicia o projeto \u2018Caminhos da Fala\u2019 - Col\u00e9gio CCPA","isPartOf":{"@id":"https:\/\/webdesign.freshlab.com.br\/ccpa\/#website"},"primaryImageOfPage":{"@id":"https:\/\/webdesign.freshlab.com.br\/ccpa\/educacao-infantil-do-ccpa-inicia-o-projeto-caminhos-da-fala\/#primaryimage"},"image":{"@id":"https:\/\/webdesign.freshlab.com.br\/ccpa\/educacao-infantil-do-ccpa-inicia-o-projeto-caminhos-da-fala\/#primaryimage"},"thumbnailUrl":"https:\/\/webdesign.freshlab.com.br\/ccpa\/wp-content\/uploads\/2025\/05\/IMG_2116-2.jpg","datePublished":"2025-05-22T19:06:30+00:00","dateModified":"2025-05-22T19:11:01+00:00","breadcrumb":{"@id":"https:\/\/webdesign.freshlab.com.br\/ccpa\/educacao-infantil-do-ccpa-inicia-o-projeto-caminhos-da-fala\/#breadcrumb"},"inLanguage":"pt-BR","potentialAction":[{"@type":"ReadAction","target":["https:\/\/webdesign.freshlab.com.br\/ccpa\/educacao-infantil-do-ccpa-inicia-o-projeto-caminhos-da-fala\/"]}]},{"@type":"ImageObject","inLanguage":"pt-BR","@id":"https:\/\/webdesign.freshlab.com.br\/ccpa\/educacao-infantil-do-ccpa-inicia-o-projeto-caminhos-da-fala\/#primaryimage","url":"https:\/\/webdesign.freshlab.com.br\/ccpa\/wp-content\/uploads\/2025\/05\/IMG_2116-2.jpg","contentUrl":"https:\/\/webdesign.freshlab.com.br\/ccpa\/wp-content\/uploads\/2025\/05\/IMG_2116-2.jpg","width":1000,"height":502},{"@type":"BreadcrumbList","@id":"https:\/\/webdesign.freshlab.com.br\/ccpa\/educacao-infantil-do-ccpa-inicia-o-projeto-caminhos-da-fala\/#breadcrumb","itemListElement":[{"@type":"ListItem","position":1,"name":"In\u00edcio","item":"https:\/\/webdesign.freshlab.com.br\/ccpa\/"},{"@type":"ListItem","position":2,"name":"Educa\u00e7\u00e3o Infantil do CCPA inicia o projeto \u2018Caminhos da Fala\u2019"}]},{"@type":"WebSite","@id":"https:\/\/webdesign.freshlab.com.br\/ccpa\/#website","url":"https:\/\/webdesign.freshlab.com.br\/ccpa\/","name":"Col\u00e9gio CCPA","description":"","publisher":{"@id":"https:\/\/webdesign.freshlab.com.br\/ccpa\/#organization"},"potentialAction":[{"@type":"SearchAction","target":{"@type":"EntryPoint","urlTemplate":"https:\/\/webdesign.freshlab.com.br\/ccpa\/?s={search_term_string}"},"query-input":{"@type":"PropertyValueSpecification","valueRequired":true,"valueName":"search_term_string"}}],"inLanguage":"pt-BR"},{"@type":"Organization","@id":"https:\/\/webdesign.freshlab.com.br\/ccpa\/#organization","name":"Col\u00e9gio CCPA","url":"https:\/\/webdesign.freshlab.com.br\/ccpa\/","logo":{"@type":"ImageObject","inLanguage":"pt-BR","@id":"https:\/\/webdesign.freshlab.com.br\/ccpa\/#\/schema\/logo\/image\/","url":"https:\/\/webdesign.freshlab.com.br\/ccpa\/wp-content\/uploads\/2022\/11\/logo.svg","contentUrl":"https:\/\/webdesign.freshlab.com.br\/ccpa\/wp-content\/uploads\/2022\/11\/logo.svg","width":147,"height":38,"caption":"Col\u00e9gio CCPA"},"image":{"@id":"https:\/\/webdesign.freshlab.com.br\/ccpa\/#\/schema\/logo\/image\/"},"sameAs":["https:\/\/www.facebook.com\/colegioccpa","https:\/\/x.com\/colegio_ccpa","https:\/\/www.tiktok.com\/@colegioccpa","https:\/\/www.instagram.com\/colegio_ccpa\/","https:\/\/www.linkedin.com\/company\/colgio-ccpa","https:\/\/www.youtube.com\/user\/colegioccpa"]},{"@type":"Person","@id":"https:\/\/webdesign.freshlab.com.br\/ccpa\/#\/schema\/person\/db9da95383a87dd69dbcbc5948003d13","name":"CCPA","url":"https:\/\/webdesign.freshlab.com.br\/ccpa\/author\/ccpa\/"}]}},"_links":{"self":[{"href":"https:\/\/webdesign.freshlab.com.br\/ccpa\/wp-json\/wp\/v2\/posts\/3296","targetHints":{"allow":["GET"]}}],"collection":[{"href":"https:\/\/webdesign.freshlab.com.br\/ccpa\/wp-json\/wp\/v2\/posts"}],"about":[{"href":"https:\/\/webdesign.freshlab.com.br\/ccpa\/wp-json\/wp\/v2\/types\/post"}],"author":[{"embeddable":true,"href":"https:\/\/webdesign.freshlab.com.br\/ccpa\/wp-json\/wp\/v2\/users\/2"}],"replies":[{"embeddable":true,"href":"https:\/\/webdesign.freshlab.com.br\/ccpa\/wp-json\/wp\/v2\/comments?post=3296"}],"version-history":[{"count":1,"href":"https:\/\/webdesign.freshlab.com.br\/ccpa\/wp-json\/wp\/v2\/posts\/3296\/revisions"}],"predecessor-version":[{"id":3297,"href":"https:\/\/webdesign.freshlab.com.br\/ccpa\/wp-json\/wp\/v2\/posts\/3296\/revisions\/3297"}],"wp:featuredmedia":[{"embeddable":true,"href":"https:\/\/webdesign.freshlab.com.br\/ccpa\/wp-json\/wp\/v2\/media\/3298"}],"wp:attachment":[{"href":"https:\/\/webdesign.freshlab.com.br\/ccpa\/wp-json\/wp\/v2\/media?parent=3296"}],"wp:term":[{"taxonomy":"category","embeddable":true,"href":"https:\/\/webdesign.freshlab.com.br\/ccpa\/wp-json\/wp\/v2\/categories?post=3296"},{"taxonomy":"post_tag","embeddable":true,"href":"https:\/\/webdesign.freshlab.com.br\/ccpa\/wp-json\/wp\/v2\/tags?post=3296"}],"curies":[{"name":"wp","href":"https:\/\/api.w.org\/{rel}","templated":true}]}}