{"id":3327,"date":"2025-05-29T19:29:48","date_gmt":"2025-05-29T19:29:48","guid":{"rendered":"https:\/\/ccpa.com.br\/?p=3327"},"modified":"2025-05-29T19:29:49","modified_gmt":"2025-05-29T19:29:49","slug":"festa-junina-ccpa-homenageia-novelas-nordestinas","status":"publish","type":"post","link":"https:\/\/webdesign.freshlab.com.br\/ccpa\/festa-junina-ccpa-homenageia-novelas-nordestinas\/","title":{"rendered":"Festa Junina CCPA homenageia novelas nordestinas"},"content":{"rendered":"\n<p><em>O tradicional arrai\u00e1 acontecer\u00e1 no pr\u00f3ximo dia 10, na quadra esportiva da escola&nbsp;<\/em><\/p>\n\n\n\n<p>O m\u00eas de junho j\u00e1 \u00e9 logo ali e o CCPA respira os festejos juninos desde mar\u00e7o, quando iniciou os ensaios da tradicional Festa Junina, que este ano tem como tema \u2018Nordeste: a arte encena, a vida ensina\u2019, um verdadeiro convite \u00e0 tradi\u00e7\u00e3o, arte e identidade cultural. E num passeio pela teledramaturgia brasileira, alunos e professores ser\u00e3o embalados por grandes sucessos musicais que foram temas de novelas nordestinas no grande arrai\u00e1 que acontece no pr\u00f3ximo dia 10, na quadra esportiva da escola.<\/p>\n\n\n\n<p>Com hist\u00f3rias marcantes, cores vibrantes e personagens inesquec\u00edveis, as narrativas que encantaram o Brasil e celebraram a riqueza do nordeste ganharam o farfalhar dos vestidos juninos .<\/p>\n\n\n\n<p>\u201cAs novelas ambientadas no Nordeste sempre trouxeram em seus enredos a for\u00e7a, a poesia e a resist\u00eancia do nosso povo. Por isso, decidimos homenagear essas produ\u00e7\u00f5es por meio da dan\u00e7a, da m\u00fasica e da express\u00e3o c\u00eanica.\u201d, disse Sabrina Amorim - Coordenadora de eventos.&nbsp;<\/p>\n\n\n\n<p>Refor\u00e7ando a import\u00e2ncia do processo criativo e executivo de montagem da Festa Junina do CCPA, a linha pedag\u00f3gica destaca a ideia de pertencimento \u00e0 regi\u00e3o, com as novelas. Ser\u00e1 uma experi\u00eancia emocionante e transformadora, que reafirma o poder da arte como ferramenta de mem\u00f3ria, identidade e pertencimento. E acima de tudo, ser\u00e1 uma grande celebra\u00e7\u00e3o da nossa festa junina, t\u00e3o rica, t\u00e3o nossa, agora iluminada por novas camadas de significado.<\/p>\n","protected":false},"excerpt":{"rendered":"<p>O tradicional arrai\u00e1 acontecer\u00e1 no pr\u00f3ximo dia 10, na quadra esportiva da escola&nbsp; O m\u00eas de junho j\u00e1 \u00e9 logo ali e o CCPA respira os festejos juninos desde mar\u00e7o, quando iniciou os ensaios da tradicional Festa Junina, que este ano tem como tema \u2018Nordeste: a arte encena, a vida ensina\u2019, um verdadeiro convite \u00e0 [&hellip;]<\/p>\n","protected":false},"author":2,"featured_media":3328,"comment_status":"closed","ping_status":"closed","sticky":false,"template":"","format":"standard","meta":{"inline_featured_image":false,"footnotes":""},"categories":[11,9,10,8],"tags":[15,14,74,70,43],"class_list":["post-3327","post","type-post","status-publish","format-standard","has-post-thumbnail","hentry","category-ensino-fundamental","category-ensino-infantil","category-ensino-medio","category-eventos","tag-ccpa","tag-colegioccpa","tag-educacao-infantil","tag-ensino-medio","tag-fundamental"],"acf":[],"yoast_head":"<!-- This site is optimized with the Yoast SEO plugin v27.3 - https:\/\/yoast.com\/product\/yoast-seo-wordpress\/ -->\n<title>Festa Junina CCPA homenageia novelas nordestinas - Col\u00e9gio CCPA<\/title>\n<meta name=\"robots\" content=\"index, follow, max-snippet:-1, max-image-preview:large, max-video-preview:-1\" \/>\n<link rel=\"canonical\" href=\"https:\/\/webdesign.freshlab.com.br\/ccpa\/festa-junina-ccpa-homenageia-novelas-nordestinas\/\" \/>\n<meta property=\"og:locale\" content=\"pt_BR\" \/>\n<meta property=\"og:type\" content=\"article\" \/>\n<meta property=\"og:title\" content=\"Festa Junina CCPA homenageia novelas nordestinas - Col\u00e9gio CCPA\" \/>\n<meta property=\"og:description\" content=\"O tradicional arrai\u00e1 acontecer\u00e1 no pr\u00f3ximo dia 10, na quadra esportiva da escola&nbsp; O m\u00eas de junho j\u00e1 \u00e9 logo ali e o CCPA respira os festejos juninos desde mar\u00e7o, quando iniciou os ensaios da tradicional Festa Junina, que este ano tem como tema \u2018Nordeste: a arte encena, a vida ensina\u2019, um verdadeiro convite \u00e0 [&hellip;]\" \/>\n<meta property=\"og:url\" content=\"https:\/\/webdesign.freshlab.com.br\/ccpa\/festa-junina-ccpa-homenageia-novelas-nordestinas\/\" \/>\n<meta property=\"og:site_name\" content=\"Col\u00e9gio CCPA\" \/>\n<meta property=\"article:publisher\" content=\"https:\/\/www.facebook.com\/colegioccpa\" \/>\n<meta property=\"article:published_time\" content=\"2025-05-29T19:29:48+00:00\" \/>\n<meta property=\"article:modified_time\" content=\"2025-05-29T19:29:49+00:00\" \/>\n<meta property=\"og:image\" content=\"https:\/\/webdesign.freshlab.com.br\/ccpa\/wp-content\/uploads\/2025\/05\/140318.jpg\" \/>\n\t<meta property=\"og:image:width\" content=\"1500\" \/>\n\t<meta property=\"og:image:height\" content=\"841\" \/>\n\t<meta property=\"og:image:type\" content=\"image\/jpeg\" \/>\n<meta name=\"author\" content=\"CCPA\" \/>\n<meta name=\"twitter:card\" content=\"summary_large_image\" \/>\n<meta name=\"twitter:creator\" content=\"@colegio_ccpa\" \/>\n<meta name=\"twitter:site\" content=\"@colegio_ccpa\" \/>\n<meta name=\"twitter:label1\" content=\"Written by\" \/>\n\t<meta name=\"twitter:data1\" content=\"CCPA\" \/>\n\t<meta name=\"twitter:label2\" content=\"Est. reading time\" \/>\n\t<meta name=\"twitter:data2\" content=\"2 minutos\" \/>\n<script type=\"application\/ld+json\" class=\"yoast-schema-graph\">{\"@context\":\"https:\\\/\\\/schema.org\",\"@graph\":[{\"@type\":\"Article\",\"@id\":\"https:\\\/\\\/webdesign.freshlab.com.br\\\/ccpa\\\/festa-junina-ccpa-homenageia-novelas-nordestinas\\\/#article\",\"isPartOf\":{\"@id\":\"https:\\\/\\\/webdesign.freshlab.com.br\\\/ccpa\\\/festa-junina-ccpa-homenageia-novelas-nordestinas\\\/\"},\"author\":{\"name\":\"CCPA\",\"@id\":\"https:\\\/\\\/webdesign.freshlab.com.br\\\/ccpa\\\/#\\\/schema\\\/person\\\/db9da95383a87dd69dbcbc5948003d13\"},\"headline\":\"Festa Junina CCPA homenageia novelas nordestinas\",\"datePublished\":\"2025-05-29T19:29:48+00:00\",\"dateModified\":\"2025-05-29T19:29:49+00:00\",\"mainEntityOfPage\":{\"@id\":\"https:\\\/\\\/webdesign.freshlab.com.br\\\/ccpa\\\/festa-junina-ccpa-homenageia-novelas-nordestinas\\\/\"},\"wordCount\":261,\"publisher\":{\"@id\":\"https:\\\/\\\/webdesign.freshlab.com.br\\\/ccpa\\\/#organization\"},\"image\":{\"@id\":\"https:\\\/\\\/webdesign.freshlab.com.br\\\/ccpa\\\/festa-junina-ccpa-homenageia-novelas-nordestinas\\\/#primaryimage\"},\"thumbnailUrl\":\"https:\\\/\\\/webdesign.freshlab.com.br\\\/ccpa\\\/wp-content\\\/uploads\\\/2025\\\/05\\\/140318.jpg\",\"keywords\":[\"ccpa\",\"colegioccpa\",\"educa\u00e7\u00e3o infantil\",\"Ensino m\u00e9dio\",\"fundamental\"],\"articleSection\":[\"Ensino Fundamental\",\"Ensino Infantil\",\"Ensino M\u00e9dio\",\"Eventos\"],\"inLanguage\":\"pt-BR\"},{\"@type\":\"WebPage\",\"@id\":\"https:\\\/\\\/webdesign.freshlab.com.br\\\/ccpa\\\/festa-junina-ccpa-homenageia-novelas-nordestinas\\\/\",\"url\":\"https:\\\/\\\/webdesign.freshlab.com.br\\\/ccpa\\\/festa-junina-ccpa-homenageia-novelas-nordestinas\\\/\",\"name\":\"Festa Junina CCPA homenageia novelas nordestinas - Col\u00e9gio CCPA\",\"isPartOf\":{\"@id\":\"https:\\\/\\\/webdesign.freshlab.com.br\\\/ccpa\\\/#website\"},\"primaryImageOfPage\":{\"@id\":\"https:\\\/\\\/webdesign.freshlab.com.br\\\/ccpa\\\/festa-junina-ccpa-homenageia-novelas-nordestinas\\\/#primaryimage\"},\"image\":{\"@id\":\"https:\\\/\\\/webdesign.freshlab.com.br\\\/ccpa\\\/festa-junina-ccpa-homenageia-novelas-nordestinas\\\/#primaryimage\"},\"thumbnailUrl\":\"https:\\\/\\\/webdesign.freshlab.com.br\\\/ccpa\\\/wp-content\\\/uploads\\\/2025\\\/05\\\/140318.jpg\",\"datePublished\":\"2025-05-29T19:29:48+00:00\",\"dateModified\":\"2025-05-29T19:29:49+00:00\",\"breadcrumb\":{\"@id\":\"https:\\\/\\\/webdesign.freshlab.com.br\\\/ccpa\\\/festa-junina-ccpa-homenageia-novelas-nordestinas\\\/#breadcrumb\"},\"inLanguage\":\"pt-BR\",\"potentialAction\":[{\"@type\":\"ReadAction\",\"target\":[\"https:\\\/\\\/webdesign.freshlab.com.br\\\/ccpa\\\/festa-junina-ccpa-homenageia-novelas-nordestinas\\\/\"]}]},{\"@type\":\"ImageObject\",\"inLanguage\":\"pt-BR\",\"@id\":\"https:\\\/\\\/webdesign.freshlab.com.br\\\/ccpa\\\/festa-junina-ccpa-homenageia-novelas-nordestinas\\\/#primaryimage\",\"url\":\"https:\\\/\\\/webdesign.freshlab.com.br\\\/ccpa\\\/wp-content\\\/uploads\\\/2025\\\/05\\\/140318.jpg\",\"contentUrl\":\"https:\\\/\\\/webdesign.freshlab.com.br\\\/ccpa\\\/wp-content\\\/uploads\\\/2025\\\/05\\\/140318.jpg\",\"width\":1500,\"height\":841},{\"@type\":\"BreadcrumbList\",\"@id\":\"https:\\\/\\\/webdesign.freshlab.com.br\\\/ccpa\\\/festa-junina-ccpa-homenageia-novelas-nordestinas\\\/#breadcrumb\",\"itemListElement\":[{\"@type\":\"ListItem\",\"position\":1,\"name\":\"In\u00edcio\",\"item\":\"https:\\\/\\\/webdesign.freshlab.com.br\\\/ccpa\\\/\"},{\"@type\":\"ListItem\",\"position\":2,\"name\":\"Festa Junina CCPA homenageia novelas nordestinas\"}]},{\"@type\":\"WebSite\",\"@id\":\"https:\\\/\\\/webdesign.freshlab.com.br\\\/ccpa\\\/#website\",\"url\":\"https:\\\/\\\/webdesign.freshlab.com.br\\\/ccpa\\\/\",\"name\":\"Col\u00e9gio CCPA\",\"description\":\"\",\"publisher\":{\"@id\":\"https:\\\/\\\/webdesign.freshlab.com.br\\\/ccpa\\\/#organization\"},\"potentialAction\":[{\"@type\":\"SearchAction\",\"target\":{\"@type\":\"EntryPoint\",\"urlTemplate\":\"https:\\\/\\\/webdesign.freshlab.com.br\\\/ccpa\\\/?s={search_term_string}\"},\"query-input\":{\"@type\":\"PropertyValueSpecification\",\"valueRequired\":true,\"valueName\":\"search_term_string\"}}],\"inLanguage\":\"pt-BR\"},{\"@type\":\"Organization\",\"@id\":\"https:\\\/\\\/webdesign.freshlab.com.br\\\/ccpa\\\/#organization\",\"name\":\"Col\u00e9gio CCPA\",\"url\":\"https:\\\/\\\/webdesign.freshlab.com.br\\\/ccpa\\\/\",\"logo\":{\"@type\":\"ImageObject\",\"inLanguage\":\"pt-BR\",\"@id\":\"https:\\\/\\\/webdesign.freshlab.com.br\\\/ccpa\\\/#\\\/schema\\\/logo\\\/image\\\/\",\"url\":\"https:\\\/\\\/webdesign.freshlab.com.br\\\/ccpa\\\/wp-content\\\/uploads\\\/2022\\\/11\\\/logo.svg\",\"contentUrl\":\"https:\\\/\\\/webdesign.freshlab.com.br\\\/ccpa\\\/wp-content\\\/uploads\\\/2022\\\/11\\\/logo.svg\",\"width\":147,\"height\":38,\"caption\":\"Col\u00e9gio CCPA\"},\"image\":{\"@id\":\"https:\\\/\\\/webdesign.freshlab.com.br\\\/ccpa\\\/#\\\/schema\\\/logo\\\/image\\\/\"},\"sameAs\":[\"https:\\\/\\\/www.facebook.com\\\/colegioccpa\",\"https:\\\/\\\/x.com\\\/colegio_ccpa\",\"https:\\\/\\\/www.tiktok.com\\\/@colegioccpa\",\"https:\\\/\\\/www.instagram.com\\\/colegio_ccpa\\\/\",\"https:\\\/\\\/www.linkedin.com\\\/company\\\/colgio-ccpa\",\"https:\\\/\\\/www.youtube.com\\\/user\\\/colegioccpa\"]},{\"@type\":\"Person\",\"@id\":\"https:\\\/\\\/webdesign.freshlab.com.br\\\/ccpa\\\/#\\\/schema\\\/person\\\/db9da95383a87dd69dbcbc5948003d13\",\"name\":\"CCPA\",\"url\":\"https:\\\/\\\/webdesign.freshlab.com.br\\\/ccpa\\\/author\\\/ccpa\\\/\"}]}<\/script>\n<!-- \/ Yoast SEO plugin. -->","yoast_head_json":{"title":"Festa Junina CCPA homenageia novelas nordestinas - Col\u00e9gio CCPA","robots":{"index":"index","follow":"follow","max-snippet":"max-snippet:-1","max-image-preview":"max-image-preview:large","max-video-preview":"max-video-preview:-1"},"canonical":"https:\/\/webdesign.freshlab.com.br\/ccpa\/festa-junina-ccpa-homenageia-novelas-nordestinas\/","og_locale":"pt_BR","og_type":"article","og_title":"Festa Junina CCPA homenageia novelas nordestinas - Col\u00e9gio CCPA","og_description":"O tradicional arrai\u00e1 acontecer\u00e1 no pr\u00f3ximo dia 10, na quadra esportiva da escola&nbsp; O m\u00eas de junho j\u00e1 \u00e9 logo ali e o CCPA respira os festejos juninos desde mar\u00e7o, quando iniciou os ensaios da tradicional Festa Junina, que este ano tem como tema \u2018Nordeste: a arte encena, a vida ensina\u2019, um verdadeiro convite \u00e0 [&hellip;]","og_url":"https:\/\/webdesign.freshlab.com.br\/ccpa\/festa-junina-ccpa-homenageia-novelas-nordestinas\/","og_site_name":"Col\u00e9gio CCPA","article_publisher":"https:\/\/www.facebook.com\/colegioccpa","article_published_time":"2025-05-29T19:29:48+00:00","article_modified_time":"2025-05-29T19:29:49+00:00","og_image":[{"width":1500,"height":841,"url":"https:\/\/webdesign.freshlab.com.br\/ccpa\/wp-content\/uploads\/2025\/05\/140318.jpg","type":"image\/jpeg"}],"author":"CCPA","twitter_card":"summary_large_image","twitter_creator":"@colegio_ccpa","twitter_site":"@colegio_ccpa","twitter_misc":{"Written by":"CCPA","Est. reading time":"2 minutos"},"schema":{"@context":"https:\/\/schema.org","@graph":[{"@type":"Article","@id":"https:\/\/webdesign.freshlab.com.br\/ccpa\/festa-junina-ccpa-homenageia-novelas-nordestinas\/#article","isPartOf":{"@id":"https:\/\/webdesign.freshlab.com.br\/ccpa\/festa-junina-ccpa-homenageia-novelas-nordestinas\/"},"author":{"name":"CCPA","@id":"https:\/\/webdesign.freshlab.com.br\/ccpa\/#\/schema\/person\/db9da95383a87dd69dbcbc5948003d13"},"headline":"Festa Junina CCPA homenageia novelas nordestinas","datePublished":"2025-05-29T19:29:48+00:00","dateModified":"2025-05-29T19:29:49+00:00","mainEntityOfPage":{"@id":"https:\/\/webdesign.freshlab.com.br\/ccpa\/festa-junina-ccpa-homenageia-novelas-nordestinas\/"},"wordCount":261,"publisher":{"@id":"https:\/\/webdesign.freshlab.com.br\/ccpa\/#organization"},"image":{"@id":"https:\/\/webdesign.freshlab.com.br\/ccpa\/festa-junina-ccpa-homenageia-novelas-nordestinas\/#primaryimage"},"thumbnailUrl":"https:\/\/webdesign.freshlab.com.br\/ccpa\/wp-content\/uploads\/2025\/05\/140318.jpg","keywords":["ccpa","colegioccpa","educa\u00e7\u00e3o infantil","Ensino m\u00e9dio","fundamental"],"articleSection":["Ensino Fundamental","Ensino Infantil","Ensino M\u00e9dio","Eventos"],"inLanguage":"pt-BR"},{"@type":"WebPage","@id":"https:\/\/webdesign.freshlab.com.br\/ccpa\/festa-junina-ccpa-homenageia-novelas-nordestinas\/","url":"https:\/\/webdesign.freshlab.com.br\/ccpa\/festa-junina-ccpa-homenageia-novelas-nordestinas\/","name":"Festa Junina CCPA homenageia novelas nordestinas - Col\u00e9gio CCPA","isPartOf":{"@id":"https:\/\/webdesign.freshlab.com.br\/ccpa\/#website"},"primaryImageOfPage":{"@id":"https:\/\/webdesign.freshlab.com.br\/ccpa\/festa-junina-ccpa-homenageia-novelas-nordestinas\/#primaryimage"},"image":{"@id":"https:\/\/webdesign.freshlab.com.br\/ccpa\/festa-junina-ccpa-homenageia-novelas-nordestinas\/#primaryimage"},"thumbnailUrl":"https:\/\/webdesign.freshlab.com.br\/ccpa\/wp-content\/uploads\/2025\/05\/140318.jpg","datePublished":"2025-05-29T19:29:48+00:00","dateModified":"2025-05-29T19:29:49+00:00","breadcrumb":{"@id":"https:\/\/webdesign.freshlab.com.br\/ccpa\/festa-junina-ccpa-homenageia-novelas-nordestinas\/#breadcrumb"},"inLanguage":"pt-BR","potentialAction":[{"@type":"ReadAction","target":["https:\/\/webdesign.freshlab.com.br\/ccpa\/festa-junina-ccpa-homenageia-novelas-nordestinas\/"]}]},{"@type":"ImageObject","inLanguage":"pt-BR","@id":"https:\/\/webdesign.freshlab.com.br\/ccpa\/festa-junina-ccpa-homenageia-novelas-nordestinas\/#primaryimage","url":"https:\/\/webdesign.freshlab.com.br\/ccpa\/wp-content\/uploads\/2025\/05\/140318.jpg","contentUrl":"https:\/\/webdesign.freshlab.com.br\/ccpa\/wp-content\/uploads\/2025\/05\/140318.jpg","width":1500,"height":841},{"@type":"BreadcrumbList","@id":"https:\/\/webdesign.freshlab.com.br\/ccpa\/festa-junina-ccpa-homenageia-novelas-nordestinas\/#breadcrumb","itemListElement":[{"@type":"ListItem","position":1,"name":"In\u00edcio","item":"https:\/\/webdesign.freshlab.com.br\/ccpa\/"},{"@type":"ListItem","position":2,"name":"Festa Junina CCPA homenageia novelas nordestinas"}]},{"@type":"WebSite","@id":"https:\/\/webdesign.freshlab.com.br\/ccpa\/#website","url":"https:\/\/webdesign.freshlab.com.br\/ccpa\/","name":"Col\u00e9gio CCPA","description":"","publisher":{"@id":"https:\/\/webdesign.freshlab.com.br\/ccpa\/#organization"},"potentialAction":[{"@type":"SearchAction","target":{"@type":"EntryPoint","urlTemplate":"https:\/\/webdesign.freshlab.com.br\/ccpa\/?s={search_term_string}"},"query-input":{"@type":"PropertyValueSpecification","valueRequired":true,"valueName":"search_term_string"}}],"inLanguage":"pt-BR"},{"@type":"Organization","@id":"https:\/\/webdesign.freshlab.com.br\/ccpa\/#organization","name":"Col\u00e9gio CCPA","url":"https:\/\/webdesign.freshlab.com.br\/ccpa\/","logo":{"@type":"ImageObject","inLanguage":"pt-BR","@id":"https:\/\/webdesign.freshlab.com.br\/ccpa\/#\/schema\/logo\/image\/","url":"https:\/\/webdesign.freshlab.com.br\/ccpa\/wp-content\/uploads\/2022\/11\/logo.svg","contentUrl":"https:\/\/webdesign.freshlab.com.br\/ccpa\/wp-content\/uploads\/2022\/11\/logo.svg","width":147,"height":38,"caption":"Col\u00e9gio CCPA"},"image":{"@id":"https:\/\/webdesign.freshlab.com.br\/ccpa\/#\/schema\/logo\/image\/"},"sameAs":["https:\/\/www.facebook.com\/colegioccpa","https:\/\/x.com\/colegio_ccpa","https:\/\/www.tiktok.com\/@colegioccpa","https:\/\/www.instagram.com\/colegio_ccpa\/","https:\/\/www.linkedin.com\/company\/colgio-ccpa","https:\/\/www.youtube.com\/user\/colegioccpa"]},{"@type":"Person","@id":"https:\/\/webdesign.freshlab.com.br\/ccpa\/#\/schema\/person\/db9da95383a87dd69dbcbc5948003d13","name":"CCPA","url":"https:\/\/webdesign.freshlab.com.br\/ccpa\/author\/ccpa\/"}]}},"_links":{"self":[{"href":"https:\/\/webdesign.freshlab.com.br\/ccpa\/wp-json\/wp\/v2\/posts\/3327","targetHints":{"allow":["GET"]}}],"collection":[{"href":"https:\/\/webdesign.freshlab.com.br\/ccpa\/wp-json\/wp\/v2\/posts"}],"about":[{"href":"https:\/\/webdesign.freshlab.com.br\/ccpa\/wp-json\/wp\/v2\/types\/post"}],"author":[{"embeddable":true,"href":"https:\/\/webdesign.freshlab.com.br\/ccpa\/wp-json\/wp\/v2\/users\/2"}],"replies":[{"embeddable":true,"href":"https:\/\/webdesign.freshlab.com.br\/ccpa\/wp-json\/wp\/v2\/comments?post=3327"}],"version-history":[{"count":1,"href":"https:\/\/webdesign.freshlab.com.br\/ccpa\/wp-json\/wp\/v2\/posts\/3327\/revisions"}],"predecessor-version":[{"id":3329,"href":"https:\/\/webdesign.freshlab.com.br\/ccpa\/wp-json\/wp\/v2\/posts\/3327\/revisions\/3329"}],"wp:featuredmedia":[{"embeddable":true,"href":"https:\/\/webdesign.freshlab.com.br\/ccpa\/wp-json\/wp\/v2\/media\/3328"}],"wp:attachment":[{"href":"https:\/\/webdesign.freshlab.com.br\/ccpa\/wp-json\/wp\/v2\/media?parent=3327"}],"wp:term":[{"taxonomy":"category","embeddable":true,"href":"https:\/\/webdesign.freshlab.com.br\/ccpa\/wp-json\/wp\/v2\/categories?post=3327"},{"taxonomy":"post_tag","embeddable":true,"href":"https:\/\/webdesign.freshlab.com.br\/ccpa\/wp-json\/wp\/v2\/tags?post=3327"}],"curies":[{"name":"wp","href":"https:\/\/api.w.org\/{rel}","templated":true}]}}