{"id":398,"date":"2022-11-24T15:48:47","date_gmt":"2022-11-24T15:48:47","guid":{"rendered":"https:\/\/ccpa.com.br\/?p=398"},"modified":"2023-01-24T19:23:51","modified_gmt":"2023-01-24T19:23:51","slug":"desfiledaprimavera","status":"publish","type":"post","link":"https:\/\/webdesign.freshlab.com.br\/ccpa\/desfiledaprimavera\/","title":{"rendered":"A magia da Primavera."},"content":{"rendered":"\n<figure class=\"wp-block-image size-large\"><img loading=\"lazy\" decoding=\"async\" width=\"1024\" height=\"453\" src=\"https:\/\/webdesign.freshlab.com.br\/ccpa\/wp-content\/uploads\/2022\/11\/8e5793_83898b7b64654c66ab2a9e616b9d230e_mv2-1024x453.jpg\" alt=\"\" class=\"wp-image-755\" srcset=\"https:\/\/webdesign.freshlab.com.br\/ccpa\/wp-content\/uploads\/2022\/11\/8e5793_83898b7b64654c66ab2a9e616b9d230e_mv2-1024x453.jpg 1024w, https:\/\/webdesign.freshlab.com.br\/ccpa\/wp-content\/uploads\/2022\/11\/8e5793_83898b7b64654c66ab2a9e616b9d230e_mv2-300x133.jpg 300w, https:\/\/webdesign.freshlab.com.br\/ccpa\/wp-content\/uploads\/2022\/11\/8e5793_83898b7b64654c66ab2a9e616b9d230e_mv2-768x340.jpg 768w, https:\/\/webdesign.freshlab.com.br\/ccpa\/wp-content\/uploads\/2022\/11\/8e5793_83898b7b64654c66ab2a9e616b9d230e_mv2.jpg 1250w\" sizes=\"auto, (max-width: 1024px) 100vw, 1024px\" \/><\/figure>\n\n\n\n<p id=\"viewer-b1knb\">Com o in\u00edcio da primavera, O CCPA promove v\u00e1rias atividades internas que concretizam a magnitude da esta\u00e7\u00e3o, junto com as brilhantes ideias de a\u00e7\u00f5es.<\/p>\n\n\n\n<p id=\"viewer-k9qu\">No pr\u00f3ximo dia 29 de outubro, acontece o Desfile da Primavera. O Evento \u00e9 uma idealiza\u00e7\u00e3o do Professor de Arte <strong>Felipe Godoy<\/strong>, em parceria com os estudantes dos 2\u00ba anos, do Ensino M\u00e9dio. A proposta inicial tinha como objetivo homenagear o Centen\u00e1rio da Semana de Arte Moderna de 1922, sendo que para tal foi pensada uma esp\u00e9cie de gest\u00e3o de neg\u00f3cios atrelado a ind\u00fastria da moda.<\/p>\n\n\n\n<p id=\"viewer-3fb73\">Cada grupo pensou em sua pr\u00f3pria cole\u00e7\u00e3o (in\u00e9dita ou inspirada em algo existente), produzindo o passo a passo desse segmento, que variou do croqui (desenho esquem\u00e1tico) at\u00e9 o desfile dos figurinos propriamente ditos. Com essa iniciativa os estudantes puderam compreender a amplitude da ind\u00fastria da moda, sem contar que se tornaram gestores\/produtores de arte, aumentando assim seu repert\u00f3rio. S\u00e3o os verdadeiros l\u00edderes do futuro.<\/p>\n\n\n\n<p id=\"viewer-6a3g6\">E viva a Primavera!<\/p>\n\n\n\n<p>.<\/p>\n","protected":false},"excerpt":{"rendered":"<p>Com o in\u00edcio da primavera, O CCPA promove v\u00e1rias atividades internas que concretizam a magnitude da esta\u00e7\u00e3o, junto com as brilhantes ideias de a\u00e7\u00f5es. No pr\u00f3ximo dia 29 de outubro, acontece o Desfile da Primavera. O Evento \u00e9 uma idealiza\u00e7\u00e3o do Professor de Arte Felipe Godoy, em parceria com os estudantes dos 2\u00ba anos, do [&hellip;]<\/p>\n","protected":false},"author":2,"featured_media":399,"comment_status":"closed","ping_status":"open","sticky":false,"template":"","format":"standard","meta":{"inline_featured_image":false,"footnotes":""},"categories":[11,10],"tags":[15,14,31,30],"class_list":["post-398","post","type-post","status-publish","format-standard","has-post-thumbnail","hentry","category-ensino-fundamental","category-ensino-medio","tag-ccpa","tag-colegioccpa","tag-desfile-da-primavera","tag-primavera"],"acf":[],"yoast_head":"<!-- This site is optimized with the Yoast SEO plugin v27.3 - https:\/\/yoast.com\/product\/yoast-seo-wordpress\/ -->\n<title>A magia da Primavera. - Col\u00e9gio CCPA<\/title>\n<meta name=\"robots\" content=\"index, follow, max-snippet:-1, max-image-preview:large, max-video-preview:-1\" \/>\n<link rel=\"canonical\" href=\"https:\/\/webdesign.freshlab.com.br\/ccpa\/desfiledaprimavera\/\" \/>\n<meta property=\"og:locale\" content=\"pt_BR\" \/>\n<meta property=\"og:type\" content=\"article\" \/>\n<meta property=\"og:title\" content=\"A magia da Primavera. - Col\u00e9gio CCPA\" \/>\n<meta property=\"og:description\" content=\"Com o in\u00edcio da primavera, O CCPA promove v\u00e1rias atividades internas que concretizam a magnitude da esta\u00e7\u00e3o, junto com as brilhantes ideias de a\u00e7\u00f5es. No pr\u00f3ximo dia 29 de outubro, acontece o Desfile da Primavera. O Evento \u00e9 uma idealiza\u00e7\u00e3o do Professor de Arte Felipe Godoy, em parceria com os estudantes dos 2\u00ba anos, do [&hellip;]\" \/>\n<meta property=\"og:url\" content=\"https:\/\/webdesign.freshlab.com.br\/ccpa\/desfiledaprimavera\/\" \/>\n<meta property=\"og:site_name\" content=\"Col\u00e9gio CCPA\" \/>\n<meta property=\"article:publisher\" content=\"https:\/\/www.facebook.com\/colegioccpa\" \/>\n<meta property=\"article:published_time\" content=\"2022-11-24T15:48:47+00:00\" \/>\n<meta property=\"article:modified_time\" content=\"2023-01-24T19:23:51+00:00\" \/>\n<meta property=\"og:image\" content=\"https:\/\/webdesign.freshlab.com.br\/ccpa\/wp-content\/uploads\/2022\/11\/thumbnail.jpg\" \/>\n\t<meta property=\"og:image:width\" content=\"2300\" \/>\n\t<meta property=\"og:image:height\" content=\"1144\" \/>\n\t<meta property=\"og:image:type\" content=\"image\/jpeg\" \/>\n<meta name=\"author\" content=\"CCPA\" \/>\n<meta name=\"twitter:card\" content=\"summary_large_image\" \/>\n<meta name=\"twitter:creator\" content=\"@colegio_ccpa\" \/>\n<meta name=\"twitter:site\" content=\"@colegio_ccpa\" \/>\n<meta name=\"twitter:label1\" content=\"Written by\" \/>\n\t<meta name=\"twitter:data1\" content=\"CCPA\" \/>\n\t<meta name=\"twitter:label2\" content=\"Est. reading time\" \/>\n\t<meta name=\"twitter:data2\" content=\"1 minuto\" \/>\n<script type=\"application\/ld+json\" class=\"yoast-schema-graph\">{\"@context\":\"https:\\\/\\\/schema.org\",\"@graph\":[{\"@type\":\"Article\",\"@id\":\"https:\\\/\\\/webdesign.freshlab.com.br\\\/ccpa\\\/desfiledaprimavera\\\/#article\",\"isPartOf\":{\"@id\":\"https:\\\/\\\/webdesign.freshlab.com.br\\\/ccpa\\\/desfiledaprimavera\\\/\"},\"author\":{\"name\":\"CCPA\",\"@id\":\"https:\\\/\\\/webdesign.freshlab.com.br\\\/ccpa\\\/#\\\/schema\\\/person\\\/db9da95383a87dd69dbcbc5948003d13\"},\"headline\":\"A magia da Primavera.\",\"datePublished\":\"2022-11-24T15:48:47+00:00\",\"dateModified\":\"2023-01-24T19:23:51+00:00\",\"mainEntityOfPage\":{\"@id\":\"https:\\\/\\\/webdesign.freshlab.com.br\\\/ccpa\\\/desfiledaprimavera\\\/\"},\"wordCount\":179,\"publisher\":{\"@id\":\"https:\\\/\\\/webdesign.freshlab.com.br\\\/ccpa\\\/#organization\"},\"image\":{\"@id\":\"https:\\\/\\\/webdesign.freshlab.com.br\\\/ccpa\\\/desfiledaprimavera\\\/#primaryimage\"},\"thumbnailUrl\":\"https:\\\/\\\/webdesign.freshlab.com.br\\\/ccpa\\\/wp-content\\\/uploads\\\/2022\\\/11\\\/thumbnail.jpg\",\"keywords\":[\"ccpa\",\"colegioccpa\",\"desfile da primavera\",\"primavera\"],\"articleSection\":[\"Ensino Fundamental\",\"Ensino M\u00e9dio\"],\"inLanguage\":\"pt-BR\"},{\"@type\":\"WebPage\",\"@id\":\"https:\\\/\\\/webdesign.freshlab.com.br\\\/ccpa\\\/desfiledaprimavera\\\/\",\"url\":\"https:\\\/\\\/webdesign.freshlab.com.br\\\/ccpa\\\/desfiledaprimavera\\\/\",\"name\":\"A magia da Primavera. - Col\u00e9gio CCPA\",\"isPartOf\":{\"@id\":\"https:\\\/\\\/webdesign.freshlab.com.br\\\/ccpa\\\/#website\"},\"primaryImageOfPage\":{\"@id\":\"https:\\\/\\\/webdesign.freshlab.com.br\\\/ccpa\\\/desfiledaprimavera\\\/#primaryimage\"},\"image\":{\"@id\":\"https:\\\/\\\/webdesign.freshlab.com.br\\\/ccpa\\\/desfiledaprimavera\\\/#primaryimage\"},\"thumbnailUrl\":\"https:\\\/\\\/webdesign.freshlab.com.br\\\/ccpa\\\/wp-content\\\/uploads\\\/2022\\\/11\\\/thumbnail.jpg\",\"datePublished\":\"2022-11-24T15:48:47+00:00\",\"dateModified\":\"2023-01-24T19:23:51+00:00\",\"breadcrumb\":{\"@id\":\"https:\\\/\\\/webdesign.freshlab.com.br\\\/ccpa\\\/desfiledaprimavera\\\/#breadcrumb\"},\"inLanguage\":\"pt-BR\",\"potentialAction\":[{\"@type\":\"ReadAction\",\"target\":[\"https:\\\/\\\/webdesign.freshlab.com.br\\\/ccpa\\\/desfiledaprimavera\\\/\"]}]},{\"@type\":\"ImageObject\",\"inLanguage\":\"pt-BR\",\"@id\":\"https:\\\/\\\/webdesign.freshlab.com.br\\\/ccpa\\\/desfiledaprimavera\\\/#primaryimage\",\"url\":\"https:\\\/\\\/webdesign.freshlab.com.br\\\/ccpa\\\/wp-content\\\/uploads\\\/2022\\\/11\\\/thumbnail.jpg\",\"contentUrl\":\"https:\\\/\\\/webdesign.freshlab.com.br\\\/ccpa\\\/wp-content\\\/uploads\\\/2022\\\/11\\\/thumbnail.jpg\",\"width\":2300,\"height\":1144},{\"@type\":\"BreadcrumbList\",\"@id\":\"https:\\\/\\\/webdesign.freshlab.com.br\\\/ccpa\\\/desfiledaprimavera\\\/#breadcrumb\",\"itemListElement\":[{\"@type\":\"ListItem\",\"position\":1,\"name\":\"In\u00edcio\",\"item\":\"https:\\\/\\\/webdesign.freshlab.com.br\\\/ccpa\\\/\"},{\"@type\":\"ListItem\",\"position\":2,\"name\":\"A magia da Primavera.\"}]},{\"@type\":\"WebSite\",\"@id\":\"https:\\\/\\\/webdesign.freshlab.com.br\\\/ccpa\\\/#website\",\"url\":\"https:\\\/\\\/webdesign.freshlab.com.br\\\/ccpa\\\/\",\"name\":\"Col\u00e9gio CCPA\",\"description\":\"\",\"publisher\":{\"@id\":\"https:\\\/\\\/webdesign.freshlab.com.br\\\/ccpa\\\/#organization\"},\"potentialAction\":[{\"@type\":\"SearchAction\",\"target\":{\"@type\":\"EntryPoint\",\"urlTemplate\":\"https:\\\/\\\/webdesign.freshlab.com.br\\\/ccpa\\\/?s={search_term_string}\"},\"query-input\":{\"@type\":\"PropertyValueSpecification\",\"valueRequired\":true,\"valueName\":\"search_term_string\"}}],\"inLanguage\":\"pt-BR\"},{\"@type\":\"Organization\",\"@id\":\"https:\\\/\\\/webdesign.freshlab.com.br\\\/ccpa\\\/#organization\",\"name\":\"Col\u00e9gio CCPA\",\"url\":\"https:\\\/\\\/webdesign.freshlab.com.br\\\/ccpa\\\/\",\"logo\":{\"@type\":\"ImageObject\",\"inLanguage\":\"pt-BR\",\"@id\":\"https:\\\/\\\/webdesign.freshlab.com.br\\\/ccpa\\\/#\\\/schema\\\/logo\\\/image\\\/\",\"url\":\"https:\\\/\\\/webdesign.freshlab.com.br\\\/ccpa\\\/wp-content\\\/uploads\\\/2022\\\/11\\\/logo.svg\",\"contentUrl\":\"https:\\\/\\\/webdesign.freshlab.com.br\\\/ccpa\\\/wp-content\\\/uploads\\\/2022\\\/11\\\/logo.svg\",\"width\":147,\"height\":38,\"caption\":\"Col\u00e9gio CCPA\"},\"image\":{\"@id\":\"https:\\\/\\\/webdesign.freshlab.com.br\\\/ccpa\\\/#\\\/schema\\\/logo\\\/image\\\/\"},\"sameAs\":[\"https:\\\/\\\/www.facebook.com\\\/colegioccpa\",\"https:\\\/\\\/x.com\\\/colegio_ccpa\",\"https:\\\/\\\/www.tiktok.com\\\/@colegioccpa\",\"https:\\\/\\\/www.instagram.com\\\/colegio_ccpa\\\/\",\"https:\\\/\\\/www.linkedin.com\\\/company\\\/colgio-ccpa\",\"https:\\\/\\\/www.youtube.com\\\/user\\\/colegioccpa\"]},{\"@type\":\"Person\",\"@id\":\"https:\\\/\\\/webdesign.freshlab.com.br\\\/ccpa\\\/#\\\/schema\\\/person\\\/db9da95383a87dd69dbcbc5948003d13\",\"name\":\"CCPA\",\"url\":\"https:\\\/\\\/webdesign.freshlab.com.br\\\/ccpa\\\/author\\\/ccpa\\\/\"}]}<\/script>\n<!-- \/ Yoast SEO plugin. -->","yoast_head_json":{"title":"A magia da Primavera. - Col\u00e9gio CCPA","robots":{"index":"index","follow":"follow","max-snippet":"max-snippet:-1","max-image-preview":"max-image-preview:large","max-video-preview":"max-video-preview:-1"},"canonical":"https:\/\/webdesign.freshlab.com.br\/ccpa\/desfiledaprimavera\/","og_locale":"pt_BR","og_type":"article","og_title":"A magia da Primavera. - Col\u00e9gio CCPA","og_description":"Com o in\u00edcio da primavera, O CCPA promove v\u00e1rias atividades internas que concretizam a magnitude da esta\u00e7\u00e3o, junto com as brilhantes ideias de a\u00e7\u00f5es. No pr\u00f3ximo dia 29 de outubro, acontece o Desfile da Primavera. O Evento \u00e9 uma idealiza\u00e7\u00e3o do Professor de Arte Felipe Godoy, em parceria com os estudantes dos 2\u00ba anos, do [&hellip;]","og_url":"https:\/\/webdesign.freshlab.com.br\/ccpa\/desfiledaprimavera\/","og_site_name":"Col\u00e9gio CCPA","article_publisher":"https:\/\/www.facebook.com\/colegioccpa","article_published_time":"2022-11-24T15:48:47+00:00","article_modified_time":"2023-01-24T19:23:51+00:00","og_image":[{"width":2300,"height":1144,"url":"https:\/\/webdesign.freshlab.com.br\/ccpa\/wp-content\/uploads\/2022\/11\/thumbnail.jpg","type":"image\/jpeg"}],"author":"CCPA","twitter_card":"summary_large_image","twitter_creator":"@colegio_ccpa","twitter_site":"@colegio_ccpa","twitter_misc":{"Written by":"CCPA","Est. reading time":"1 minuto"},"schema":{"@context":"https:\/\/schema.org","@graph":[{"@type":"Article","@id":"https:\/\/webdesign.freshlab.com.br\/ccpa\/desfiledaprimavera\/#article","isPartOf":{"@id":"https:\/\/webdesign.freshlab.com.br\/ccpa\/desfiledaprimavera\/"},"author":{"name":"CCPA","@id":"https:\/\/webdesign.freshlab.com.br\/ccpa\/#\/schema\/person\/db9da95383a87dd69dbcbc5948003d13"},"headline":"A magia da Primavera.","datePublished":"2022-11-24T15:48:47+00:00","dateModified":"2023-01-24T19:23:51+00:00","mainEntityOfPage":{"@id":"https:\/\/webdesign.freshlab.com.br\/ccpa\/desfiledaprimavera\/"},"wordCount":179,"publisher":{"@id":"https:\/\/webdesign.freshlab.com.br\/ccpa\/#organization"},"image":{"@id":"https:\/\/webdesign.freshlab.com.br\/ccpa\/desfiledaprimavera\/#primaryimage"},"thumbnailUrl":"https:\/\/webdesign.freshlab.com.br\/ccpa\/wp-content\/uploads\/2022\/11\/thumbnail.jpg","keywords":["ccpa","colegioccpa","desfile da primavera","primavera"],"articleSection":["Ensino Fundamental","Ensino M\u00e9dio"],"inLanguage":"pt-BR"},{"@type":"WebPage","@id":"https:\/\/webdesign.freshlab.com.br\/ccpa\/desfiledaprimavera\/","url":"https:\/\/webdesign.freshlab.com.br\/ccpa\/desfiledaprimavera\/","name":"A magia da Primavera. - Col\u00e9gio CCPA","isPartOf":{"@id":"https:\/\/webdesign.freshlab.com.br\/ccpa\/#website"},"primaryImageOfPage":{"@id":"https:\/\/webdesign.freshlab.com.br\/ccpa\/desfiledaprimavera\/#primaryimage"},"image":{"@id":"https:\/\/webdesign.freshlab.com.br\/ccpa\/desfiledaprimavera\/#primaryimage"},"thumbnailUrl":"https:\/\/webdesign.freshlab.com.br\/ccpa\/wp-content\/uploads\/2022\/11\/thumbnail.jpg","datePublished":"2022-11-24T15:48:47+00:00","dateModified":"2023-01-24T19:23:51+00:00","breadcrumb":{"@id":"https:\/\/webdesign.freshlab.com.br\/ccpa\/desfiledaprimavera\/#breadcrumb"},"inLanguage":"pt-BR","potentialAction":[{"@type":"ReadAction","target":["https:\/\/webdesign.freshlab.com.br\/ccpa\/desfiledaprimavera\/"]}]},{"@type":"ImageObject","inLanguage":"pt-BR","@id":"https:\/\/webdesign.freshlab.com.br\/ccpa\/desfiledaprimavera\/#primaryimage","url":"https:\/\/webdesign.freshlab.com.br\/ccpa\/wp-content\/uploads\/2022\/11\/thumbnail.jpg","contentUrl":"https:\/\/webdesign.freshlab.com.br\/ccpa\/wp-content\/uploads\/2022\/11\/thumbnail.jpg","width":2300,"height":1144},{"@type":"BreadcrumbList","@id":"https:\/\/webdesign.freshlab.com.br\/ccpa\/desfiledaprimavera\/#breadcrumb","itemListElement":[{"@type":"ListItem","position":1,"name":"In\u00edcio","item":"https:\/\/webdesign.freshlab.com.br\/ccpa\/"},{"@type":"ListItem","position":2,"name":"A magia da Primavera."}]},{"@type":"WebSite","@id":"https:\/\/webdesign.freshlab.com.br\/ccpa\/#website","url":"https:\/\/webdesign.freshlab.com.br\/ccpa\/","name":"Col\u00e9gio CCPA","description":"","publisher":{"@id":"https:\/\/webdesign.freshlab.com.br\/ccpa\/#organization"},"potentialAction":[{"@type":"SearchAction","target":{"@type":"EntryPoint","urlTemplate":"https:\/\/webdesign.freshlab.com.br\/ccpa\/?s={search_term_string}"},"query-input":{"@type":"PropertyValueSpecification","valueRequired":true,"valueName":"search_term_string"}}],"inLanguage":"pt-BR"},{"@type":"Organization","@id":"https:\/\/webdesign.freshlab.com.br\/ccpa\/#organization","name":"Col\u00e9gio CCPA","url":"https:\/\/webdesign.freshlab.com.br\/ccpa\/","logo":{"@type":"ImageObject","inLanguage":"pt-BR","@id":"https:\/\/webdesign.freshlab.com.br\/ccpa\/#\/schema\/logo\/image\/","url":"https:\/\/webdesign.freshlab.com.br\/ccpa\/wp-content\/uploads\/2022\/11\/logo.svg","contentUrl":"https:\/\/webdesign.freshlab.com.br\/ccpa\/wp-content\/uploads\/2022\/11\/logo.svg","width":147,"height":38,"caption":"Col\u00e9gio CCPA"},"image":{"@id":"https:\/\/webdesign.freshlab.com.br\/ccpa\/#\/schema\/logo\/image\/"},"sameAs":["https:\/\/www.facebook.com\/colegioccpa","https:\/\/x.com\/colegio_ccpa","https:\/\/www.tiktok.com\/@colegioccpa","https:\/\/www.instagram.com\/colegio_ccpa\/","https:\/\/www.linkedin.com\/company\/colgio-ccpa","https:\/\/www.youtube.com\/user\/colegioccpa"]},{"@type":"Person","@id":"https:\/\/webdesign.freshlab.com.br\/ccpa\/#\/schema\/person\/db9da95383a87dd69dbcbc5948003d13","name":"CCPA","url":"https:\/\/webdesign.freshlab.com.br\/ccpa\/author\/ccpa\/"}]}},"_links":{"self":[{"href":"https:\/\/webdesign.freshlab.com.br\/ccpa\/wp-json\/wp\/v2\/posts\/398","targetHints":{"allow":["GET"]}}],"collection":[{"href":"https:\/\/webdesign.freshlab.com.br\/ccpa\/wp-json\/wp\/v2\/posts"}],"about":[{"href":"https:\/\/webdesign.freshlab.com.br\/ccpa\/wp-json\/wp\/v2\/types\/post"}],"author":[{"embeddable":true,"href":"https:\/\/webdesign.freshlab.com.br\/ccpa\/wp-json\/wp\/v2\/users\/2"}],"replies":[{"embeddable":true,"href":"https:\/\/webdesign.freshlab.com.br\/ccpa\/wp-json\/wp\/v2\/comments?post=398"}],"version-history":[{"count":2,"href":"https:\/\/webdesign.freshlab.com.br\/ccpa\/wp-json\/wp\/v2\/posts\/398\/revisions"}],"predecessor-version":[{"id":756,"href":"https:\/\/webdesign.freshlab.com.br\/ccpa\/wp-json\/wp\/v2\/posts\/398\/revisions\/756"}],"wp:featuredmedia":[{"embeddable":true,"href":"https:\/\/webdesign.freshlab.com.br\/ccpa\/wp-json\/wp\/v2\/media\/399"}],"wp:attachment":[{"href":"https:\/\/webdesign.freshlab.com.br\/ccpa\/wp-json\/wp\/v2\/media?parent=398"}],"wp:term":[{"taxonomy":"category","embeddable":true,"href":"https:\/\/webdesign.freshlab.com.br\/ccpa\/wp-json\/wp\/v2\/categories?post=398"},{"taxonomy":"post_tag","embeddable":true,"href":"https:\/\/webdesign.freshlab.com.br\/ccpa\/wp-json\/wp\/v2\/tags?post=398"}],"curies":[{"name":"wp","href":"https:\/\/api.w.org\/{rel}","templated":true}]}}