{"id":403,"date":"2022-11-24T16:28:35","date_gmt":"2022-11-24T16:28:35","guid":{"rendered":"https:\/\/ccpa.com.br\/?p=403"},"modified":"2023-01-24T11:20:15","modified_gmt":"2023-01-24T11:20:15","slug":"jornadaespacial","status":"publish","type":"post","link":"https:\/\/webdesign.freshlab.com.br\/ccpa\/jornadaespacial\/","title":{"rendered":"Alunos do CCPA participam da XVIII Jornada Espacial."},"content":{"rendered":"\n<p>No \u00faltimo domingo (13), os irm\u00e3os <strong>Guilherme e Vin\u00edcius Am\u00e2ncio (2\u00baB)<\/strong> decolaram em um voo com destino a S\u00e3o Jos\u00e9 dos Campos para participar da <strong>XVIII Jornada Espacial<\/strong>. A vaga para participar deste evento foi conquistada por meio dos excelentes desempenhos que obtiveram na prova da <strong>Olimp\u00edada Brasileira de Astronomia e Astron\u00e1utica (OBA)<\/strong>. <strong>Katarina Viana (3\u00baB), Vin\u00edcius Albuquerque (3\u00baA) e Pedro Zambom (3\u00baB)<\/strong> tamb\u00e9m foram convidados para a Jornada, mas n\u00e3o puderam comparecer por conta do choque de datas com o Enem.<\/p>\n\n\n\n<figure class=\"wp-block-gallery has-nested-images columns-default is-cropped wp-block-gallery-1 is-layout-flex wp-block-gallery-is-layout-flex\">\n<figure class=\"wp-block-image size-large\"><img loading=\"lazy\" decoding=\"async\" width=\"746\" height=\"1024\" data-id=\"724\" src=\"https:\/\/webdesign.freshlab.com.br\/ccpa\/wp-content\/uploads\/2022\/11\/foto1-jornada-espacial-746x1024.jpg\" alt=\"\" class=\"wp-image-724\" srcset=\"https:\/\/webdesign.freshlab.com.br\/ccpa\/wp-content\/uploads\/2022\/11\/foto1-jornada-espacial-746x1024.jpg 746w, https:\/\/webdesign.freshlab.com.br\/ccpa\/wp-content\/uploads\/2022\/11\/foto1-jornada-espacial-218x300.jpg 218w, https:\/\/webdesign.freshlab.com.br\/ccpa\/wp-content\/uploads\/2022\/11\/foto1-jornada-espacial-768x1055.jpg 768w, https:\/\/webdesign.freshlab.com.br\/ccpa\/wp-content\/uploads\/2022\/11\/foto1-jornada-espacial-1119x1536.jpg 1119w, https:\/\/webdesign.freshlab.com.br\/ccpa\/wp-content\/uploads\/2022\/11\/foto1-jornada-espacial-1492x2048.jpg 1492w, https:\/\/webdesign.freshlab.com.br\/ccpa\/wp-content\/uploads\/2022\/11\/foto1-jornada-espacial-scaled.jpg 1864w\" sizes=\"auto, (max-width: 746px) 100vw, 746px\" \/><\/figure>\n\n\n\n<figure class=\"wp-block-image size-large\"><img loading=\"lazy\" decoding=\"async\" width=\"1024\" height=\"979\" data-id=\"725\" src=\"https:\/\/webdesign.freshlab.com.br\/ccpa\/wp-content\/uploads\/2022\/11\/foto2-jornada-espacial-1024x979.jpg\" alt=\"\" class=\"wp-image-725\" srcset=\"https:\/\/webdesign.freshlab.com.br\/ccpa\/wp-content\/uploads\/2022\/11\/foto2-jornada-espacial-1024x979.jpg 1024w, https:\/\/webdesign.freshlab.com.br\/ccpa\/wp-content\/uploads\/2022\/11\/foto2-jornada-espacial-300x287.jpg 300w, https:\/\/webdesign.freshlab.com.br\/ccpa\/wp-content\/uploads\/2022\/11\/foto2-jornada-espacial-768x734.jpg 768w, https:\/\/webdesign.freshlab.com.br\/ccpa\/wp-content\/uploads\/2022\/11\/foto2-jornada-espacial-1536x1468.jpg 1536w, https:\/\/webdesign.freshlab.com.br\/ccpa\/wp-content\/uploads\/2022\/11\/foto2-jornada-espacial-2048x1958.jpg 2048w, https:\/\/webdesign.freshlab.com.br\/ccpa\/wp-content\/uploads\/2022\/11\/foto2-jornada-espacial-scaled.jpg 2560w\" sizes=\"auto, (max-width: 1024px) 100vw, 1024px\" \/><\/figure>\n\n\n\n<figure class=\"wp-block-image size-large\"><img loading=\"lazy\" decoding=\"async\" width=\"1024\" height=\"461\" data-id=\"726\" src=\"https:\/\/webdesign.freshlab.com.br\/ccpa\/wp-content\/uploads\/2022\/11\/foto5-jornada-espacial-1024x461.jpg\" alt=\"\" class=\"wp-image-726\" srcset=\"https:\/\/webdesign.freshlab.com.br\/ccpa\/wp-content\/uploads\/2022\/11\/foto5-jornada-espacial-1024x461.jpg 1024w, https:\/\/webdesign.freshlab.com.br\/ccpa\/wp-content\/uploads\/2022\/11\/foto5-jornada-espacial-300x135.jpg 300w, https:\/\/webdesign.freshlab.com.br\/ccpa\/wp-content\/uploads\/2022\/11\/foto5-jornada-espacial-768x346.jpg 768w, https:\/\/webdesign.freshlab.com.br\/ccpa\/wp-content\/uploads\/2022\/11\/foto5-jornada-espacial-1536x692.jpg 1536w, https:\/\/webdesign.freshlab.com.br\/ccpa\/wp-content\/uploads\/2022\/11\/foto5-jornada-espacial-2048x922.jpg 2048w, https:\/\/webdesign.freshlab.com.br\/ccpa\/wp-content\/uploads\/2022\/11\/foto5-jornada-espacial-scaled.jpg 2560w\" sizes=\"auto, (max-width: 1024px) 100vw, 1024px\" \/><\/figure>\n<\/figure>\n\n\n\n<p>A Jornada Espacial levou alunos destaques na OBA do pa\u00eds inteiro a conhecerem um importante polo de tecnologia aeron\u00e1utica e aeroespacial brasileiro. Palestras, oficinas e visitas t\u00e9cnicas ocorreram em locais como <strong>Instituto Nacional de Pesquisas Espaciais (INPE), Museu Interativo de Ci\u00eancias (MIC), Instituto Tecnol\u00f3gico de Aeron\u00e1utica (ITA) e Memorial Aeroespacial Brasileiro (MAB)<\/strong>, onde os alunos foram apresentados a r\u00e9plicas aeroespaciais e imensos laborat\u00f3rios de sat\u00e9lites, puseram a m\u00e3o na massa para construir e lan\u00e7ar foguetes de garrafa PET, al\u00e9m de assistirem a palestras de importantes pesquisadores brasileiros.<\/p>\n\n\n\n<figure class=\"wp-block-image size-large\"><img loading=\"lazy\" decoding=\"async\" width=\"1024\" height=\"191\" src=\"https:\/\/webdesign.freshlab.com.br\/ccpa\/wp-content\/uploads\/2023\/01\/foto3-jornada-espacial-1024x191.png\" alt=\"\" class=\"wp-image-727\" srcset=\"https:\/\/webdesign.freshlab.com.br\/ccpa\/wp-content\/uploads\/2023\/01\/foto3-jornada-espacial-1024x191.png 1024w, https:\/\/webdesign.freshlab.com.br\/ccpa\/wp-content\/uploads\/2023\/01\/foto3-jornada-espacial-300x56.png 300w, https:\/\/webdesign.freshlab.com.br\/ccpa\/wp-content\/uploads\/2023\/01\/foto3-jornada-espacial-768x144.png 768w, https:\/\/webdesign.freshlab.com.br\/ccpa\/wp-content\/uploads\/2023\/01\/foto3-jornada-espacial-1536x287.png 1536w, https:\/\/webdesign.freshlab.com.br\/ccpa\/wp-content\/uploads\/2023\/01\/foto3-jornada-espacial.png 1872w\" sizes=\"auto, (max-width: 1024px) 100vw, 1024px\" \/><\/figure>\n\n\n\n<p>Guilherme e Vin\u00edcius ainda tiveram a oportunidade de conhecer <strong>Miguel Henrique, ex-aluno do CCPA<\/strong> que hoje cursa Engenharia Aeroespacial no ITA. Quando Miguel ficou sabendo que o CCPA estaria presente no ITA logo se ofereceu para um passeio guiado pelo campus.<\/p>\n\n\n\n<figure class=\"wp-block-image size-large\"><img loading=\"lazy\" decoding=\"async\" width=\"1024\" height=\"461\" src=\"https:\/\/webdesign.freshlab.com.br\/ccpa\/wp-content\/uploads\/2023\/01\/foto4-jornada-espacial-1024x461.jpg\" alt=\"\" class=\"wp-image-728\" srcset=\"https:\/\/webdesign.freshlab.com.br\/ccpa\/wp-content\/uploads\/2023\/01\/foto4-jornada-espacial-1024x461.jpg 1024w, https:\/\/webdesign.freshlab.com.br\/ccpa\/wp-content\/uploads\/2023\/01\/foto4-jornada-espacial-300x135.jpg 300w, https:\/\/webdesign.freshlab.com.br\/ccpa\/wp-content\/uploads\/2023\/01\/foto4-jornada-espacial-768x346.jpg 768w, https:\/\/webdesign.freshlab.com.br\/ccpa\/wp-content\/uploads\/2023\/01\/foto4-jornada-espacial-1536x692.jpg 1536w, https:\/\/webdesign.freshlab.com.br\/ccpa\/wp-content\/uploads\/2023\/01\/foto4-jornada-espacial-2048x922.jpg 2048w, https:\/\/webdesign.freshlab.com.br\/ccpa\/wp-content\/uploads\/2023\/01\/foto4-jornada-espacial-scaled.jpg 2560w\" sizes=\"auto, (max-width: 1024px) 100vw, 1024px\" \/><figcaption class=\"wp-element-caption\">Conquistas como essas s\u00e3o evid\u00eancias de que as <strong>Olimp\u00edadas do Conhecimento<\/strong> s\u00e3o capazes de destravar grandes oportunidades e proporcionar experi\u00eancias e interc\u00e2mbios por meio de eventos como as Jornadas Cient\u00edficas. Que as conquistas dos alunos e alunas do CCPA estimulem a maior participa\u00e7\u00e3o da comunidade escolar, fomentando a <strong>Cultura Ol\u00edmpica<\/strong> no col\u00e9gio e, consequentemente, a conquista de novos horizontes e possibilidades para um n\u00famero cada vez maior de jovens.<\/figcaption><\/figure>\n","protected":false},"excerpt":{"rendered":"<p>No \u00faltimo domingo (13), os irm\u00e3os Guilherme e Vin\u00edcius Am\u00e2ncio (2\u00baB) decolaram em um voo com destino a S\u00e3o Jos\u00e9 dos Campos para participar da XVIII Jornada Espacial. A vaga para participar deste evento foi conquistada por meio dos excelentes desempenhos que obtiveram na prova da Olimp\u00edada Brasileira de Astronomia e Astron\u00e1utica (OBA). Katarina Viana [&hellip;]<\/p>\n","protected":false},"author":2,"featured_media":726,"comment_status":"closed","ping_status":"open","sticky":false,"template":"","format":"standard","meta":{"inline_featured_image":false,"footnotes":""},"categories":[10,8],"tags":[21,20],"class_list":["post-403","post","type-post","status-publish","format-standard","has-post-thumbnail","hentry","category-ensino-medio","category-eventos","tag-jornada-espacial","tag-nasa"],"acf":[],"yoast_head":"<!-- This site is optimized with the Yoast SEO plugin v27.3 - https:\/\/yoast.com\/product\/yoast-seo-wordpress\/ -->\n<title>Alunos do CCPA participam da XVIII Jornada Espacial. - Col\u00e9gio CCPA<\/title>\n<meta name=\"robots\" content=\"index, follow, max-snippet:-1, max-image-preview:large, max-video-preview:-1\" \/>\n<link rel=\"canonical\" href=\"https:\/\/webdesign.freshlab.com.br\/ccpa\/jornadaespacial\/\" \/>\n<meta property=\"og:locale\" content=\"pt_BR\" \/>\n<meta property=\"og:type\" content=\"article\" \/>\n<meta property=\"og:title\" content=\"Alunos do CCPA participam da XVIII Jornada Espacial. - Col\u00e9gio CCPA\" \/>\n<meta property=\"og:description\" content=\"No \u00faltimo domingo (13), os irm\u00e3os Guilherme e Vin\u00edcius Am\u00e2ncio (2\u00baB) decolaram em um voo com destino a S\u00e3o Jos\u00e9 dos Campos para participar da XVIII Jornada Espacial. A vaga para participar deste evento foi conquistada por meio dos excelentes desempenhos que obtiveram na prova da Olimp\u00edada Brasileira de Astronomia e Astron\u00e1utica (OBA). Katarina Viana [&hellip;]\" \/>\n<meta property=\"og:url\" content=\"https:\/\/webdesign.freshlab.com.br\/ccpa\/jornadaespacial\/\" \/>\n<meta property=\"og:site_name\" content=\"Col\u00e9gio CCPA\" \/>\n<meta property=\"article:publisher\" content=\"https:\/\/www.facebook.com\/colegioccpa\" \/>\n<meta property=\"article:published_time\" content=\"2022-11-24T16:28:35+00:00\" \/>\n<meta property=\"article:modified_time\" content=\"2023-01-24T11:20:15+00:00\" \/>\n<meta property=\"og:image\" content=\"https:\/\/webdesign.freshlab.com.br\/ccpa\/wp-content\/uploads\/2022\/11\/foto5-jornada-espacial-scaled.jpg\" \/>\n\t<meta property=\"og:image:width\" content=\"2560\" \/>\n\t<meta property=\"og:image:height\" content=\"1153\" \/>\n\t<meta property=\"og:image:type\" content=\"image\/jpeg\" \/>\n<meta name=\"author\" content=\"CCPA\" \/>\n<meta name=\"twitter:card\" content=\"summary_large_image\" \/>\n<meta name=\"twitter:creator\" content=\"@colegio_ccpa\" \/>\n<meta name=\"twitter:site\" content=\"@colegio_ccpa\" \/>\n<meta name=\"twitter:label1\" content=\"Written by\" \/>\n\t<meta name=\"twitter:data1\" content=\"CCPA\" \/>\n\t<meta name=\"twitter:label2\" content=\"Est. reading time\" \/>\n\t<meta name=\"twitter:data2\" content=\"2 minutos\" \/>\n<script type=\"application\/ld+json\" class=\"yoast-schema-graph\">{\"@context\":\"https:\\\/\\\/schema.org\",\"@graph\":[{\"@type\":\"Article\",\"@id\":\"https:\\\/\\\/webdesign.freshlab.com.br\\\/ccpa\\\/jornadaespacial\\\/#article\",\"isPartOf\":{\"@id\":\"https:\\\/\\\/webdesign.freshlab.com.br\\\/ccpa\\\/jornadaespacial\\\/\"},\"author\":{\"name\":\"CCPA\",\"@id\":\"https:\\\/\\\/webdesign.freshlab.com.br\\\/ccpa\\\/#\\\/schema\\\/person\\\/db9da95383a87dd69dbcbc5948003d13\"},\"headline\":\"Alunos do CCPA participam da XVIII Jornada Espacial.\",\"datePublished\":\"2022-11-24T16:28:35+00:00\",\"dateModified\":\"2023-01-24T11:20:15+00:00\",\"mainEntityOfPage\":{\"@id\":\"https:\\\/\\\/webdesign.freshlab.com.br\\\/ccpa\\\/jornadaespacial\\\/\"},\"wordCount\":319,\"publisher\":{\"@id\":\"https:\\\/\\\/webdesign.freshlab.com.br\\\/ccpa\\\/#organization\"},\"image\":{\"@id\":\"https:\\\/\\\/webdesign.freshlab.com.br\\\/ccpa\\\/jornadaespacial\\\/#primaryimage\"},\"thumbnailUrl\":\"https:\\\/\\\/webdesign.freshlab.com.br\\\/ccpa\\\/wp-content\\\/uploads\\\/2022\\\/11\\\/foto5-jornada-espacial-scaled.jpg\",\"keywords\":[\"jornada espacial\",\"nasa\"],\"articleSection\":[\"Ensino M\u00e9dio\",\"Eventos\"],\"inLanguage\":\"pt-BR\"},{\"@type\":\"WebPage\",\"@id\":\"https:\\\/\\\/webdesign.freshlab.com.br\\\/ccpa\\\/jornadaespacial\\\/\",\"url\":\"https:\\\/\\\/webdesign.freshlab.com.br\\\/ccpa\\\/jornadaespacial\\\/\",\"name\":\"Alunos do CCPA participam da XVIII Jornada Espacial. - Col\u00e9gio CCPA\",\"isPartOf\":{\"@id\":\"https:\\\/\\\/webdesign.freshlab.com.br\\\/ccpa\\\/#website\"},\"primaryImageOfPage\":{\"@id\":\"https:\\\/\\\/webdesign.freshlab.com.br\\\/ccpa\\\/jornadaespacial\\\/#primaryimage\"},\"image\":{\"@id\":\"https:\\\/\\\/webdesign.freshlab.com.br\\\/ccpa\\\/jornadaespacial\\\/#primaryimage\"},\"thumbnailUrl\":\"https:\\\/\\\/webdesign.freshlab.com.br\\\/ccpa\\\/wp-content\\\/uploads\\\/2022\\\/11\\\/foto5-jornada-espacial-scaled.jpg\",\"datePublished\":\"2022-11-24T16:28:35+00:00\",\"dateModified\":\"2023-01-24T11:20:15+00:00\",\"breadcrumb\":{\"@id\":\"https:\\\/\\\/webdesign.freshlab.com.br\\\/ccpa\\\/jornadaespacial\\\/#breadcrumb\"},\"inLanguage\":\"pt-BR\",\"potentialAction\":[{\"@type\":\"ReadAction\",\"target\":[\"https:\\\/\\\/webdesign.freshlab.com.br\\\/ccpa\\\/jornadaespacial\\\/\"]}]},{\"@type\":\"ImageObject\",\"inLanguage\":\"pt-BR\",\"@id\":\"https:\\\/\\\/webdesign.freshlab.com.br\\\/ccpa\\\/jornadaespacial\\\/#primaryimage\",\"url\":\"https:\\\/\\\/webdesign.freshlab.com.br\\\/ccpa\\\/wp-content\\\/uploads\\\/2022\\\/11\\\/foto5-jornada-espacial-scaled.jpg\",\"contentUrl\":\"https:\\\/\\\/webdesign.freshlab.com.br\\\/ccpa\\\/wp-content\\\/uploads\\\/2022\\\/11\\\/foto5-jornada-espacial-scaled.jpg\",\"width\":2560,\"height\":1153},{\"@type\":\"BreadcrumbList\",\"@id\":\"https:\\\/\\\/webdesign.freshlab.com.br\\\/ccpa\\\/jornadaespacial\\\/#breadcrumb\",\"itemListElement\":[{\"@type\":\"ListItem\",\"position\":1,\"name\":\"In\u00edcio\",\"item\":\"https:\\\/\\\/webdesign.freshlab.com.br\\\/ccpa\\\/\"},{\"@type\":\"ListItem\",\"position\":2,\"name\":\"Alunos do CCPA participam da XVIII Jornada Espacial.\"}]},{\"@type\":\"WebSite\",\"@id\":\"https:\\\/\\\/webdesign.freshlab.com.br\\\/ccpa\\\/#website\",\"url\":\"https:\\\/\\\/webdesign.freshlab.com.br\\\/ccpa\\\/\",\"name\":\"Col\u00e9gio CCPA\",\"description\":\"\",\"publisher\":{\"@id\":\"https:\\\/\\\/webdesign.freshlab.com.br\\\/ccpa\\\/#organization\"},\"potentialAction\":[{\"@type\":\"SearchAction\",\"target\":{\"@type\":\"EntryPoint\",\"urlTemplate\":\"https:\\\/\\\/webdesign.freshlab.com.br\\\/ccpa\\\/?s={search_term_string}\"},\"query-input\":{\"@type\":\"PropertyValueSpecification\",\"valueRequired\":true,\"valueName\":\"search_term_string\"}}],\"inLanguage\":\"pt-BR\"},{\"@type\":\"Organization\",\"@id\":\"https:\\\/\\\/webdesign.freshlab.com.br\\\/ccpa\\\/#organization\",\"name\":\"Col\u00e9gio CCPA\",\"url\":\"https:\\\/\\\/webdesign.freshlab.com.br\\\/ccpa\\\/\",\"logo\":{\"@type\":\"ImageObject\",\"inLanguage\":\"pt-BR\",\"@id\":\"https:\\\/\\\/webdesign.freshlab.com.br\\\/ccpa\\\/#\\\/schema\\\/logo\\\/image\\\/\",\"url\":\"https:\\\/\\\/webdesign.freshlab.com.br\\\/ccpa\\\/wp-content\\\/uploads\\\/2022\\\/11\\\/logo.svg\",\"contentUrl\":\"https:\\\/\\\/webdesign.freshlab.com.br\\\/ccpa\\\/wp-content\\\/uploads\\\/2022\\\/11\\\/logo.svg\",\"width\":147,\"height\":38,\"caption\":\"Col\u00e9gio CCPA\"},\"image\":{\"@id\":\"https:\\\/\\\/webdesign.freshlab.com.br\\\/ccpa\\\/#\\\/schema\\\/logo\\\/image\\\/\"},\"sameAs\":[\"https:\\\/\\\/www.facebook.com\\\/colegioccpa\",\"https:\\\/\\\/x.com\\\/colegio_ccpa\",\"https:\\\/\\\/www.tiktok.com\\\/@colegioccpa\",\"https:\\\/\\\/www.instagram.com\\\/colegio_ccpa\\\/\",\"https:\\\/\\\/www.linkedin.com\\\/company\\\/colgio-ccpa\",\"https:\\\/\\\/www.youtube.com\\\/user\\\/colegioccpa\"]},{\"@type\":\"Person\",\"@id\":\"https:\\\/\\\/webdesign.freshlab.com.br\\\/ccpa\\\/#\\\/schema\\\/person\\\/db9da95383a87dd69dbcbc5948003d13\",\"name\":\"CCPA\",\"url\":\"https:\\\/\\\/webdesign.freshlab.com.br\\\/ccpa\\\/author\\\/ccpa\\\/\"}]}<\/script>\n<!-- \/ Yoast SEO plugin. -->","yoast_head_json":{"title":"Alunos do CCPA participam da XVIII Jornada Espacial. - Col\u00e9gio CCPA","robots":{"index":"index","follow":"follow","max-snippet":"max-snippet:-1","max-image-preview":"max-image-preview:large","max-video-preview":"max-video-preview:-1"},"canonical":"https:\/\/webdesign.freshlab.com.br\/ccpa\/jornadaespacial\/","og_locale":"pt_BR","og_type":"article","og_title":"Alunos do CCPA participam da XVIII Jornada Espacial. - Col\u00e9gio CCPA","og_description":"No \u00faltimo domingo (13), os irm\u00e3os Guilherme e Vin\u00edcius Am\u00e2ncio (2\u00baB) decolaram em um voo com destino a S\u00e3o Jos\u00e9 dos Campos para participar da XVIII Jornada Espacial. A vaga para participar deste evento foi conquistada por meio dos excelentes desempenhos que obtiveram na prova da Olimp\u00edada Brasileira de Astronomia e Astron\u00e1utica (OBA). Katarina Viana [&hellip;]","og_url":"https:\/\/webdesign.freshlab.com.br\/ccpa\/jornadaespacial\/","og_site_name":"Col\u00e9gio CCPA","article_publisher":"https:\/\/www.facebook.com\/colegioccpa","article_published_time":"2022-11-24T16:28:35+00:00","article_modified_time":"2023-01-24T11:20:15+00:00","og_image":[{"width":2560,"height":1153,"url":"https:\/\/webdesign.freshlab.com.br\/ccpa\/wp-content\/uploads\/2022\/11\/foto5-jornada-espacial-scaled.jpg","type":"image\/jpeg"}],"author":"CCPA","twitter_card":"summary_large_image","twitter_creator":"@colegio_ccpa","twitter_site":"@colegio_ccpa","twitter_misc":{"Written by":"CCPA","Est. reading time":"2 minutos"},"schema":{"@context":"https:\/\/schema.org","@graph":[{"@type":"Article","@id":"https:\/\/webdesign.freshlab.com.br\/ccpa\/jornadaespacial\/#article","isPartOf":{"@id":"https:\/\/webdesign.freshlab.com.br\/ccpa\/jornadaespacial\/"},"author":{"name":"CCPA","@id":"https:\/\/webdesign.freshlab.com.br\/ccpa\/#\/schema\/person\/db9da95383a87dd69dbcbc5948003d13"},"headline":"Alunos do CCPA participam da XVIII Jornada Espacial.","datePublished":"2022-11-24T16:28:35+00:00","dateModified":"2023-01-24T11:20:15+00:00","mainEntityOfPage":{"@id":"https:\/\/webdesign.freshlab.com.br\/ccpa\/jornadaespacial\/"},"wordCount":319,"publisher":{"@id":"https:\/\/webdesign.freshlab.com.br\/ccpa\/#organization"},"image":{"@id":"https:\/\/webdesign.freshlab.com.br\/ccpa\/jornadaespacial\/#primaryimage"},"thumbnailUrl":"https:\/\/webdesign.freshlab.com.br\/ccpa\/wp-content\/uploads\/2022\/11\/foto5-jornada-espacial-scaled.jpg","keywords":["jornada espacial","nasa"],"articleSection":["Ensino M\u00e9dio","Eventos"],"inLanguage":"pt-BR"},{"@type":"WebPage","@id":"https:\/\/webdesign.freshlab.com.br\/ccpa\/jornadaespacial\/","url":"https:\/\/webdesign.freshlab.com.br\/ccpa\/jornadaespacial\/","name":"Alunos do CCPA participam da XVIII Jornada Espacial. - Col\u00e9gio CCPA","isPartOf":{"@id":"https:\/\/webdesign.freshlab.com.br\/ccpa\/#website"},"primaryImageOfPage":{"@id":"https:\/\/webdesign.freshlab.com.br\/ccpa\/jornadaespacial\/#primaryimage"},"image":{"@id":"https:\/\/webdesign.freshlab.com.br\/ccpa\/jornadaespacial\/#primaryimage"},"thumbnailUrl":"https:\/\/webdesign.freshlab.com.br\/ccpa\/wp-content\/uploads\/2022\/11\/foto5-jornada-espacial-scaled.jpg","datePublished":"2022-11-24T16:28:35+00:00","dateModified":"2023-01-24T11:20:15+00:00","breadcrumb":{"@id":"https:\/\/webdesign.freshlab.com.br\/ccpa\/jornadaespacial\/#breadcrumb"},"inLanguage":"pt-BR","potentialAction":[{"@type":"ReadAction","target":["https:\/\/webdesign.freshlab.com.br\/ccpa\/jornadaespacial\/"]}]},{"@type":"ImageObject","inLanguage":"pt-BR","@id":"https:\/\/webdesign.freshlab.com.br\/ccpa\/jornadaespacial\/#primaryimage","url":"https:\/\/webdesign.freshlab.com.br\/ccpa\/wp-content\/uploads\/2022\/11\/foto5-jornada-espacial-scaled.jpg","contentUrl":"https:\/\/webdesign.freshlab.com.br\/ccpa\/wp-content\/uploads\/2022\/11\/foto5-jornada-espacial-scaled.jpg","width":2560,"height":1153},{"@type":"BreadcrumbList","@id":"https:\/\/webdesign.freshlab.com.br\/ccpa\/jornadaespacial\/#breadcrumb","itemListElement":[{"@type":"ListItem","position":1,"name":"In\u00edcio","item":"https:\/\/webdesign.freshlab.com.br\/ccpa\/"},{"@type":"ListItem","position":2,"name":"Alunos do CCPA participam da XVIII Jornada Espacial."}]},{"@type":"WebSite","@id":"https:\/\/webdesign.freshlab.com.br\/ccpa\/#website","url":"https:\/\/webdesign.freshlab.com.br\/ccpa\/","name":"Col\u00e9gio CCPA","description":"","publisher":{"@id":"https:\/\/webdesign.freshlab.com.br\/ccpa\/#organization"},"potentialAction":[{"@type":"SearchAction","target":{"@type":"EntryPoint","urlTemplate":"https:\/\/webdesign.freshlab.com.br\/ccpa\/?s={search_term_string}"},"query-input":{"@type":"PropertyValueSpecification","valueRequired":true,"valueName":"search_term_string"}}],"inLanguage":"pt-BR"},{"@type":"Organization","@id":"https:\/\/webdesign.freshlab.com.br\/ccpa\/#organization","name":"Col\u00e9gio CCPA","url":"https:\/\/webdesign.freshlab.com.br\/ccpa\/","logo":{"@type":"ImageObject","inLanguage":"pt-BR","@id":"https:\/\/webdesign.freshlab.com.br\/ccpa\/#\/schema\/logo\/image\/","url":"https:\/\/webdesign.freshlab.com.br\/ccpa\/wp-content\/uploads\/2022\/11\/logo.svg","contentUrl":"https:\/\/webdesign.freshlab.com.br\/ccpa\/wp-content\/uploads\/2022\/11\/logo.svg","width":147,"height":38,"caption":"Col\u00e9gio CCPA"},"image":{"@id":"https:\/\/webdesign.freshlab.com.br\/ccpa\/#\/schema\/logo\/image\/"},"sameAs":["https:\/\/www.facebook.com\/colegioccpa","https:\/\/x.com\/colegio_ccpa","https:\/\/www.tiktok.com\/@colegioccpa","https:\/\/www.instagram.com\/colegio_ccpa\/","https:\/\/www.linkedin.com\/company\/colgio-ccpa","https:\/\/www.youtube.com\/user\/colegioccpa"]},{"@type":"Person","@id":"https:\/\/webdesign.freshlab.com.br\/ccpa\/#\/schema\/person\/db9da95383a87dd69dbcbc5948003d13","name":"CCPA","url":"https:\/\/webdesign.freshlab.com.br\/ccpa\/author\/ccpa\/"}]}},"_links":{"self":[{"href":"https:\/\/webdesign.freshlab.com.br\/ccpa\/wp-json\/wp\/v2\/posts\/403","targetHints":{"allow":["GET"]}}],"collection":[{"href":"https:\/\/webdesign.freshlab.com.br\/ccpa\/wp-json\/wp\/v2\/posts"}],"about":[{"href":"https:\/\/webdesign.freshlab.com.br\/ccpa\/wp-json\/wp\/v2\/types\/post"}],"author":[{"embeddable":true,"href":"https:\/\/webdesign.freshlab.com.br\/ccpa\/wp-json\/wp\/v2\/users\/2"}],"replies":[{"embeddable":true,"href":"https:\/\/webdesign.freshlab.com.br\/ccpa\/wp-json\/wp\/v2\/comments?post=403"}],"version-history":[{"count":2,"href":"https:\/\/webdesign.freshlab.com.br\/ccpa\/wp-json\/wp\/v2\/posts\/403\/revisions"}],"predecessor-version":[{"id":730,"href":"https:\/\/webdesign.freshlab.com.br\/ccpa\/wp-json\/wp\/v2\/posts\/403\/revisions\/730"}],"wp:featuredmedia":[{"embeddable":true,"href":"https:\/\/webdesign.freshlab.com.br\/ccpa\/wp-json\/wp\/v2\/media\/726"}],"wp:attachment":[{"href":"https:\/\/webdesign.freshlab.com.br\/ccpa\/wp-json\/wp\/v2\/media?parent=403"}],"wp:term":[{"taxonomy":"category","embeddable":true,"href":"https:\/\/webdesign.freshlab.com.br\/ccpa\/wp-json\/wp\/v2\/categories?post=403"},{"taxonomy":"post_tag","embeddable":true,"href":"https:\/\/webdesign.freshlab.com.br\/ccpa\/wp-json\/wp\/v2\/tags?post=403"}],"curies":[{"name":"wp","href":"https:\/\/api.w.org\/{rel}","templated":true}]}}